{"id":31506,"date":"2023-04-07T07:13:57","date_gmt":"2023-04-07T10:13:57","guid":{"rendered":"https:\/\/www.ilheusnoticias.net.br\/v1\/?p=31506"},"modified":"2023-04-07T07:13:57","modified_gmt":"2023-04-07T10:13:57","slug":"policia-faz-buscas-com-caes-farejadores-na-casa-do-vereador-investigado-por-desaparecimento-de-jovem-gravida-na-bahia","status":"publish","type":"post","link":"https:\/\/www.ilheusnoticias.net.br\/v1\/2023\/04\/07\/policia-faz-buscas-com-caes-farejadores-na-casa-do-vereador-investigado-por-desaparecimento-de-jovem-gravida-na-bahia\/","title":{"rendered":"Pol\u00edcia faz buscas com c\u00e3es farejadores na casa do vereador investigado por desaparecimento de jovem gr\u00e1vida na Bahia"},"content":{"rendered":"<div class=\"row content-head non-featured \">\n<div class=\"title\" data-block-type=\"title\" data-block-id=\"0\"><\/div>\n<\/div>\n<div class=\"content__signa-share\">\n<div class=\"content__signature\">\n<div class=\"content-publication-data\">\n<div class=\"content-publication-data__text\">\n<p class=\"content-publication-data__updated\"><img class=\"content-video__placeholder__thumb\" title=\"Jovem est\u00e1 desaparecida h\u00e1 quase tr\u00eas em Barra da Estiva, no sudoeste da Bahia\" src=\"https:\/\/s02.video.glbimg.com\/x240\/11514945.jpg\" alt=\"Jovem est\u00e1 desaparecida h\u00e1 quase tr\u00eas em Barra da Estiva, no sudoeste da Bahia\" \/><\/p>\n<\/div>\n<\/div>\n<\/div>\n<\/div>\n<div class=\"mc-article-body\">\n<article>\n<div id=\"chunk-59ksv\">\n<div class=\"bs-video-block mc-column  content-media content-video\" data-block-type=\"backstage-video\" data-block-id=\"1\">\n<div class=\"content-media__container\">\n<div class=\"content-video__bigger-player-description-fixer\">\n<article class=\"content-video\">\n<section class=\"content-video__video-container\">\n<div class=\"content-video__video\">\n<div id=\"wp3-player-2\" class=\"clappr-player\" tabindex=\"9999\" data-player=\"\">\n<div class=\"dfp-ad-overlay dfp-ad-overlay--poster-mode\">\n<div><\/div>\n<\/div>\n<\/div>\n<\/div>\n<\/section>\n<\/article>\n<\/div>\n<p class=\"content-media__description\">Jovem est\u00e1 desaparecida h\u00e1 quase tr\u00eas em Barra da Estiva, no sudoeste da Bahia<\/p>\n<\/div>\n<\/div>\n<\/div>\n<div id=\"chunk-bv1ut\">\n<div class=\"mc-column content-text active-extra-styles \" data-block-type=\"unstyled\" data-block-weight=\"50\" data-block-id=\"3\">\n<p class=\"content-text__container \" data-track-category=\"Link no Texto\" data-track-links=\"\">Policiais civis fizeram buscas, com uso de c\u00e3es farejadores, na casa do vereador Valdinei Caires, investigado pelo sumi\u00e7o de Beatriz Pires, de 25 anos, desaparecida desde 11 de janeiro deste ano. A a\u00e7\u00e3o foi feita nesta quinta-feira (6), na cidade de\u00a0<a class=\"\" href=\"https:\/\/g1.globo.com\/ba\/bahia\/cidade\/barra-da-estiva\/\">Barra da Estiva<\/a>, mas a jovem n\u00e3o foi encontrada.<\/p>\n<\/div>\n<\/div>\n<div class=\"wall protected-content\">\n<div class=\"mc-column content-text active-extra-styles\" data-block-type=\"raw\" data-block-weight=\"12\" data-block-id=\"4\">\n<p>&nbsp;<\/p>\n<\/div>\n<div id=\"chunk-g4mg\">\n<div class=\"mc-column content-text active-extra-styles \" data-block-type=\"unstyled\" data-block-weight=\"28\" data-block-id=\"5\">\n<p class=\"content-text__container \" data-track-category=\"Link no Texto\" data-track-links=\"\">Questionada pela TV Sudoeste, afiliada da TV Bahia, a Pol\u00edcia Civil afirmou que n\u00e3o poderia divulgar mais detalhes sobre a a\u00e7\u00e3o desta quinta, para n\u00e3o atrapalhar as investiga\u00e7\u00f5es.<\/p>\n<\/div>\n<\/div>\n<div id=\"chunk-e5v99\">\n<div class=\"row medium-uncollapsed content-media content-photo\" data-block-type=\"backstage-photo\" data-block-id=\"6\">\n<div class=\"mc-column content-media__container\">\n<div class=\"content-media-container glb-skeleton-box\">\n<figure class=\"content-media-figure\"><img class=\"i-amphtml-fill-content i-amphtml-replaced-content\" src=\"https:\/\/s2.glbimg.com\/WdsTokHHeomDT0WMokij21iVTGI=\/0x0:1030x600\/984x0\/smart\/filters:strip_icc()\/i.s3.glbimg.com\/v1\/AUTH_59edd422c0c84a879bd37670ae4f538a\/internal_photos\/bs\/2023\/y\/r\/rUBUUgTXmWEhpfqBdZSg\/1680824260438363.jpg\" sizes=\"(max-width: 1242px) 648px, 100vw\" srcset=\"https:\/\/s2.glbimg.com\/kr2spGCRP-bg1ZJTpqByPEPTx7k=\/0x0:1030x600\/1000x0\/smart\/filters:strip_icc()\/i.s3.glbimg.com\/v1\/AUTH_59edd422c0c84a879bd37670ae4f538a\/internal_photos\/bs\/2023\/y\/r\/rUBUUgTXmWEhpfqBdZSg\/1680824260438363.jpg 1000w, https:\/\/s2.glbimg.com\/WdsTokHHeomDT0WMokij21iVTGI=\/0x0:1030x600\/984x0\/smart\/filters:strip_icc()\/i.s3.glbimg.com\/v1\/AUTH_59edd422c0c84a879bd37670ae4f538a\/internal_photos\/bs\/2023\/y\/r\/rUBUUgTXmWEhpfqBdZSg\/1680824260438363.jpg 984w, https:\/\/s2.glbimg.com\/LEoSKNJb7iWtsCl1z-MTwa-OSls=\/0x0:1030x600\/640x0\/smart\/filters:strip_icc()\/i.s3.glbimg.com\/v1\/AUTH_59edd422c0c84a879bd37670ae4f538a\/internal_photos\/bs\/2023\/y\/r\/rUBUUgTXmWEhpfqBdZSg\/1680824260438363.jpg 640w, https:\/\/s2.glbimg.com\/68gefIqX5eIjzvY8qkfKt1iAuG4=\/0x0:1030x600\/600x0\/smart\/filters:strip_icc()\/i.s3.glbimg.com\/v1\/AUTH_59edd422c0c84a879bd37670ae4f538a\/internal_photos\/bs\/2023\/y\/r\/rUBUUgTXmWEhpfqBdZSg\/1680824260438363.jpg 600w\" alt=\"Pol\u00edcia fazem buscas com c\u00e3es farejadores em casa de vereador investigado por desaparecimento de jovem gr\u00e1vida na Bahia \u2014 Foto: Arte g1\" \/><\/figure>\n<\/div>\n<p class=\"content-media__description \">Pol\u00edcia fazem buscas com c\u00e3es farejadores em casa de vereador investigado por desaparecimento de jovem gr\u00e1vida na Bahia \u2014 Foto: Arte g1<\/p>\n<\/div>\n<\/div>\n<\/div>\n<\/div>\n<\/article>\n<\/div>\n","protected":false},"excerpt":{"rendered":"<p>Jovem est\u00e1 desaparecida h\u00e1 quase tr\u00eas em Barra da Estiva, no sudoeste da Bahia Policiais civis fizeram buscas, com uso de c\u00e3es farejadores, na casa do vereador Valdinei Caires, investigado pelo sumi\u00e7o de Beatriz Pires, de 25 anos, desaparecida desde 11 de janeiro deste ano. A a\u00e7\u00e3o foi feita nesta quinta-feira (6), na cidade de\u00a0Barra [&hellip;]<\/p>\n","protected":false},"author":2,"featured_media":0,"comment_status":"open","ping_status":"open","sticky":false,"template":"","format":"standard","meta":{"_links_to":"","_links_to_target":""},"categories":[7,9,8,1],"tags":[],"_links":{"self":[{"href":"https:\/\/www.ilheusnoticias.net.br\/v1\/wp-json\/wp\/v2\/posts\/31506"}],"collection":[{"href":"https:\/\/www.ilheusnoticias.net.br\/v1\/wp-json\/wp\/v2\/posts"}],"about":[{"href":"https:\/\/www.ilheusnoticias.net.br\/v1\/wp-json\/wp\/v2\/types\/post"}],"author":[{"embeddable":true,"href":"https:\/\/www.ilheusnoticias.net.br\/v1\/wp-json\/wp\/v2\/users\/2"}],"replies":[{"embeddable":true,"href":"https:\/\/www.ilheusnoticias.net.br\/v1\/wp-json\/wp\/v2\/comments?post=31506"}],"version-history":[{"count":1,"href":"https:\/\/www.ilheusnoticias.net.br\/v1\/wp-json\/wp\/v2\/posts\/31506\/revisions"}],"predecessor-version":[{"id":31507,"href":"https:\/\/www.ilheusnoticias.net.br\/v1\/wp-json\/wp\/v2\/posts\/31506\/revisions\/31507"}],"wp:attachment":[{"href":"https:\/\/www.ilheusnoticias.net.br\/v1\/wp-json\/wp\/v2\/media?parent=31506"}],"wp:term":[{"taxonomy":"category","embeddable":true,"href":"https:\/\/www.ilheusnoticias.net.br\/v1\/wp-json\/wp\/v2\/categories?post=31506"},{"taxonomy":"post_tag","embeddable":true,"href":"https:\/\/www.ilheusnoticias.net.br\/v1\/wp-json\/wp\/v2\/tags?post=31506"}],"curies":[{"name":"wp","href":"https:\/\/api.w.org\/{rel}","templated":true}]}}