{"id":31504,"date":"2023-04-07T07:10:48","date_gmt":"2023-04-07T10:10:48","guid":{"rendered":"https:\/\/www.ilheusnoticias.net.br\/v1\/?p=31504"},"modified":"2023-04-07T07:10:48","modified_gmt":"2023-04-07T10:10:48","slug":"atencao-75-dos-municipios-brasileiros-registram-casos-de-dengue-em-2023","status":"publish","type":"post","link":"https:\/\/www.ilheusnoticias.net.br\/v1\/2023\/04\/07\/atencao-75-dos-municipios-brasileiros-registram-casos-de-dengue-em-2023\/","title":{"rendered":"Aten\u00e7\u00e3o: 75% dos munic\u00edpios brasileiros registram casos de dengue em 2023"},"content":{"rendered":"<div class=\"row content-head non-featured \">\n<div class=\"title\" data-block-type=\"title\" data-block-id=\"0\">\n<h1 class=\"content-head__title\"><span style=\"font-size: 16px;\">Em mar\u00e7o houve um pico de casos da doen\u00e7a, com 45.442 novos casos em apenas tr\u00eas dias. 2022 foi o ano mais mortal da doen\u00e7a, que vitimou 1.016 pessoas.<\/span><\/h1>\n<\/div>\n<\/div>\n<div class=\"mc-article-body\">\n<article>\n<div id=\"chunk-7btj1\">\n<div class=\"row medium-uncollapsed content-media content-photo\" data-block-type=\"backstage-photo\" data-block-id=\"1\">\n<div class=\"mc-column content-media__container\">\n<div class=\"content-media-container glb-skeleton-box\">\n<figure class=\"content-media-figure\"><img class=\"i-amphtml-fill-content i-amphtml-replaced-content\" src=\"https:\/\/s2.glbimg.com\/G-thNAkzQ30QWPWsr7HfF4rmmrA=\/0x0:1170x700\/984x0\/smart\/filters:strip_icc()\/i.s3.glbimg.com\/v1\/AUTH_59edd422c0c84a879bd37670ae4f538a\/internal_photos\/bs\/2022\/y\/P\/OSqg5EQzKWDbc36PjA2A\/aedes-aegypti.png\" sizes=\"(max-width: 1242px) 648px, 100vw\" srcset=\"https:\/\/s2.glbimg.com\/JDDP4sP3y3f7FbKCbCWdnY9QmmQ=\/0x0:1170x700\/1000x0\/smart\/filters:strip_icc()\/i.s3.glbimg.com\/v1\/AUTH_59edd422c0c84a879bd37670ae4f538a\/internal_photos\/bs\/2022\/y\/P\/OSqg5EQzKWDbc36PjA2A\/aedes-aegypti.png 1000w, https:\/\/s2.glbimg.com\/G-thNAkzQ30QWPWsr7HfF4rmmrA=\/0x0:1170x700\/984x0\/smart\/filters:strip_icc()\/i.s3.glbimg.com\/v1\/AUTH_59edd422c0c84a879bd37670ae4f538a\/internal_photos\/bs\/2022\/y\/P\/OSqg5EQzKWDbc36PjA2A\/aedes-aegypti.png 984w, https:\/\/s2.glbimg.com\/UiRD0kJ7xyIjxAlqMg49QWc5TEk=\/0x0:1170x700\/640x0\/smart\/filters:strip_icc()\/i.s3.glbimg.com\/v1\/AUTH_59edd422c0c84a879bd37670ae4f538a\/internal_photos\/bs\/2022\/y\/P\/OSqg5EQzKWDbc36PjA2A\/aedes-aegypti.png 640w, https:\/\/s2.glbimg.com\/EAL8K45bPJOJZkJ6sGeVvhcYftQ=\/0x0:1170x700\/600x0\/smart\/filters:strip_icc()\/i.s3.glbimg.com\/v1\/AUTH_59edd422c0c84a879bd37670ae4f538a\/internal_photos\/bs\/2022\/y\/P\/OSqg5EQzKWDbc36PjA2A\/aedes-aegypti.png 600w\" alt=\"V\u00edrus da dengue \u00e9 transmitido pela picada do mosquito Aedes aegypti infectado \u2014 Foto: Divulga\u00e7\u00e3o\/Fiocruz\" \/><\/figure>\n<\/div>\n<p class=\"content-media__description \">V\u00edrus da dengue \u00e9 transmitido pela picada do mosquito Aedes aegypti infectado \u2014 Foto: Divulga\u00e7\u00e3o\/Fiocruz<\/p>\n<\/div>\n<\/div>\n<\/div>\n<div id=\"chunk-1fv6v\">\n<div class=\"mc-column content-text active-extra-styles \" data-block-type=\"unstyled\" data-block-weight=\"29\" data-block-id=\"3\">\n<p class=\"content-text__container \" data-track-category=\"Link no Texto\" data-track-links=\"\">O Brasil registrou 173 mortes por dengue em 2023, ou seja, aproximadamente 2 mortes por dia, de acordo com o mais recente boletim epidemiol\u00f3gico emitido pelo\u00a0<a class=\"\" href=\"https:\/\/g1.globo.com\/tudo-sobre\/ministerio-da-saude\/\">Minist\u00e9rio da Sa\u00fade<\/a>.<\/p>\n<\/div>\n<\/div>\n<div class=\"wall protected-content\">\n<div id=\"chunk-e4jch\">\n<div class=\"mc-column content-text active-extra-styles \" data-block-type=\"unstyled\" data-block-weight=\"32\" data-block-id=\"4\">\n<p class=\"content-text__container \" data-track-category=\"Link no Texto\" data-track-links=\"\">Os dados atualizados na quarta-feira (5) apontam que 4.231 munic\u00edpios notificaram casos de dengue (75%), o que significa que apenas 1.339 munic\u00edpios brasileiros n\u00e3o registraram de pacientes infectados pelo\u00a0<em>Aedes aegypti<\/em>.<\/p>\n<\/div>\n<\/div>\n<div id=\"chunk-7qh2r\">\n<div class=\"mc-column content-text active-extra-styles \" data-block-type=\"unstyled\" data-block-weight=\"5\" data-block-id=\"5\">\n<p class=\"content-text__container \" data-track-category=\"Link no Texto\" data-track-links=\"\">O boletim epidemiol\u00f3gico ainda aponta:<\/p>\n<\/div>\n<\/div>\n<div class=\"mc-column content-text active-extra-styles\" data-block-type=\"raw\" data-block-weight=\"84\" data-block-id=\"6\">\n<p class=\"content-text__container\">\n<ul class=\"content-unordered-list\">\n<li>Al\u00e9m das 173 mortes por dengue j\u00e1 confirmadas no ano, outras 234 est\u00e3o em investiga\u00e7\u00e3o, segundo o boletim da 13\u00b0 semana epidemiol\u00f3gica de 2023;<\/li>\n<li>O n\u00famero corresponde a um aumento de 41% em rela\u00e7\u00e3o ao n\u00famero de casos no mesmo per\u00edodo do ano passado.<\/li>\n<li>Em mar\u00e7o houve um pico, quando os casos prov\u00e1veis saltaram de 327.938 no dia 17, para 373.380 no dia 20. Isso representou um aumento de 45.442 casos em apenas tr\u00eas dias.<\/li>\n<li>Atualmente existem 584.113 casos prov\u00e1veis da doen\u00e7a em apura\u00e7\u00e3o.<\/li>\n<\/ul>\n<p>&nbsp;<\/p>\n<\/div>\n<div id=\"chunk-bcesd\">\n<div class=\"row medium-uncollapsed content-media content-photo\" data-block-type=\"backstage-photo\" data-block-id=\"8\">\n<div class=\"mc-column content-media__container\">\n<div class=\"content-media-container glb-skeleton-box\">\n<figure class=\"content-media-figure\"><img class=\"i-amphtml-fill-content i-amphtml-replaced-content\" src=\"https:\/\/s2.glbimg.com\/otZLQsZ1lP5sFlwUT1LfHvm8ca4=\/0x0:1264x686\/984x0\/smart\/filters:strip_icc()\/i.s3.glbimg.com\/v1\/AUTH_59edd422c0c84a879bd37670ae4f538a\/internal_photos\/bs\/2023\/A\/t\/7zGsWQQ0eRQB0lvt1eFQ\/casos-de-dengue-por-semana-epidemiologica-no-brasil-entre-2022-e-2023.png\" sizes=\"(max-width: 1242px) 648px, 100vw\" srcset=\"https:\/\/s2.glbimg.com\/B2dztG5qX1Wmy9LzI9a-3lR3flo=\/0x0:1264x686\/1000x0\/smart\/filters:strip_icc()\/i.s3.glbimg.com\/v1\/AUTH_59edd422c0c84a879bd37670ae4f538a\/internal_photos\/bs\/2023\/A\/t\/7zGsWQQ0eRQB0lvt1eFQ\/casos-de-dengue-por-semana-epidemiologica-no-brasil-entre-2022-e-2023.png 1000w, https:\/\/s2.glbimg.com\/otZLQsZ1lP5sFlwUT1LfHvm8ca4=\/0x0:1264x686\/984x0\/smart\/filters:strip_icc()\/i.s3.glbimg.com\/v1\/AUTH_59edd422c0c84a879bd37670ae4f538a\/internal_photos\/bs\/2023\/A\/t\/7zGsWQQ0eRQB0lvt1eFQ\/casos-de-dengue-por-semana-epidemiologica-no-brasil-entre-2022-e-2023.png 984w, https:\/\/s2.glbimg.com\/NERYSeRhf9c82-zKykfOIFMppGY=\/0x0:1264x686\/640x0\/smart\/filters:strip_icc()\/i.s3.glbimg.com\/v1\/AUTH_59edd422c0c84a879bd37670ae4f538a\/internal_photos\/bs\/2023\/A\/t\/7zGsWQQ0eRQB0lvt1eFQ\/casos-de-dengue-por-semana-epidemiologica-no-brasil-entre-2022-e-2023.png 640w, https:\/\/s2.glbimg.com\/gVS19cjBPSuZIaerIPaLggDa_pM=\/0x0:1264x686\/600x0\/smart\/filters:strip_icc()\/i.s3.glbimg.com\/v1\/AUTH_59edd422c0c84a879bd37670ae4f538a\/internal_photos\/bs\/2023\/A\/t\/7zGsWQQ0eRQB0lvt1eFQ\/casos-de-dengue-por-semana-epidemiologica-no-brasil-entre-2022-e-2023.png 600w\" alt=\"Casos de dengue por semana epidemiol\u00f3gica no Brasil entre 2022 e 2023 \u2014 Foto: Reprodu\u00e7\u00e3o\/Minist\u00e9rio da Sa\u00fade\" \/><\/figure>\n<\/div>\n<p class=\"content-media__description \">Casos de dengue por semana epidemiol\u00f3gica no Brasil entre 2022 e 2023 \u2014 Foto: Reprodu\u00e7\u00e3o\/Minist\u00e9rio da Sa\u00fade<\/p>\n<\/div>\n<\/div>\n<\/div>\n<div id=\"chunk-3mdbi\">\n<div class=\"mc-column content-text active-extra-styles \" data-block-type=\"unstyled\" data-block-weight=\"57\" data-block-id=\"9\">\n<p class=\"content-text__container \" data-track-category=\"Link no Texto\" data-track-links=\"\">Em mar\u00e7o, a Ag\u00eancia Nacional de Vigil\u00e2ncia Sanit\u00e1ria (<a class=\"\" href=\"https:\/\/g1.globo.com\/tudo-sobre\/anvisa\/\">Anvisa<\/a>) aprovou a\u00a0<a class=\"\" href=\"https:\/\/g1.globo.com\/saude\/noticia\/2023\/03\/02\/anvisa-aprova-vacina-contra-dengue-para-faixa-etaria-de-4-a-60-anos.ghtml\">primeira vacina para pessoas que nunca entraram em contato com a doen\u00e7a, a Qdenga\u00a0<\/a>(TAK-003), do laborat\u00f3rio japon\u00eas Takeda Pharma. Ela\u00a0<a class=\"\" href=\"https:\/\/g1.globo.com\/saude\/noticia\/2023\/03\/03\/vacina-contra-dengue-deve-estar-nas-clinicas-no-2o-semestre-ultimo-obstaculo-e-inclusao-no-sus-diz-consultor-da-oms.ghtml\">deve chegar nas cl\u00ednicas particulares do pa\u00eds no segundo semestre\u00a0<\/a>deste ano, mas ainda n\u00e3o h\u00e1 previs\u00e3o de inclus\u00e3o no\u00a0<a class=\"\" href=\"https:\/\/g1.globo.com\/tudo-sobre\/sus\/\">Sistema \u00danico de Sa\u00fade<\/a>\u00a0(SUS).<\/p>\n<\/div>\n<\/div>\n<div class=\"mc-column content-text active-extra-styles\" data-block-type=\"raw\" data-block-weight=\"4\" data-block-id=\"10\">\n<p class=\"content-text__container\">\n<div class=\"content-intertitle\">\n<h2>Recorde hist\u00f3rico em 2022<\/h2>\n<\/div>\n<p>&nbsp;<\/p>\n<\/div>\n<div id=\"chunk-dgbjf\">\n<div class=\"mc-column content-text active-extra-styles \" data-block-type=\"unstyled\" data-block-weight=\"31\" data-block-id=\"11\">\n<p class=\"content-text__container \" data-track-category=\"Link no Texto\" data-track-links=\"\">O ano de\u00a0<span class=\"highlight highlighted\">2022 foi o mais mortal para a dengue no Brasil<\/span>, com um total acumulado de\u00a0<strong>1.016 mortes<\/strong>. Isso \u00e9 mais do que o registrado nos \u00faltimos seis anos.<\/p>\n<\/div>\n<\/div>\n<div id=\"chunk-3iqbk\">\n<div class=\"mc-column content-text active-extra-styles \" data-block-type=\"unstyled\" data-block-weight=\"40\" data-block-id=\"12\">\n<p class=\"content-text__container \" data-track-category=\"Link no Texto\" data-track-links=\"\">O pico dos casos aconteceu na semana epidemiol\u00f3gica 17, no in\u00edcio de maio. Em compara\u00e7\u00e3o com 2021, os aumentos das arboviroses foram de 162,5% nos casos de dengue, 78,9% nos registros de chikungunya e 42,0% nas ocorr\u00eancias de zika.<\/p>\n<\/div>\n<\/div>\n<\/div>\n<\/article>\n<\/div>\n","protected":false},"excerpt":{"rendered":"<p>Em mar\u00e7o houve um pico de casos da doen\u00e7a, com 45.442 novos casos em apenas tr\u00eas dias. 2022 foi o ano mais mortal da doen\u00e7a, que vitimou 1.016 pessoas. V\u00edrus da dengue \u00e9 transmitido pela picada do mosquito Aedes aegypti infectado \u2014 Foto: Divulga\u00e7\u00e3o\/Fiocruz O Brasil registrou 173 mortes por dengue em 2023, ou seja, [&hellip;]<\/p>\n","protected":false},"author":2,"featured_media":0,"comment_status":"open","ping_status":"open","sticky":false,"template":"","format":"standard","meta":{"_links_to":"","_links_to_target":""},"categories":[7,9,8,1],"tags":[],"_links":{"self":[{"href":"https:\/\/www.ilheusnoticias.net.br\/v1\/wp-json\/wp\/v2\/posts\/31504"}],"collection":[{"href":"https:\/\/www.ilheusnoticias.net.br\/v1\/wp-json\/wp\/v2\/posts"}],"about":[{"href":"https:\/\/www.ilheusnoticias.net.br\/v1\/wp-json\/wp\/v2\/types\/post"}],"author":[{"embeddable":true,"href":"https:\/\/www.ilheusnoticias.net.br\/v1\/wp-json\/wp\/v2\/users\/2"}],"replies":[{"embeddable":true,"href":"https:\/\/www.ilheusnoticias.net.br\/v1\/wp-json\/wp\/v2\/comments?post=31504"}],"version-history":[{"count":1,"href":"https:\/\/www.ilheusnoticias.net.br\/v1\/wp-json\/wp\/v2\/posts\/31504\/revisions"}],"predecessor-version":[{"id":31505,"href":"https:\/\/www.ilheusnoticias.net.br\/v1\/wp-json\/wp\/v2\/posts\/31504\/revisions\/31505"}],"wp:attachment":[{"href":"https:\/\/www.ilheusnoticias.net.br\/v1\/wp-json\/wp\/v2\/media?parent=31504"}],"wp:term":[{"taxonomy":"category","embeddable":true,"href":"https:\/\/www.ilheusnoticias.net.br\/v1\/wp-json\/wp\/v2\/categories?post=31504"},{"taxonomy":"post_tag","embeddable":true,"href":"https:\/\/www.ilheusnoticias.net.br\/v1\/wp-json\/wp\/v2\/tags?post=31504"}],"curies":[{"name":"wp","href":"https:\/\/api.w.org\/{rel}","templated":true}]}}