{"id":31502,"date":"2023-04-07T07:08:43","date_gmt":"2023-04-07T10:08:43","guid":{"rendered":"https:\/\/www.ilheusnoticias.net.br\/v1\/?p=31502"},"modified":"2023-04-07T07:08:43","modified_gmt":"2023-04-07T10:08:43","slug":"governo-cria-conselho-nacional-dos-direitos-lgbtqia","status":"publish","type":"post","link":"https:\/\/www.ilheusnoticias.net.br\/v1\/2023\/04\/07\/governo-cria-conselho-nacional-dos-direitos-lgbtqia\/","title":{"rendered":"Governo cria Conselho Nacional dos Direitos LGBTQIA+"},"content":{"rendered":"<div class=\"row content-head non-featured \">\n<div class=\"title\" data-block-type=\"title\" data-block-id=\"0\"><\/div>\n<\/div>\n<div class=\"mc-article-body\">\n<article>\n<div id=\"chunk-fm86o\">\n<div class=\"row medium-uncollapsed content-media content-photo\" data-block-type=\"backstage-photo\" data-block-id=\"1\">\n<div class=\"mc-column content-media__container\">\n<div class=\"content-media-container glb-skeleton-box\">\n<figure class=\"content-media-figure\"><img class=\"i-amphtml-fill-content i-amphtml-replaced-content\" src=\"https:\/\/s2.glbimg.com\/wKB9t_gwRaU-uOCPuL_uYfh87lA=\/0x0:1000x669\/984x0\/smart\/filters:strip_icc()\/i.s3.glbimg.com\/v1\/AUTH_59edd422c0c84a879bd37670ae4f538a\/internal_photos\/bs\/2021\/M\/8\/IU44LcTUOP7Delu0mRng\/pride-828056-1920.jpg\" sizes=\"(max-width: 1242px) 648px, 100vw\" srcset=\"https:\/\/s2.glbimg.com\/6NOQGAPYtZ4niztd62VcUUahomg=\/0x0:1000x669\/1000x0\/smart\/filters:strip_icc()\/i.s3.glbimg.com\/v1\/AUTH_59edd422c0c84a879bd37670ae4f538a\/internal_photos\/bs\/2021\/M\/8\/IU44LcTUOP7Delu0mRng\/pride-828056-1920.jpg 1000w, https:\/\/s2.glbimg.com\/wKB9t_gwRaU-uOCPuL_uYfh87lA=\/0x0:1000x669\/984x0\/smart\/filters:strip_icc()\/i.s3.glbimg.com\/v1\/AUTH_59edd422c0c84a879bd37670ae4f538a\/internal_photos\/bs\/2021\/M\/8\/IU44LcTUOP7Delu0mRng\/pride-828056-1920.jpg 984w, https:\/\/s2.glbimg.com\/xvuON-432Rc6Z6RpjwCPNj1Nl8s=\/0x0:1000x669\/640x0\/smart\/filters:strip_icc()\/i.s3.glbimg.com\/v1\/AUTH_59edd422c0c84a879bd37670ae4f538a\/internal_photos\/bs\/2021\/M\/8\/IU44LcTUOP7Delu0mRng\/pride-828056-1920.jpg 640w, https:\/\/s2.glbimg.com\/p-rkLA5R8FuJBJmbkP5BkBzsr-4=\/0x0:1000x669\/600x0\/smart\/filters:strip_icc()\/i.s3.glbimg.com\/v1\/AUTH_59edd422c0c84a879bd37670ae4f538a\/internal_photos\/bs\/2021\/M\/8\/IU44LcTUOP7Delu0mRng\/pride-828056-1920.jpg 600w\" alt=\"Bandeira LGBT  \u2014 Foto: Pixabay\" \/><\/figure>\n<\/div>\n<p class=\"content-media__description \">O governo federal publicou um decreto que cria o Conselho Nacional dos Direitos das Pessoas L\u00e9sbicas, Gays, Bissexuais, Travestis, Transexuais, Queers, Intersexos, Assexuais e Outras (CNLGBTQIA+). A medida foi publicada em edi\u00e7\u00e3o extra do Di\u00e1rio Oficial da Uni\u00e3o, na quinta-feira (6).<\/p>\n<\/div>\n<\/div>\n<\/div>\n<div class=\"wall protected-content\">\n<div id=\"chunk-dskit\">\n<div class=\"mc-column content-text active-extra-styles \" data-block-type=\"unstyled\" data-block-weight=\"25\" data-block-id=\"5\">\n<p class=\"content-text__container \" data-track-category=\"Link no Texto\" data-track-links=\"\">Segundo o decreto, o conselho tem como fun\u00e7\u00e3o ajudar na elabora\u00e7\u00e3o e execu\u00e7\u00e3o de a\u00e7\u00f5es e medidas governamentais para pessoas que integram a comunidade LGBTQIA+.<\/p>\n<\/div>\n<\/div>\n<div id=\"chunk-clg58\">\n<div class=\"mc-column content-text active-extra-styles \" data-block-type=\"unstyled\" data-block-weight=\"25\" data-block-id=\"6\">\n<p class=\"content-text__container \" data-track-category=\"Link no Texto\" data-track-links=\"\">O conselho ser\u00e1 formado por 19 representantes de organiza\u00e7\u00f5es da sociedade civil, al\u00e9m de 19 representantes de minist\u00e9rios do governo.\u00a0<span class=\"highlight highlighted\">A participa\u00e7\u00e3o n\u00e3o ser\u00e1 remunerada<\/span>.<\/p>\n<\/div>\n<\/div>\n<div id=\"chunk-47il7\">\n<div class=\"mc-column content-text active-extra-styles \" data-block-type=\"unstyled\" data-block-weight=\"6\" data-block-id=\"7\">\n<p class=\"content-text__container \" data-track-category=\"Link no Texto\" data-track-links=\"\">Entre as fun\u00e7\u00f5es do conselho est\u00e3o:<\/p>\n<\/div>\n<\/div>\n<div class=\"mc-column content-text active-extra-styles\" data-block-type=\"raw\" data-block-weight=\"77\" data-block-id=\"9\">\n<ul class=\"content-unordered-list\">\n<li>propor estrat\u00e9gias para a avalia\u00e7\u00e3o e o monitoramento das a\u00e7\u00f5es governamentais voltadas \u00e0s pessoas LGBTQIA+;<\/li>\n<li>promover a realiza\u00e7\u00e3o de estudos, debates e pesquisas sobre a tem\u00e1tica de direitos e inclus\u00e3o;<\/li>\n<li>apoiar campanhas destinadas \u00e0 promo\u00e7\u00e3o e \u00e0 defesa de direitos e de pol\u00edticas p\u00fablicas para as pessoas LGBTQIA+;<\/li>\n<li>acompanhar e apresentar recomenda\u00e7\u00f5es para projetos legislativos que tenham implica\u00e7\u00f5es sobre essa comunidade;<\/li>\n<li>receber e analisar representa\u00e7\u00f5es ou den\u00fancias de condutas ou situa\u00e7\u00f5es contr\u00e1rias aos direitos das pessoas LGBTQIA+.<\/li>\n<\/ul>\n<\/div>\n<div id=\"chunk-e7b9f\">\n<div class=\"mc-column content-text active-extra-styles \" data-block-type=\"unstyled\" data-block-weight=\"27\" data-block-id=\"10\">\n<p class=\"content-text__container \" data-track-category=\"Link no Texto\" data-track-links=\"\">O decreto tamb\u00e9m prev\u00ea que o \u00f3rg\u00e3o possa instituir c\u00e2meras t\u00e9cnicas e grupos de trabalho ou estudo, al\u00e9m de elabora\u00e7\u00e3o de propostas sobre temas ligados ao assunto.<\/p>\n<\/div>\n<\/div>\n<div id=\"chunk-2f3b0\">\n<div class=\"mc-column content-text active-extra-styles \" data-block-type=\"unstyled\" data-block-weight=\"32\" data-block-id=\"11\">\n<p class=\"content-text__container \" data-track-category=\"Link no Texto\" data-track-links=\"\">As despesas para manter o conselho ativo ser\u00e3o custeadas pelo Minist\u00e9rio dos Direitos Humanos e da Cidadania, de acordo com o governo. A pasta tamb\u00e9m prestar\u00e1 apoio t\u00e9cnico na execu\u00e7\u00e3o das atividades.<\/p>\n<\/div>\n<\/div>\n<\/div>\n<\/article>\n<\/div>\n","protected":false},"excerpt":{"rendered":"<p>O governo federal publicou um decreto que cria o Conselho Nacional dos Direitos das Pessoas L\u00e9sbicas, Gays, Bissexuais, Travestis, Transexuais, Queers, Intersexos, Assexuais e Outras (CNLGBTQIA+). A medida foi publicada em edi\u00e7\u00e3o extra do Di\u00e1rio Oficial da Uni\u00e3o, na quinta-feira (6). Segundo o decreto, o conselho tem como fun\u00e7\u00e3o ajudar na elabora\u00e7\u00e3o e execu\u00e7\u00e3o de [&hellip;]<\/p>\n","protected":false},"author":2,"featured_media":0,"comment_status":"open","ping_status":"open","sticky":false,"template":"","format":"standard","meta":{"_links_to":"","_links_to_target":""},"categories":[7,9,8,1],"tags":[],"_links":{"self":[{"href":"https:\/\/www.ilheusnoticias.net.br\/v1\/wp-json\/wp\/v2\/posts\/31502"}],"collection":[{"href":"https:\/\/www.ilheusnoticias.net.br\/v1\/wp-json\/wp\/v2\/posts"}],"about":[{"href":"https:\/\/www.ilheusnoticias.net.br\/v1\/wp-json\/wp\/v2\/types\/post"}],"author":[{"embeddable":true,"href":"https:\/\/www.ilheusnoticias.net.br\/v1\/wp-json\/wp\/v2\/users\/2"}],"replies":[{"embeddable":true,"href":"https:\/\/www.ilheusnoticias.net.br\/v1\/wp-json\/wp\/v2\/comments?post=31502"}],"version-history":[{"count":1,"href":"https:\/\/www.ilheusnoticias.net.br\/v1\/wp-json\/wp\/v2\/posts\/31502\/revisions"}],"predecessor-version":[{"id":31503,"href":"https:\/\/www.ilheusnoticias.net.br\/v1\/wp-json\/wp\/v2\/posts\/31502\/revisions\/31503"}],"wp:attachment":[{"href":"https:\/\/www.ilheusnoticias.net.br\/v1\/wp-json\/wp\/v2\/media?parent=31502"}],"wp:term":[{"taxonomy":"category","embeddable":true,"href":"https:\/\/www.ilheusnoticias.net.br\/v1\/wp-json\/wp\/v2\/categories?post=31502"},{"taxonomy":"post_tag","embeddable":true,"href":"https:\/\/www.ilheusnoticias.net.br\/v1\/wp-json\/wp\/v2\/tags?post=31502"}],"curies":[{"name":"wp","href":"https:\/\/api.w.org\/{rel}","templated":true}]}}