{"id":31500,"date":"2023-04-07T07:06:39","date_gmt":"2023-04-07T10:06:39","guid":{"rendered":"https:\/\/www.ilheusnoticias.net.br\/v1\/?p=31500"},"modified":"2023-04-07T07:06:39","modified_gmt":"2023-04-07T10:06:39","slug":"acabou-o-pesadelo-governo-retira-correios-e-outras-estatais-de-programas-de-privatizacao","status":"publish","type":"post","link":"https:\/\/www.ilheusnoticias.net.br\/v1\/2023\/04\/07\/acabou-o-pesadelo-governo-retira-correios-e-outras-estatais-de-programas-de-privatizacao\/","title":{"rendered":"Acabou o pesadelo: Governo retira Correios e outras estatais de programas de privatiza\u00e7\u00e3o"},"content":{"rendered":"<div class=\"row content-head non-featured \">\n<div class=\"title\" data-block-type=\"title\" data-block-id=\"0\"><\/div>\n<div class=\"medium-centered subtitle\"><\/div>\n<\/div>\n<div class=\"mc-article-body\">\n<article>\n<div id=\"chunk-6135o\">\n<div class=\"row medium-uncollapsed content-media content-photo\" data-block-type=\"backstage-photo\" data-block-id=\"1\">\n<div class=\"mc-column content-media__container\">\n<div class=\"content-media-container glb-skeleton-box\">\n<figure class=\"content-media-figure\"><img class=\"i-amphtml-fill-content i-amphtml-replaced-content\" src=\"https:\/\/s2.glbimg.com\/Ta1w4TSvBCYiZcMx-koZkYsKzRM=\/0x0:924x616\/984x0\/smart\/filters:strip_icc()\/i.s3.glbimg.com\/v1\/AUTH_59edd422c0c84a879bd37670ae4f538a\/internal_photos\/bs\/2021\/C\/J\/BclixrSpmzVWX2D3I4fw\/whatsapp-image-2021-06-25-at-14.46.44.jpeg\" sizes=\"(max-width: 1242px) 648px, 100vw\" srcset=\"https:\/\/s2.glbimg.com\/4crhA1dclsdEMxgaC1d2HRukLgM=\/0x0:924x616\/1000x0\/smart\/filters:strip_icc()\/i.s3.glbimg.com\/v1\/AUTH_59edd422c0c84a879bd37670ae4f538a\/internal_photos\/bs\/2021\/C\/J\/BclixrSpmzVWX2D3I4fw\/whatsapp-image-2021-06-25-at-14.46.44.jpeg 1000w, https:\/\/s2.glbimg.com\/Ta1w4TSvBCYiZcMx-koZkYsKzRM=\/0x0:924x616\/984x0\/smart\/filters:strip_icc()\/i.s3.glbimg.com\/v1\/AUTH_59edd422c0c84a879bd37670ae4f538a\/internal_photos\/bs\/2021\/C\/J\/BclixrSpmzVWX2D3I4fw\/whatsapp-image-2021-06-25-at-14.46.44.jpeg 984w, https:\/\/s2.glbimg.com\/1vd8zQLbJncku7Hb5yl45jEy7TA=\/0x0:924x616\/640x0\/smart\/filters:strip_icc()\/i.s3.glbimg.com\/v1\/AUTH_59edd422c0c84a879bd37670ae4f538a\/internal_photos\/bs\/2021\/C\/J\/BclixrSpmzVWX2D3I4fw\/whatsapp-image-2021-06-25-at-14.46.44.jpeg 640w, https:\/\/s2.glbimg.com\/gA7TAX699zxFYOU6H-hQVSE4oNw=\/0x0:924x616\/600x0\/smart\/filters:strip_icc()\/i.s3.glbimg.com\/v1\/AUTH_59edd422c0c84a879bd37670ae4f538a\/internal_photos\/bs\/2021\/C\/J\/BclixrSpmzVWX2D3I4fw\/whatsapp-image-2021-06-25-at-14.46.44.jpeg 600w\" alt=\"Correios estava em programa de desestatiza\u00e7\u00e3o \u2014 Foto: Ag\u00eancia Brasil\" \/><\/figure>\n<\/div>\n<p class=\"content-media__description \">Correios estava em programa de desestatiza\u00e7\u00e3o \u2014 Foto: Ag\u00eancia Brasil<\/p>\n<\/div>\n<\/div>\n<\/div>\n<div id=\"chunk-2diio\">\n<div class=\"mc-column mc-side-item__container\" data-block-type=\"ads\" data-block-id=\"2\">\n<div class=\"mc-side-item mc-side-item--right content-ads content-ads--side-ad\">\n<div id=\"banner_materia1\" class=\"tag-manager-publicidade-container tag-manager-publicidade-banner_materia1 tag-manager-publicidade-container--carregado tag-manager-publicidade-container--visivel\" data-google-query-id=\"CLWP6rzCl_4CFaemlQIdJxkBwQ\">\n<div id=\"google_ads_iframe_\/95377733\/tvg_G1\/Politica_0__container__\"><\/div>\n<\/div>\n<\/div>\n<\/div>\n<\/div>\n<div id=\"chunk-63mo3\">\n<div class=\"mc-column content-text active-extra-styles \" data-block-type=\"unstyled\" data-block-weight=\"31\" data-block-id=\"3\">\n<p class=\"content-text__container \" data-track-category=\"Link no Texto\" data-track-links=\"\">O governo retirou os\u00a0<a class=\"\" href=\"https:\/\/g1.globo.com\/tudo-sobre\/correios\/\">Correios<\/a> e outras estatais de programas voltados para a privatiza\u00e7\u00e3o, nesta quinta-feira (6). A medida foi anunciada por meio de edi\u00e7\u00e3o extra do Di\u00e1rio Oficial da Uni\u00e3o.<\/p>\n<\/div>\n<\/div>\n<div class=\"wall protected-content\">\n<div id=\"chunk-51mga\">\n<div class=\"mc-column content-text active-extra-styles \" data-block-type=\"unstyled\" data-block-weight=\"27\" data-block-id=\"5\">\n<p class=\"content-text__container \" data-track-category=\"Link no Texto\" data-track-links=\"\">No total, o governo excluiu sete empresas do Programa Nacional de Desestatiza\u00e7\u00e3o (PND) e tr\u00eas do Programa de Parcerias de Investimentos (PPI). Confira as listas a seguir:<\/p>\n<\/div>\n<\/div>\n<div id=\"chunk-5erec\">\n<div class=\"mc-column content-text active-extra-styles \" data-block-type=\"unstyled\" data-block-weight=\"1\" data-block-id=\"6\">\n<p class=\"content-text__container \" data-track-category=\"Link no Texto\" data-track-links=\"\"><strong>PND:<\/strong><\/p>\n<\/div>\n<\/div>\n<div class=\"mc-column content-text active-extra-styles\" data-block-type=\"raw\" data-block-weight=\"50\" data-block-id=\"7\">\n<ol class=\"content-ordered-list theme-ordered-list-color-primary\">\n<li>Empresa Brasileira de Correios e Tel\u00e9grafos (ECT);<\/li>\n<li>Empresa Brasil de Comunica\u00e7\u00e3o (EBC);<\/li>\n<li>Empresa de Tecnologia e Informa\u00e7\u00f5es da Previd\u00eancia (Dataprev);<\/li>\n<li>Nuclebr\u00e1s Equipamentos Pesados S.A. (Nuclep);<\/li>\n<li>Servi\u00e7o Federal de Processamento de Dados (Serpro);<\/li>\n<li>Ag\u00eancia Brasileira Gestora de Fundos Garantidores e Garantias S.A. (ABGF);<\/li>\n<li>Centro Nacional de Tecnologia Eletr\u00f4nica Avan\u00e7ada S.A. (Ceitec).<\/li>\n<\/ol>\n<\/div>\n<div id=\"chunk-4a0nj\">\n<div class=\"mc-column content-text active-extra-styles \" data-block-type=\"unstyled\" data-block-weight=\"1\" data-block-id=\"9\">\n<p class=\"content-text__container \" data-track-category=\"Link no Texto\" data-track-links=\"\"><strong>PPI:<\/strong><\/p>\n<\/div>\n<\/div>\n<div class=\"mc-column content-text active-extra-styles\" data-block-type=\"raw\" data-block-weight=\"30\" data-block-id=\"10\">\n<ol class=\"content-ordered-list theme-ordered-list-color-primary\">\n<li>Armaz\u00e9ns e im\u00f3veis de dom\u00ednio da Companhia Nacional de Abastecimento (Conab);<\/li>\n<li>Empresa Brasileira de Administra\u00e7\u00e3o de Petr\u00f3leo e G\u00e1s Natural S.A. &#8211; Pr\u00e9-Sal Petr\u00f3leo S.A. (PPSA);<\/li>\n<li>Telecomunica\u00e7\u00f5es Brasileiras S.A. (Telebras).<\/li>\n<\/ol>\n<p>&nbsp;<\/p>\n<\/div>\n<div id=\"chunk-4s1pn\">\n<div class=\"mc-column content-text active-extra-styles \" data-block-type=\"unstyled\" data-block-weight=\"13\" data-block-id=\"11\">\n<p class=\"content-text__container \" data-track-category=\"Link no Texto\" data-track-links=\"\">As estatais foram remetidas para os programas durante o governo de Jair Bolsonaro.<\/p>\n<\/div>\n<\/div>\n<div id=\"chunk-4ervc\">\n<div class=\"mc-column content-text active-extra-styles \" data-block-type=\"unstyled\" data-block-weight=\"30\" data-block-id=\"12\">\n<p class=\"content-text__container \" data-track-category=\"Link no Texto\" data-track-links=\"\">No dia da posse, em 1\u00ba de janeiro, o presidente Lula assinou um despacho determinando a\u00a0<a class=\"\" href=\"https:\/\/g1.globo.com\/politica\/noticia\/2023\/01\/02\/lula-manda-revogar-processos-de-privatizacao-de-oito-estatais-iniciados-por-bolsonaro.ghtml\">revoga\u00e7\u00e3o de processos de privatiza\u00e7\u00e3o de oito estatais<\/a>, incluindo a Petrobras e os Correios.<\/p>\n<\/div>\n<\/div>\n<div id=\"chunk-2li24\">\n<div class=\"mc-column content-text active-extra-styles \" data-block-type=\"unstyled\" data-block-weight=\"25\" data-block-id=\"13\">\n<p class=\"content-text__container \" data-track-category=\"Link no Texto\" data-track-links=\"\">Na quarta-feira (5), o Conselho do Programa de Parcerias e Investimentos recomendou que o governo fizesse a exclus\u00e3o dos Correios e da Telebras do PND.<\/p>\n<\/div>\n<\/div>\n<div id=\"chunk-7cng7\">\n<div class=\"mc-column content-text active-extra-styles \" data-block-type=\"unstyled\" data-block-weight=\"26\" data-block-id=\"14\">\n<p class=\"content-text__container \" data-track-category=\"Link no Texto\" data-track-links=\"\">O Minist\u00e9rio das Comunica\u00e7\u00f5es informou que o governo tem como objetivo &#8220;refor\u00e7ar o papel destas empresas na oferta de cidadania e ampliar ainda mais os investimentos&#8221;.<\/p>\n<\/div>\n<\/div>\n<div class=\"mc-column content-text active-extra-styles\" data-block-type=\"raw\" data-block-weight=\"3\" data-block-id=\"15\">\n<p class=\"content-text__container\">\n<div class=\"content-intertitle\">\n<h2>Privatiza\u00e7\u00e3o dos Correios<\/h2>\n<\/div>\n<\/div>\n<div id=\"chunk-4n294\">\n<div class=\"mc-column content-text active-extra-styles \" data-block-type=\"unstyled\" data-block-weight=\"24\" data-block-id=\"16\">\n<p class=\"content-text__container \" data-track-category=\"Link no Texto\" data-track-links=\"\">Em fevereiro de 2021,\u00a0<a class=\"\" href=\"https:\/\/g1.globo.com\/politica\/noticia\/2021\/02\/24\/bolsonaro-entrega-ao-congresso-projeto-que-abre-caminho-para-a-privatizacao-dos-correios.ghtml\">o ex-presidente Jair Bolsonaro entregou ao Congresso Nacional<\/a>\u00a0o projeto de lei que abria caminho para a privatiza\u00e7\u00e3o dos Correios.<\/p>\n<\/div>\n<\/div>\n<div id=\"chunk-c8ge1\">\n<div class=\"mc-column content-text active-extra-styles \" data-block-type=\"unstyled\" data-block-weight=\"34\" data-block-id=\"17\">\n<p class=\"content-text__container \" data-track-category=\"Link no Texto\" data-track-links=\"\">O governo havia escolhido um modelo de privatiza\u00e7\u00e3o que previa a venda de 100% da estatal. \u00c0 \u00e9poca, existia uma previs\u00e3o de um leil\u00e3o para concretizar a venda no 1\u00ba semestre de 2022.<\/p>\n<\/div>\n<\/div>\n<div id=\"chunk-qi6f\">\n<div class=\"mc-column content-text active-extra-styles \" data-block-type=\"unstyled\" data-block-weight=\"14\" data-block-id=\"18\">\n<p class=\"content-text__container \" data-track-category=\"Link no Texto\" data-track-links=\"\">No entanto, a privatiza\u00e7\u00e3o dos Correios travou no Senado,\u00a0<a class=\"\" href=\"https:\/\/g1.globo.com\/politica\/noticia\/2021\/08\/05\/camara-aprova-texto-base-do-projeto-de-privatizacao-dos-correios.ghtml\">ap\u00f3s ser aprovada pela C\u00e2mara<\/a>.<\/p>\n<\/div>\n<\/div>\n<\/div>\n<\/article>\n<\/div>\n","protected":false},"excerpt":{"rendered":"<p>Correios estava em programa de desestatiza\u00e7\u00e3o \u2014 Foto: Ag\u00eancia Brasil O governo retirou os\u00a0Correios e outras estatais de programas voltados para a privatiza\u00e7\u00e3o, nesta quinta-feira (6). A medida foi anunciada por meio de edi\u00e7\u00e3o extra do Di\u00e1rio Oficial da Uni\u00e3o. No total, o governo excluiu sete empresas do Programa Nacional de Desestatiza\u00e7\u00e3o (PND) e tr\u00eas [&hellip;]<\/p>\n","protected":false},"author":2,"featured_media":0,"comment_status":"open","ping_status":"open","sticky":false,"template":"","format":"standard","meta":{"_links_to":"","_links_to_target":""},"categories":[7,9,8,1],"tags":[],"_links":{"self":[{"href":"https:\/\/www.ilheusnoticias.net.br\/v1\/wp-json\/wp\/v2\/posts\/31500"}],"collection":[{"href":"https:\/\/www.ilheusnoticias.net.br\/v1\/wp-json\/wp\/v2\/posts"}],"about":[{"href":"https:\/\/www.ilheusnoticias.net.br\/v1\/wp-json\/wp\/v2\/types\/post"}],"author":[{"embeddable":true,"href":"https:\/\/www.ilheusnoticias.net.br\/v1\/wp-json\/wp\/v2\/users\/2"}],"replies":[{"embeddable":true,"href":"https:\/\/www.ilheusnoticias.net.br\/v1\/wp-json\/wp\/v2\/comments?post=31500"}],"version-history":[{"count":1,"href":"https:\/\/www.ilheusnoticias.net.br\/v1\/wp-json\/wp\/v2\/posts\/31500\/revisions"}],"predecessor-version":[{"id":31501,"href":"https:\/\/www.ilheusnoticias.net.br\/v1\/wp-json\/wp\/v2\/posts\/31500\/revisions\/31501"}],"wp:attachment":[{"href":"https:\/\/www.ilheusnoticias.net.br\/v1\/wp-json\/wp\/v2\/media?parent=31500"}],"wp:term":[{"taxonomy":"category","embeddable":true,"href":"https:\/\/www.ilheusnoticias.net.br\/v1\/wp-json\/wp\/v2\/categories?post=31500"},{"taxonomy":"post_tag","embeddable":true,"href":"https:\/\/www.ilheusnoticias.net.br\/v1\/wp-json\/wp\/v2\/tags?post=31500"}],"curies":[{"name":"wp","href":"https:\/\/api.w.org\/{rel}","templated":true}]}}