{"id":31498,"date":"2023-04-07T07:03:36","date_gmt":"2023-04-07T10:03:36","guid":{"rendered":"https:\/\/www.ilheusnoticias.net.br\/v1\/?p=31498"},"modified":"2023-04-07T07:03:36","modified_gmt":"2023-04-07T10:03:36","slug":"geraldo-junior-participa-em-brasilia-da-assinatura-de-decreto-que-atualiza-o-marco-do-saneamento-basico","status":"publish","type":"post","link":"https:\/\/www.ilheusnoticias.net.br\/v1\/2023\/04\/07\/geraldo-junior-participa-em-brasilia-da-assinatura-de-decreto-que-atualiza-o-marco-do-saneamento-basico\/","title":{"rendered":"Geraldo J\u00fanior participa, em Bras\u00edlia, da assinatura de decreto que atualiza o Marco do Saneamento B\u00e1sico"},"content":{"rendered":"<div class=\"PostHeaderIcons metadata-icons\"><img src=\"http:\/\/www.blogdothame.blog.br\/v1\/wp-content\/uploads\/2023\/04\/geraldo-saneamento-1.jpg\" \/><\/div>\n<div class=\"PostContent\">\n<p>O governador em exerc\u00edcio, Geraldo J\u00fanior, participou, no Pal\u00e1cio do Planalto, em Bras\u00edlia, da assinatura do decreto que atualiza a regulamenta\u00e7\u00e3o do Marco Legal do Saneamento B\u00e1sico.\u00a0 A medida assinada pelo presidente Lu\u00eds In\u00e1cio Lula da Silva tem a meta de garantir a universaliza\u00e7\u00e3o dos servi\u00e7os at\u00e9 2033, permitindo que 1.113 munic\u00edpios voltem a acessar recursos do Governo Federal. A nova regulamenta\u00e7\u00e3o, com foco nas parcerias p\u00fablico-privadas (PPP), beneficiar\u00e1 29,8 milh\u00f5es de pessoas. Tamb\u00e9m participaram do evento governadores de outros estados, al\u00e9m dos ministros da Casa Civil, Rui Costa; e da Fazenda, Fernando Haddad, entre outras autoridades.<\/p>\n<p>O presidente destacou a participa\u00e7\u00e3o e parceria dos representantes estaduais. \u201cEu n\u00e3o acredito que a gente possa governar sem conversar com nossos entes federados. Antigamente, os governantes n\u00e3o gostavam de fazer obras de saneamento b\u00e1sico, porque s\u00e3o caras e n\u00e3o eram vistas. O que n\u00f3s estamos fazendo \u00e9 tentando chamar o Brasil \u00e0 responsabilidade para, at\u00e9 2033, resolver um problema cr\u00f4nico no pa\u00eds. Essa pol\u00edtica \u00e9 de colocar muita credibilidade na rela\u00e7\u00e3o entre o Governo Federal e os estados e munic\u00edpios\u201d.<\/p>\n<p><img src=\"http:\/\/www.blogdothame.blog.br\/v1\/wp-content\/uploads\/2023\/04\/geraldo-saneamento-2.jpg\" \/><\/p>\n<p>O ministro Rui Costa afirmou que o governo federal, de forma inovadora, far\u00e1 PPPs, sendo parceiros dos Estados. \u201cO que n\u00f3s queremos \u00e9 mais investimento, mais empregos, mais \u00e1gua, desenvolvimento sustent\u00e1vel, e que os estados possam modelar mais projetos, com a participa\u00e7\u00e3o ativa do Governo Federal, seja com recursos pr\u00f3prios ou atrav\u00e9s de financiamentos. Al\u00e9m disso, o abastecimento e o saneamento s\u00e3o duas \u00e1reas que t\u00eam o potencial de empregar muita gente\u201d, ressaltou.<\/p>\n<p>Ainda durante a passagem em Bras\u00edlia, o governador em exerc\u00edcio, Geraldo J\u00fanior, fez uma visita de cortesia ao ministro Rui Costa, na Casa Civil.<\/p>\n<p>Fotos: Wagner Lopes\/Casa Civi<\/p>\n<\/div>\n","protected":false},"excerpt":{"rendered":"<p>O governador em exerc\u00edcio, Geraldo J\u00fanior, participou, no Pal\u00e1cio do Planalto, em Bras\u00edlia, da assinatura do decreto que atualiza a regulamenta\u00e7\u00e3o do Marco Legal do Saneamento B\u00e1sico.\u00a0 A medida assinada pelo presidente Lu\u00eds In\u00e1cio Lula da Silva tem a meta de garantir a universaliza\u00e7\u00e3o dos servi\u00e7os at\u00e9 2033, permitindo que 1.113 munic\u00edpios voltem a acessar [&hellip;]<\/p>\n","protected":false},"author":2,"featured_media":0,"comment_status":"open","ping_status":"open","sticky":false,"template":"","format":"standard","meta":{"_links_to":"","_links_to_target":""},"categories":[7,9,8,1],"tags":[],"_links":{"self":[{"href":"https:\/\/www.ilheusnoticias.net.br\/v1\/wp-json\/wp\/v2\/posts\/31498"}],"collection":[{"href":"https:\/\/www.ilheusnoticias.net.br\/v1\/wp-json\/wp\/v2\/posts"}],"about":[{"href":"https:\/\/www.ilheusnoticias.net.br\/v1\/wp-json\/wp\/v2\/types\/post"}],"author":[{"embeddable":true,"href":"https:\/\/www.ilheusnoticias.net.br\/v1\/wp-json\/wp\/v2\/users\/2"}],"replies":[{"embeddable":true,"href":"https:\/\/www.ilheusnoticias.net.br\/v1\/wp-json\/wp\/v2\/comments?post=31498"}],"version-history":[{"count":1,"href":"https:\/\/www.ilheusnoticias.net.br\/v1\/wp-json\/wp\/v2\/posts\/31498\/revisions"}],"predecessor-version":[{"id":31499,"href":"https:\/\/www.ilheusnoticias.net.br\/v1\/wp-json\/wp\/v2\/posts\/31498\/revisions\/31499"}],"wp:attachment":[{"href":"https:\/\/www.ilheusnoticias.net.br\/v1\/wp-json\/wp\/v2\/media?parent=31498"}],"wp:term":[{"taxonomy":"category","embeddable":true,"href":"https:\/\/www.ilheusnoticias.net.br\/v1\/wp-json\/wp\/v2\/categories?post=31498"},{"taxonomy":"post_tag","embeddable":true,"href":"https:\/\/www.ilheusnoticias.net.br\/v1\/wp-json\/wp\/v2\/tags?post=31498"}],"curies":[{"name":"wp","href":"https:\/\/api.w.org\/{rel}","templated":true}]}}