{"id":31494,"date":"2023-04-07T06:58:20","date_gmt":"2023-04-07T09:58:20","guid":{"rendered":"https:\/\/www.ilheusnoticias.net.br\/v1\/?p=31494"},"modified":"2023-04-07T06:58:20","modified_gmt":"2023-04-07T09:58:20","slug":"feira-cultural-rua-viva-traz-edicao-de-pascoa-neste-sabado-8","status":"publish","type":"post","link":"https:\/\/www.ilheusnoticias.net.br\/v1\/2023\/04\/07\/feira-cultural-rua-viva-traz-edicao-de-pascoa-neste-sabado-8\/","title":{"rendered":"Feira Cultural Rua Viva traz edi\u00e7\u00e3o de P\u00e1scoa neste s\u00e1bado (8)"},"content":{"rendered":"<div class=\"imagem thumbnail col-xs-12 col-sm-8 col-md-6 col-lg-6 imagem-materia\"><a class=\"fresco\" title=\"\" href=\"https:\/\/portalfacilarquivos.blob.core.windows.net\/uploads\/ILHEUS\/imgOrig\/%7B07AAAEB5-D5A3-EEDA-E4AB-CA1BEEDDB412%7D.jpg\" data-fresco-caption=\"\"><img loading=\"lazy\" src=\"https:\/\/portalfacilarquivos.blob.core.windows.net\/uploads\/ILHEUS\/img\/%7B07AAAEB5-D5A3-EEDA-E4AB-CA1BEEDDB412%7D\/%7B07AAAEB5-D5A3-EEDA-E4AB-CA1BEEDDB412%7D_450X650.jpg\" alt=\"feira rua viva\" width=\"450\" height=\"650\" \/><\/a>Neste s\u00e1bado (8), a popula\u00e7\u00e3o ilheense poder\u00e1 celebrar a passagem da P\u00e1scoa prestigiando a Feira Cultural Rua Viva. O evento, que acontece com apoio da Prefeitura de Ilh\u00e9us, \u00e9 realizado de forma gratuita na Pra\u00e7a Rui Barbosa, localizada na Avenida Soares Lopes, das 16h \u00e0s 22h.<\/p>\n<\/div>\n<p>Nesta edi\u00e7\u00e3o,\u00a0al\u00e9m da usual exibi\u00e7\u00e3o e comercializa\u00e7\u00e3o da gastronomia e artesanatos locais, oficinas e musicaliza\u00e7\u00e3o infantis, o p\u00fablico\u00a0contar\u00e1 com a participa\u00e7\u00e3o de Tio Pedrinho e brincadeiras de ca\u00e7a aos ovos e Park Mania. A programa\u00e7\u00e3o inclui\u00a0distribui\u00e7\u00e3o de plantas e feira de ado\u00e7\u00e3o de pets.<\/p>\n<p>A Rua Viva \u00e9 o espa\u00e7o ideal de encontro entre\u00a0fam\u00edlias e amigos para lazer e entretenimento.<\/p>\n<p><strong>O qu\u00ea?<\/strong>\u00a0Feira Cultural Rua Viva<\/p>\n<p><strong>Onde<\/strong>? Pra\u00e7a Rui Barbosa &#8211; Avenida Soares Lopes<\/p>\n<p><strong>Quando<\/strong>? 8 de abril, das 16h \u00e0s 22h<\/p>\n","protected":false},"excerpt":{"rendered":"<p>Neste s\u00e1bado (8), a popula\u00e7\u00e3o ilheense poder\u00e1 celebrar a passagem da P\u00e1scoa prestigiando a Feira Cultural Rua Viva. O evento, que acontece com apoio da Prefeitura de Ilh\u00e9us, \u00e9 realizado de forma gratuita na Pra\u00e7a Rui Barbosa, localizada na Avenida Soares Lopes, das 16h \u00e0s 22h. Nesta edi\u00e7\u00e3o,\u00a0al\u00e9m da usual exibi\u00e7\u00e3o e comercializa\u00e7\u00e3o da gastronomia [&hellip;]<\/p>\n","protected":false},"author":2,"featured_media":0,"comment_status":"open","ping_status":"open","sticky":false,"template":"","format":"standard","meta":{"_links_to":"","_links_to_target":""},"categories":[7,9,8,1],"tags":[],"_links":{"self":[{"href":"https:\/\/www.ilheusnoticias.net.br\/v1\/wp-json\/wp\/v2\/posts\/31494"}],"collection":[{"href":"https:\/\/www.ilheusnoticias.net.br\/v1\/wp-json\/wp\/v2\/posts"}],"about":[{"href":"https:\/\/www.ilheusnoticias.net.br\/v1\/wp-json\/wp\/v2\/types\/post"}],"author":[{"embeddable":true,"href":"https:\/\/www.ilheusnoticias.net.br\/v1\/wp-json\/wp\/v2\/users\/2"}],"replies":[{"embeddable":true,"href":"https:\/\/www.ilheusnoticias.net.br\/v1\/wp-json\/wp\/v2\/comments?post=31494"}],"version-history":[{"count":1,"href":"https:\/\/www.ilheusnoticias.net.br\/v1\/wp-json\/wp\/v2\/posts\/31494\/revisions"}],"predecessor-version":[{"id":31495,"href":"https:\/\/www.ilheusnoticias.net.br\/v1\/wp-json\/wp\/v2\/posts\/31494\/revisions\/31495"}],"wp:attachment":[{"href":"https:\/\/www.ilheusnoticias.net.br\/v1\/wp-json\/wp\/v2\/media?parent=31494"}],"wp:term":[{"taxonomy":"category","embeddable":true,"href":"https:\/\/www.ilheusnoticias.net.br\/v1\/wp-json\/wp\/v2\/categories?post=31494"},{"taxonomy":"post_tag","embeddable":true,"href":"https:\/\/www.ilheusnoticias.net.br\/v1\/wp-json\/wp\/v2\/tags?post=31494"}],"curies":[{"name":"wp","href":"https:\/\/api.w.org\/{rel}","templated":true}]}}