{"id":31490,"date":"2023-04-07T06:55:33","date_gmt":"2023-04-07T09:55:33","guid":{"rendered":"https:\/\/www.ilheusnoticias.net.br\/v1\/?p=31490"},"modified":"2023-04-07T06:55:33","modified_gmt":"2023-04-07T09:55:33","slug":"nota-de-pesar-pelo-falecimento-da-servidora-maria-da-conceicao-amorim-silva","status":"publish","type":"post","link":"https:\/\/www.ilheusnoticias.net.br\/v1\/2023\/04\/07\/nota-de-pesar-pelo-falecimento-da-servidora-maria-da-conceicao-amorim-silva\/","title":{"rendered":"Nota de pesar pelo falecimento da servidora Maria da Concei\u00e7\u00e3o Amorim Silva"},"content":{"rendered":"<div class=\"imagem thumbnail col-xs-12 col-sm-8 col-md-6 col-lg-6 imagem-materia\"><a class=\"fresco\" title=\"\" href=\"https:\/\/portalfacilarquivos.blob.core.windows.net\/uploads\/ILHEUS\/imgOrig\/%7BCDBD4CE1-5D1C-EB2C-606E-D25BABE1EB22%7D.jpeg\" data-fresco-caption=\"\"><img loading=\"lazy\" title=\"\" src=\"https:\/\/portalfacilarquivos.blob.core.windows.net\/uploads\/ILHEUS\/img\/%7BCDBD4CE1-5D1C-EB2C-606E-D25BABE1EB22%7D\/%7BCDBD4CE1-5D1C-EB2C-606E-D25BABE1EB22%7D_650X450.jpeg\" alt=\"Nota de pesar\" width=\"650\" height=\"450\" \/><\/a><\/p>\n<p class=\"bg-primary\">O prefeito M\u00e1rio Alexandre lamenta o falecimento da servidora municipal Maria da Concei\u00e7\u00e3o Amorim Silva, aos 60 anos, ocorrido na \u00faltima quarta-feira (5). Dedicada e querida pelos colegas de profiss\u00e3o, ela integrou o quadro de funcion\u00e1rios da Secretaria de Servi\u00e7os Urbanos durante 23 anos.<\/p>\n<\/div>\n<p>No m\u00eas de mar\u00e7o, Maria da Concei\u00e7\u00e3o foi atropelada ap\u00f3s descer de um \u00f4nibus e teve parte da perna amputada.<\/p>\n<p>\u201cMeus sentimentos aos familiares e amigos. Que Deus a acolha em paz\u00a0e na sua infinita miseric\u00f3rdia conforte a todos\u201d, lamentou o gestor. A servidora deixa o esposo Ven\u00e2ncio e dois filhos, Jane e Marcelo.<\/p>\n<p>O vel\u00f3rio acontece na Igreja Assembleia de Deus, no Bas\u00edlio. O sepultamento ser\u00e1 nesta quinta-feira (6), \u00e0s 16h, no Cemit\u00e9rio S\u00e3o Jorge, localizado no mesmo bairro. Que o Esp\u00edrito Santo seja o ref\u00fagio e a fortaleza na vida de cada um.<\/p>\n","protected":false},"excerpt":{"rendered":"<p>O prefeito M\u00e1rio Alexandre lamenta o falecimento da servidora municipal Maria da Concei\u00e7\u00e3o Amorim Silva, aos 60 anos, ocorrido na \u00faltima quarta-feira (5). Dedicada e querida pelos colegas de profiss\u00e3o, ela integrou o quadro de funcion\u00e1rios da Secretaria de Servi\u00e7os Urbanos durante 23 anos. No m\u00eas de mar\u00e7o, Maria da Concei\u00e7\u00e3o foi atropelada ap\u00f3s descer [&hellip;]<\/p>\n","protected":false},"author":2,"featured_media":0,"comment_status":"open","ping_status":"open","sticky":false,"template":"","format":"standard","meta":{"_links_to":"","_links_to_target":""},"categories":[7,9,8,1],"tags":[],"_links":{"self":[{"href":"https:\/\/www.ilheusnoticias.net.br\/v1\/wp-json\/wp\/v2\/posts\/31490"}],"collection":[{"href":"https:\/\/www.ilheusnoticias.net.br\/v1\/wp-json\/wp\/v2\/posts"}],"about":[{"href":"https:\/\/www.ilheusnoticias.net.br\/v1\/wp-json\/wp\/v2\/types\/post"}],"author":[{"embeddable":true,"href":"https:\/\/www.ilheusnoticias.net.br\/v1\/wp-json\/wp\/v2\/users\/2"}],"replies":[{"embeddable":true,"href":"https:\/\/www.ilheusnoticias.net.br\/v1\/wp-json\/wp\/v2\/comments?post=31490"}],"version-history":[{"count":1,"href":"https:\/\/www.ilheusnoticias.net.br\/v1\/wp-json\/wp\/v2\/posts\/31490\/revisions"}],"predecessor-version":[{"id":31491,"href":"https:\/\/www.ilheusnoticias.net.br\/v1\/wp-json\/wp\/v2\/posts\/31490\/revisions\/31491"}],"wp:attachment":[{"href":"https:\/\/www.ilheusnoticias.net.br\/v1\/wp-json\/wp\/v2\/media?parent=31490"}],"wp:term":[{"taxonomy":"category","embeddable":true,"href":"https:\/\/www.ilheusnoticias.net.br\/v1\/wp-json\/wp\/v2\/categories?post=31490"},{"taxonomy":"post_tag","embeddable":true,"href":"https:\/\/www.ilheusnoticias.net.br\/v1\/wp-json\/wp\/v2\/tags?post=31490"}],"curies":[{"name":"wp","href":"https:\/\/api.w.org\/{rel}","templated":true}]}}