{"id":31486,"date":"2023-04-06T04:55:04","date_gmt":"2023-04-06T07:55:04","guid":{"rendered":"https:\/\/www.ilheusnoticias.net.br\/v1\/?p=31486"},"modified":"2023-04-06T04:55:04","modified_gmt":"2023-04-06T07:55:04","slug":"lula-assina-decretos-que-alteram-regras-sobre-saneamento-e-estatais-vao-poder-prestar-servico-sem-licitacao","status":"publish","type":"post","link":"https:\/\/www.ilheusnoticias.net.br\/v1\/2023\/04\/06\/lula-assina-decretos-que-alteram-regras-sobre-saneamento-e-estatais-vao-poder-prestar-servico-sem-licitacao\/","title":{"rendered":"Lula assina decretos que alteram regras sobre saneamento, e estatais v\u00e3o poder prestar servi\u00e7o sem licita\u00e7\u00e3o"},"content":{"rendered":"<div class=\"row content-head non-featured \">\n<div class=\"title\" data-block-type=\"title\" data-block-id=\"0\"><\/div>\n<\/div>\n<div class=\"content__signa-share\">\n<div class=\"content__share-bar content__share-bar--cloned\" data-position=\"upper\"><img class=\"content-video__placeholder__thumb\" title=\"Lula assina decretos que mudam o Marco Legal do Saneamento\" src=\"https:\/\/s02.video.glbimg.com\/x240\/11511825.jpg\" alt=\"Lula assina decretos que mudam o Marco Legal do Saneamento\" \/><\/div>\n<\/div>\n<div class=\"mc-article-body\">\n<article>\n<div id=\"chunk-6n82r\">\n<div class=\"bs-video-block mc-column  content-media content-video\" data-block-type=\"backstage-video\" data-block-id=\"1\">\n<div class=\"content-media__container\">\n<div class=\"content-video__bigger-player-description-fixer\">\n<article class=\"content-video\">\n<section class=\"content-video__video-container\">\n<div class=\"content-video__video\">\n<div id=\"wp3-player-2\" class=\"clappr-player\" tabindex=\"9999\" data-player=\"\">\n<div class=\"media-control media-control-hide h720 w960\">\n<div class=\"media-control-panel\">\n<div class=\"media-control-panel__front-layer\">\n<div class=\"media-control-position__center\"><\/div>\n<div class=\"media-control-position__right\">Lula assina decretos que mudam o Marco Legal do Saneamento<\/div>\n<\/div>\n<\/div>\n<\/div>\n<\/div>\n<\/div>\n<\/section>\n<\/article>\n<\/div>\n<\/div>\n<\/div>\n<\/div>\n<div id=\"chunk-dltc4\">\n<div class=\"mc-column content-text active-extra-styles \" data-block-type=\"unstyled\" data-block-weight=\"24\" data-block-id=\"3\">\n<p class=\"content-text__container \" data-track-category=\"Link no Texto\" data-track-links=\"\">O presidente Luiz In\u00e1cio Lula da Silva (PT) assinou nesta quarta-feira (5) dois decretos que alteram a regulamenta\u00e7\u00e3o do Novo Marco do Saneamento B\u00e1sico.<\/p>\n<\/div>\n<\/div>\n<div class=\"wall protected-content\">\n<div id=\"chunk-2i736\">\n<div class=\"mc-column content-text active-extra-styles \" data-block-type=\"unstyled\" data-block-weight=\"13\" data-block-id=\"4\">\n<p class=\"content-text__container \" data-track-category=\"Link no Texto\" data-track-links=\"\">Pelas novas regras, empresas estatais poder\u00e3o manter contratos sem licita\u00e7\u00e3o com munic\u00edpios.<\/p>\n<\/div>\n<\/div>\n<div id=\"chunk-elpkd\">\n<div class=\"mc-column content-text active-extra-styles \" data-block-type=\"unstyled\" data-block-weight=\"35\" data-block-id=\"5\">\n<p class=\"content-text__container \" data-track-category=\"Link no Texto\" data-track-links=\"\">Sancionado em 2020, o marco legal previa que novas contrata\u00e7\u00f5es para a presta\u00e7\u00e3o de servi\u00e7o s\u00f3 poderiam ser feitas por meio de abertura de concorr\u00eancia, com igualdade de condi\u00e7\u00f5es entre os setores p\u00fablicos e privado.<\/p>\n<\/div>\n<\/div>\n<div id=\"chunk-eh9ii\">\n<div class=\"mc-column content-text active-extra-styles \" data-block-type=\"unstyled\" data-block-weight=\"28\" data-block-id=\"6\">\n<p class=\"content-text__container \" data-track-category=\"Link no Texto\" data-track-links=\"\">Segundo a colunista do\u00a0<strong>g1\u00a0<\/strong>Ana Flor, as mudan\u00e7as<a class=\"\" href=\"https:\/\/g1.globo.com\/economia\/blog\/ana-flor\/post\/2023\/04\/05\/mudancas-no-novo-marco-do-saneamento-preocupam-setor-privado.ghtml\">\u00a0deixaram o setor privado apreensivo<\/a>. A principal cr\u00edtica \u00e9 a quebra de regras estabelecidas pela lei aprovada pelo Congresso.<\/p>\n<\/div>\n<\/div>\n<div id=\"chunk-9i285\">\n<div class=\"mc-column content-text active-extra-styles \" data-block-type=\"unstyled\" data-block-weight=\"28\" data-block-id=\"8\">\n<p class=\"content-text__container \" data-track-category=\"Link no Texto\" data-track-links=\"\">A assinatura dos decretos reuniu governadores, companhias estaduais de saneamento e empresas privadas em uma cerim\u00f4nia com a participa\u00e7\u00e3o de Lula e ministros no Pal\u00e1cio do Planalto.<\/p>\n<\/div>\n<\/div>\n<div class=\"mc-column content-text active-extra-styles\" data-block-type=\"raw\" data-block-weight=\"2\" data-block-id=\"9\">\n<div class=\"content-intertitle\">\n<h2>Outras mudan\u00e7as<\/h2>\n<\/div>\n<\/div>\n<div id=\"chunk-brm2l\">\n<div class=\"mc-column content-text active-extra-styles \" data-block-type=\"unstyled\" data-block-weight=\"28\" data-block-id=\"10\">\n<p class=\"content-text__container \" data-track-category=\"Link no Texto\" data-track-links=\"\">Com os decretos, o governo tamb\u00e9m prorrogou para dezembro de 2025 os prazos para que as empresas estatais comprovem que s\u00e3o capazes de fazer investimentos no setor.<\/p>\n<\/div>\n<\/div>\n<div id=\"chunk-61th2\">\n<div class=\"mc-column content-text active-extra-styles \" data-block-type=\"unstyled\" data-block-weight=\"17\" data-block-id=\"11\">\n<p class=\"content-text__container \" data-track-category=\"Link no Texto\" data-track-links=\"\">O prazo iria at\u00e9 2021, mas v\u00e1rias empresas n\u00e3o entregaram a documenta\u00e7\u00e3o dentro do limite previsto.<\/p>\n<\/div>\n<\/div>\n<div id=\"chunk-1mfor\">\n<div class=\"mc-column content-text active-extra-styles \" data-block-type=\"unstyled\" data-block-weight=\"13\" data-block-id=\"12\">\n<p class=\"content-text__container \" data-track-category=\"Link no Texto\" data-track-links=\"\">O decreto tamb\u00e9m flexibiliza os crit\u00e9rios para a comprova\u00e7\u00e3o da capacidade das estatais.<\/p>\n<\/div>\n<\/div>\n<div class=\"mc-column content-text active-extra-styles\" data-block-type=\"raw\" data-block-weight=\"3\" data-block-id=\"13\">\n<div class=\"content-intertitle\">\n<h2>Universaliza\u00e7\u00e3o dos servi\u00e7os<\/h2>\n<\/div>\n<\/div>\n<div id=\"chunk-nc8r\">\n<div class=\"mc-column content-text active-extra-styles \" data-block-type=\"unstyled\" data-block-weight=\"31\" data-block-id=\"14\">\n<p class=\"content-text__container \" data-track-category=\"Link no Texto\" data-track-links=\"\">Aprovado em 2020, o marco legal do saneamento prev\u00ea a universaliza\u00e7\u00e3o do servi\u00e7o at\u00e9 2033, com \u00e1gua pot\u00e1vel em 99% das casas brasileiras e coleta de esgoto em 90% das resid\u00eancias.<\/p>\n<\/div>\n<\/div>\n<div id=\"chunk-at023\">\n<div class=\"mc-column content-text active-extra-styles \" data-block-type=\"unstyled\" data-block-weight=\"26\" data-block-id=\"15\">\n<p class=\"content-text__container \" data-track-category=\"Link no Texto\" data-track-links=\"\">A medida incentivou empresas privadas a investir no setor, que quase dobraram a participa\u00e7\u00e3o em obras de saneamento b\u00e1sico, beneficiando mais de 55 milh\u00f5es de pessoas.<\/p>\n<\/div>\n<\/div>\n<div class=\"mc-column content-text active-extra-styles\" data-block-type=\"raw\" data-block-weight=\"2\" data-block-id=\"16\">\n<div class=\"content-intertitle\">\n<h2>Parceria p\u00fablico-privada<\/h2>\n<\/div>\n<\/div>\n<div id=\"chunk-buo4t\">\n<div class=\"mc-column content-text active-extra-styles \" data-block-type=\"unstyled\" data-block-weight=\"16\" data-block-id=\"17\">\n<p class=\"content-text__container \" data-track-category=\"Link no Texto\" data-track-links=\"\">O marco legal limitava a 25% a participa\u00e7\u00e3o de parcerias p\u00fablico-privadas em concess\u00f5es de saneamento.<\/p>\n<\/div>\n<\/div>\n<div id=\"chunk-629ni\">\n<div class=\"mc-column content-text active-extra-styles \" data-block-type=\"unstyled\" data-block-weight=\"32\" data-block-id=\"18\">\n<p class=\"content-text__container \" data-track-category=\"Link no Texto\" data-track-links=\"\">Um dos decretos assinados nesta quarta acabou com esse limite. O governo estima que a medida pode atrair at\u00e9 R$ 120 bilh\u00f5es em 10 anos, prazo final para a universaliza\u00e7\u00e3o dos servi\u00e7os.<\/p>\n<\/div>\n<\/div>\n<div class=\"mc-column content-text active-extra-styles\" data-block-type=\"raw\" data-block-weight=\"3\" data-block-id=\"19\">\n<div class=\"content-intertitle\">\n<h2>Regionaliza\u00e7\u00e3o do servi\u00e7o<\/h2>\n<\/div>\n<\/div>\n<div id=\"chunk-5a78e\">\n<div class=\"mc-column content-text active-extra-styles \" data-block-type=\"unstyled\" data-block-weight=\"37\" data-block-id=\"21\">\n<p class=\"content-text__container \" data-track-category=\"Link no Texto\" data-track-links=\"\">Outra altera\u00e7\u00e3o prorrogou para dezembro de 2025 o prazo para a regionaliza\u00e7\u00e3o do servi\u00e7o de saneamento. O marco legal estabeleceu que fossem criados blocos regionais formados por munic\u00edpios mais rent\u00e1veis e cidades menores, com baixa viabilidade comercial.<\/p>\n<\/div>\n<\/div>\n<div id=\"chunk-1ldq1\">\n<div class=\"mc-column content-text active-extra-styles \" data-block-type=\"unstyled\" data-block-weight=\"22\" data-block-id=\"22\">\n<p class=\"content-text__container \" data-track-category=\"Link no Texto\" data-track-links=\"\">A regionaliza\u00e7\u00e3o dos servi\u00e7os iria at\u00e9 31 de mar\u00e7o deste ano, mas, como muitos munic\u00edpios perderam a data-limite, o prazo foi prorrogado.<\/p>\n<\/div>\n<\/div>\n<\/div>\n<\/article>\n<\/div>\n","protected":false},"excerpt":{"rendered":"<p>Lula assina decretos que mudam o Marco Legal do Saneamento O presidente Luiz In\u00e1cio Lula da Silva (PT) assinou nesta quarta-feira (5) dois decretos que alteram a regulamenta\u00e7\u00e3o do Novo Marco do Saneamento B\u00e1sico. Pelas novas regras, empresas estatais poder\u00e3o manter contratos sem licita\u00e7\u00e3o com munic\u00edpios. Sancionado em 2020, o marco legal previa que novas [&hellip;]<\/p>\n","protected":false},"author":2,"featured_media":0,"comment_status":"open","ping_status":"open","sticky":false,"template":"","format":"standard","meta":{"_links_to":"","_links_to_target":""},"categories":[7,9,8,1],"tags":[],"_links":{"self":[{"href":"https:\/\/www.ilheusnoticias.net.br\/v1\/wp-json\/wp\/v2\/posts\/31486"}],"collection":[{"href":"https:\/\/www.ilheusnoticias.net.br\/v1\/wp-json\/wp\/v2\/posts"}],"about":[{"href":"https:\/\/www.ilheusnoticias.net.br\/v1\/wp-json\/wp\/v2\/types\/post"}],"author":[{"embeddable":true,"href":"https:\/\/www.ilheusnoticias.net.br\/v1\/wp-json\/wp\/v2\/users\/2"}],"replies":[{"embeddable":true,"href":"https:\/\/www.ilheusnoticias.net.br\/v1\/wp-json\/wp\/v2\/comments?post=31486"}],"version-history":[{"count":1,"href":"https:\/\/www.ilheusnoticias.net.br\/v1\/wp-json\/wp\/v2\/posts\/31486\/revisions"}],"predecessor-version":[{"id":31487,"href":"https:\/\/www.ilheusnoticias.net.br\/v1\/wp-json\/wp\/v2\/posts\/31486\/revisions\/31487"}],"wp:attachment":[{"href":"https:\/\/www.ilheusnoticias.net.br\/v1\/wp-json\/wp\/v2\/media?parent=31486"}],"wp:term":[{"taxonomy":"category","embeddable":true,"href":"https:\/\/www.ilheusnoticias.net.br\/v1\/wp-json\/wp\/v2\/categories?post=31486"},{"taxonomy":"post_tag","embeddable":true,"href":"https:\/\/www.ilheusnoticias.net.br\/v1\/wp-json\/wp\/v2\/tags?post=31486"}],"curies":[{"name":"wp","href":"https:\/\/api.w.org\/{rel}","templated":true}]}}