{"id":31484,"date":"2023-04-06T04:52:22","date_gmt":"2023-04-06T07:52:22","guid":{"rendered":"https:\/\/www.ilheusnoticias.net.br\/v1\/?p=31484"},"modified":"2023-04-06T04:52:22","modified_gmt":"2023-04-06T07:52:22","slug":"professora-de-ilheus-atua-em-creche-onde-criancas-foram-assassinadas-em-blumenau-momentos-de-terror-e-desespero","status":"publish","type":"post","link":"https:\/\/www.ilheusnoticias.net.br\/v1\/2023\/04\/06\/professora-de-ilheus-atua-em-creche-onde-criancas-foram-assassinadas-em-blumenau-momentos-de-terror-e-desespero\/","title":{"rendered":"Professora de Ilh\u00e9us atua em creche onde crian\u00e7as foram assassinadas em Blumenau: \u201dmomentos de terror e desespero\u201d"},"content":{"rendered":"<div class=\"PostHeaderIcons metadata-icons\"><img src=\"http:\/\/www.blogdothame.blog.br\/v1\/wp-content\/uploads\/2023\/04\/maria-celia-2.jpg\" \/><\/div>\n<div class=\"PostContent\">\n<div id=\"attachment_148670\" class=\"wp-caption aligncenter\">\n<p id=\"caption-attachment-148670\" class=\"wp-caption-text\">Maria C\u00e9lia Bezerra de Souza<\/p>\n<\/div>\n<p>A professora Maria C\u00e9lia Bezerra de Souza, natural de Ilh\u00e9us, trabalha na \u00a0Creche Cantinho do Bom Pastor, em Blumenau (SC), onde quatro crian\u00e7as foram assassinadas na manh\u00e3 desta quarta-feira.<\/p>\n<p>Em \u00e1udio, Maria C\u00e9lia narra os momentos de terror e a tentativa de evitar novas v\u00edtimas do ataque.<\/p>\n<p>\u201cN\u00f3s fizemos o poss\u00edvel para salvar as crian\u00e7as, quando vimos aquela criatura horr\u00edvel pular o muro da escola e come\u00e7ar a atacar os alunos foi muito terr\u00edvel. Ainda conseguimos impedir que outras quatro crian\u00e7as fossem assassinadas. Foram momentos de terror e de desespero. As escolas precisam de justi\u00e7a e de prote\u00e7\u00e3o\u201d, disse.<\/p>\n<p>&nbsp;<\/p>\n<p>Maria C\u00e9lia deu seu testemunho sobre o ataque hoje a tarde, na delegacia de \u00a0Blumenau e ainda est\u00e1 em estado de choque. Toda a comunidade escolar e familiares dos estudantes est\u00e3o recebendo acompanhamento de psic\u00f3logos.<\/p>\n<p>&nbsp;<\/p>\n<p>Hoje a tarde\u00a0 o presidente Lula anunciou um programa para conter a viol\u00eancia nas escolas. Na semana passada uma professora foi assassinada a facadas por um adolescente\u00a0 num col\u00e9gio em S\u00e3o Paulo<\/p>\n<\/div>\n","protected":false},"excerpt":{"rendered":"<p>Maria C\u00e9lia Bezerra de Souza A professora Maria C\u00e9lia Bezerra de Souza, natural de Ilh\u00e9us, trabalha na \u00a0Creche Cantinho do Bom Pastor, em Blumenau (SC), onde quatro crian\u00e7as foram assassinadas na manh\u00e3 desta quarta-feira. Em \u00e1udio, Maria C\u00e9lia narra os momentos de terror e a tentativa de evitar novas v\u00edtimas do ataque. \u201cN\u00f3s fizemos o [&hellip;]<\/p>\n","protected":false},"author":2,"featured_media":0,"comment_status":"open","ping_status":"open","sticky":false,"template":"","format":"standard","meta":{"_links_to":"","_links_to_target":""},"categories":[7,9,8,1],"tags":[],"_links":{"self":[{"href":"https:\/\/www.ilheusnoticias.net.br\/v1\/wp-json\/wp\/v2\/posts\/31484"}],"collection":[{"href":"https:\/\/www.ilheusnoticias.net.br\/v1\/wp-json\/wp\/v2\/posts"}],"about":[{"href":"https:\/\/www.ilheusnoticias.net.br\/v1\/wp-json\/wp\/v2\/types\/post"}],"author":[{"embeddable":true,"href":"https:\/\/www.ilheusnoticias.net.br\/v1\/wp-json\/wp\/v2\/users\/2"}],"replies":[{"embeddable":true,"href":"https:\/\/www.ilheusnoticias.net.br\/v1\/wp-json\/wp\/v2\/comments?post=31484"}],"version-history":[{"count":1,"href":"https:\/\/www.ilheusnoticias.net.br\/v1\/wp-json\/wp\/v2\/posts\/31484\/revisions"}],"predecessor-version":[{"id":31485,"href":"https:\/\/www.ilheusnoticias.net.br\/v1\/wp-json\/wp\/v2\/posts\/31484\/revisions\/31485"}],"wp:attachment":[{"href":"https:\/\/www.ilheusnoticias.net.br\/v1\/wp-json\/wp\/v2\/media?parent=31484"}],"wp:term":[{"taxonomy":"category","embeddable":true,"href":"https:\/\/www.ilheusnoticias.net.br\/v1\/wp-json\/wp\/v2\/categories?post=31484"},{"taxonomy":"post_tag","embeddable":true,"href":"https:\/\/www.ilheusnoticias.net.br\/v1\/wp-json\/wp\/v2\/tags?post=31484"}],"curies":[{"name":"wp","href":"https:\/\/api.w.org\/{rel}","templated":true}]}}