{"id":31482,"date":"2023-04-06T04:50:22","date_gmt":"2023-04-06T07:50:22","guid":{"rendered":"https:\/\/www.ilheusnoticias.net.br\/v1\/?p=31482"},"modified":"2023-04-06T04:50:22","modified_gmt":"2023-04-06T07:50:22","slug":"construcao-da-fiol-marca-um-novo-ciclo-economico-para-ilheus-afirma-prefeito-mario-alexandre","status":"publish","type":"post","link":"https:\/\/www.ilheusnoticias.net.br\/v1\/2023\/04\/06\/construcao-da-fiol-marca-um-novo-ciclo-economico-para-ilheus-afirma-prefeito-mario-alexandre\/","title":{"rendered":"&#8216;Constru\u00e7\u00e3o da FIOL marca um novo ciclo econ\u00f4mico para Ilh\u00e9us&#8217;, afirma prefeito M\u00e1rio Alexandre"},"content":{"rendered":"<div class=\"imagem thumbnail col-xs-12 col-sm-8 col-md-6 col-lg-6 imagem-materia\"><a class=\"fresco\" title=\"FIOL - Foto: Divulga\u00e7\u00e3o \/ Minist\u00e9rio da Infraestrutura\" href=\"https:\/\/portalfacilarquivos.blob.core.windows.net\/uploads\/ILHEUS\/imgOrig\/%7BD748D2A6-6E81-E4AD-3BE5-D0CDBACA4D28%7D.jpg\" data-fresco-caption=\"FIOL - Foto: Divulga\u00e7\u00e3o \/ Minist\u00e9rio da Infraestrutura\"><img loading=\"lazy\" title=\"FIOL - Foto: Divulga\u00e7\u00e3o \/ Minist\u00e9rio da Infraestrutura\" src=\"https:\/\/portalfacilarquivos.blob.core.windows.net\/uploads\/ILHEUS\/img\/%7BD748D2A6-6E81-E4AD-3BE5-D0CDBACA4D28%7D\/%7BD748D2A6-6E81-E4AD-3BE5-D0CDBACA4D28%7D_650X450.jpg\" alt=\"fiol\" width=\"650\" height=\"450\" \/><\/a><\/p>\n<p class=\"bg-primary\">FIOL &#8211; Foto: Divulga\u00e7\u00e3o \/ Minist\u00e9rio da Infraestrutura<\/p>\n<\/div>\n<p>Momento aguardado pela popula\u00e7\u00e3o do sul da Bahia, a constru\u00e7\u00e3o do Trecho 1 da Ferrovia Oeste-Leste (FIOL) foi anunciada pela BAMIN na \u00faltima ter\u00e7a-feira (4), com a presen\u00e7a do governador em exerc\u00edcio, Geraldo J\u00fanior, e executivos da empresa. O prefeito M\u00e1rio Alexandre comemorou a not\u00edcia e destacou a relev\u00e2ncia do empreendimento para Ilh\u00e9us, visto que o trecho em quest\u00e3o passar\u00e1 pela cidade.<\/p>\n<p>\u201cMais uma alegria, mais um sonho sendo concretizado. Agrade\u00e7o primeiramente a Deus, ao Governo do Estado e \u00e0 BAMIN, que tanto t\u00eam nos apoiado nesse processo de desenvolvimento social e econ\u00f4mico. Aqui teremos a constru\u00e7\u00e3o da FIOL, que\u00a0marca um novo ciclo econ\u00f4mico para Ilh\u00e9us, ligando a nossa cidade\u00a0a outras regi\u00f5es do pa\u00eds. Tamb\u00e9m agrade\u00e7o ao ministro Rui Costa, que \u00e9 um grande parceiro e\u00a0busca alternativas para o crescimento de toda a Bahia\u201d, assegurou o gestor.<\/p>\n<p><strong><a href=\"https:\/\/www.ilheus.ba.gov.br\/detalhe-da-materia\/info\/prefeito-mario-alexandre-participa-de-entrega-da-primeira-etapa-do-conjunto-de-obras-do-porto-sul\/154905\" target=\"_blank\" rel=\"noopener\">Em 2021, ao lado do ent\u00e3o governador Rui Costa, M\u00e1rio Alexandre participou da entrega da primeira etapa do conjunto de obras do Porto Sul.<\/a><\/strong>\u00a0Na oportunidade, Rui Costa anunciou melhorias estruturais para a Zona Norte de Ilh\u00e9us.\u00a0<strong><a href=\"https:\/\/www.ilheus.ba.gov.br\/detalhe-da-materia\/info\/mario-alexandre-visita-obras-do-porto-sul-e-destaca-importancia-do-empreendimento-para-a-bahia\/175887\" target=\"_blank\" rel=\"noopener\">No final do ano passado, acompanhado da deputada estadual Soane Galv\u00e3o, o prefeito acompanhou o avan\u00e7o das obras do terminal portu\u00e1rio.<\/a><\/strong><\/p>\n<p>&nbsp;<\/p>\n<div class=\"imagem thumbnail col-xs-12 col-sm-8 col-md-6 col-lg-6 imagem-materia\"><a class=\"fresco\" title=\"\" href=\"https:\/\/portalfacilarquivos.blob.core.windows.net\/uploads\/ILHEUS\/imgOrig\/%7BC1C7A0CE-EA0E-20CA-EAEB-3A47A07BAE80%7D.jpg\" data-fresco-caption=\"\"><img loading=\"lazy\" title=\"\" src=\"https:\/\/portalfacilarquivos.blob.core.windows.net\/uploads\/ILHEUS\/img\/%7BC1C7A0CE-EA0E-20CA-EAEB-3A47A07BAE80%7D\/%7BC1C7A0CE-EA0E-20CA-EAEB-3A47A07BAE80%7D_650X450.jpg\" alt=\"Porto Sul\" width=\"650\" height=\"450\" \/><\/a><\/div>\n<p>A comitiva conferiu a constru\u00e7\u00e3o do vi\u00e1rio que d\u00e1\u00a0acesso ao distrito de Itariri. Soane ratificou a import\u00e2ncia da parceria entre a Prefeitura e o Governo do Estado, ressaltando que o complexo intermodal possui os requisitos necess\u00e1rios para garantir o desenvolvimento social, econ\u00f4mico e sustent\u00e1vel do sul da Bahia.<\/p>\n<p>O cons\u00f3rcio TCR-10, formado pela brasileira Tiisa e pela chinesa CREC-10, ser\u00e1 o respons\u00e1vel por executar as obras em um trecho de 127 quil\u00f4metros da ferrovia. Conforme a BAMIN, a ordem de servi\u00e7o para o in\u00edcio da constru\u00e7\u00e3o do trecho, que tamb\u00e9m passa pelos munic\u00edpios de Uru\u00e7uca, Ubaitaba, Gongogi, Itagib\u00e1, Aurelino Leal e Aiquara, dever\u00e1 ser assinada em at\u00e9 15 dias.<\/p>\n<p>Os servi\u00e7os somam recursos na ordem de R$ 1,1 bilh\u00e3o e t\u00eam previs\u00e3o de conclus\u00e3o em at\u00e9 tr\u00eas anos. A estimativa \u00e9 que 1,2 mil postos de trabalho sejam gerados, no decorrer da constru\u00e7\u00e3o do Lote F1.<\/p>\n<p>&nbsp;<\/p>\n<div class=\"imagem thumbnail col-xs-12 col-sm-8 col-md-6 col-lg-6 imagem-materia\"><a class=\"fresco\" title=\"\" href=\"https:\/\/portalfacilarquivos.blob.core.windows.net\/uploads\/ILHEUS\/imgOrig\/%7BCACBDA2B-CED6-BBBE-ACCE-2D1BEC0B67D2%7D.jpg\" data-fresco-caption=\"\"><img loading=\"lazy\" title=\"\" src=\"https:\/\/portalfacilarquivos.blob.core.windows.net\/uploads\/ILHEUS\/img\/%7BCACBDA2B-CED6-BBBE-ACCE-2D1BEC0B67D2%7D\/%7BCACBDA2B-CED6-BBBE-ACCE-2D1BEC0B67D2%7D_650X450.jpg\" alt=\"Porto Sul\" width=\"650\" height=\"450\" \/><\/a><\/div>\n<p><strong>Corredor log\u00edstico de exporta\u00e7\u00e3o para o Brasil \u2013<\/strong>\u00a0A FIOL vai elevar a Bahia ao lugar de terceiro maior produtor de min\u00e9rio de ferro do Brasil, ficando atr\u00e1s somente do Par\u00e1 e Minas Gerais. A inje\u00e7\u00e3o de investimentos da BAMIN para execu\u00e7\u00e3o do intermodal \u00e9 da ordem de R$ 20 bilh\u00f5es, recurso que inclui tamb\u00e9m a opera\u00e7\u00e3o da Mina Pedra de Ferro, localizada em Caetit\u00e9.<\/p>\n<p>Os equipamentos representam um dos maiores projetos de infraestrutura de transporte do pa\u00eds, com potencial para alavancar tamb\u00e9m outras cadeias produtivas, como o agroneg\u00f3cio. A ferrovia ter\u00e1 capacidade para movimentar 60 milh\u00f5es de toneladas de carga por ano.<\/p>\n","protected":false},"excerpt":{"rendered":"<p>FIOL &#8211; Foto: Divulga\u00e7\u00e3o \/ Minist\u00e9rio da Infraestrutura Momento aguardado pela popula\u00e7\u00e3o do sul da Bahia, a constru\u00e7\u00e3o do Trecho 1 da Ferrovia Oeste-Leste (FIOL) foi anunciada pela BAMIN na \u00faltima ter\u00e7a-feira (4), com a presen\u00e7a do governador em exerc\u00edcio, Geraldo J\u00fanior, e executivos da empresa. O prefeito M\u00e1rio Alexandre comemorou a not\u00edcia e destacou [&hellip;]<\/p>\n","protected":false},"author":2,"featured_media":0,"comment_status":"open","ping_status":"open","sticky":false,"template":"","format":"standard","meta":{"_links_to":"","_links_to_target":""},"categories":[7,9,8,1],"tags":[],"_links":{"self":[{"href":"https:\/\/www.ilheusnoticias.net.br\/v1\/wp-json\/wp\/v2\/posts\/31482"}],"collection":[{"href":"https:\/\/www.ilheusnoticias.net.br\/v1\/wp-json\/wp\/v2\/posts"}],"about":[{"href":"https:\/\/www.ilheusnoticias.net.br\/v1\/wp-json\/wp\/v2\/types\/post"}],"author":[{"embeddable":true,"href":"https:\/\/www.ilheusnoticias.net.br\/v1\/wp-json\/wp\/v2\/users\/2"}],"replies":[{"embeddable":true,"href":"https:\/\/www.ilheusnoticias.net.br\/v1\/wp-json\/wp\/v2\/comments?post=31482"}],"version-history":[{"count":1,"href":"https:\/\/www.ilheusnoticias.net.br\/v1\/wp-json\/wp\/v2\/posts\/31482\/revisions"}],"predecessor-version":[{"id":31483,"href":"https:\/\/www.ilheusnoticias.net.br\/v1\/wp-json\/wp\/v2\/posts\/31482\/revisions\/31483"}],"wp:attachment":[{"href":"https:\/\/www.ilheusnoticias.net.br\/v1\/wp-json\/wp\/v2\/media?parent=31482"}],"wp:term":[{"taxonomy":"category","embeddable":true,"href":"https:\/\/www.ilheusnoticias.net.br\/v1\/wp-json\/wp\/v2\/categories?post=31482"},{"taxonomy":"post_tag","embeddable":true,"href":"https:\/\/www.ilheusnoticias.net.br\/v1\/wp-json\/wp\/v2\/tags?post=31482"}],"curies":[{"name":"wp","href":"https:\/\/api.w.org\/{rel}","templated":true}]}}