{"id":31480,"date":"2023-04-06T04:47:20","date_gmt":"2023-04-06T07:47:20","guid":{"rendered":"https:\/\/www.ilheusnoticias.net.br\/v1\/?p=31480"},"modified":"2023-04-06T04:47:20","modified_gmt":"2023-04-06T07:47:20","slug":"cgm-em-acao-orientacao-tecnica-nllc-medida-provisoria-n-1-167-2023-prorrogacao-de-leis","status":"publish","type":"post","link":"https:\/\/www.ilheusnoticias.net.br\/v1\/2023\/04\/06\/cgm-em-acao-orientacao-tecnica-nllc-medida-provisoria-n-1-167-2023-prorrogacao-de-leis\/","title":{"rendered":"CGM EM A\u00c7\u00c3O: Orienta\u00e7\u00e3o T\u00e9cnica NLLC &#8211; Medida Provis\u00f3ria n.1.167\/2023 &#8211; Prorroga\u00e7\u00e3o de Leis"},"content":{"rendered":"<p align=\"center\"><strong><u>REUNI\u00c3O CGM<\/u><\/strong><\/p>\n<p>&nbsp;<\/p>\n<p><strong>ORIENTA\u00c7\u00c3O T\u00c9CNICA NLLC &#8211; Medida Provis\u00f3ria n.1.167\/2023 &#8211; Prorroga\u00e7\u00e3o das Leis n.8.666\/93,10.520\/02 e 12.462\/11.<\/strong><\/p>\n<p><img loading=\"lazy\" class=\"\" src=\"https:\/\/portalfacilarquivos.blob.core.windows.net\/uploads\/ILHEUS\/imgOrig\/%7BE625CB37-D87B-E2ED-04EE-727A3DD53DDD%7D.jpg\" alt=\"\" width=\"499\" height=\"665\" \/><a class=\"fresco\" href=\"https:\/\/portalfacilarquivos.blob.core.windows.net\/uploads\/ILHEUS\/imgOrig\/%7B6012BAD8-05E4-61AE-D55E-B3AD50EA3ED0%7D.jpg\"><img src=\"https:\/\/portalfacilarquivos.blob.core.windows.net\/uploads\/ILHEUS\/imgOrig\/%7B6012BAD8-05E4-61AE-D55E-B3AD50EA3ED0%7D.jpg\" alt=\"\" \/><\/a><\/p>\n<p>&nbsp;<\/p>\n<p><strong>Tema<\/strong>:Nova Lei de Licita\u00e7\u00f5es : Readequa\u00e7\u00e3o do Marco Temporal\u00a0e o que ocorrer<\/p>\n<p>No dia 04 de abril de 2023, \u00e0s 15h45, na sede da Controladoria Geral do Munic\u00edpio, \u00a0reuniram-se\u00a0servidores da Prefeitura Municipal \u00a0com o objetivo receber orienta\u00e7\u00f5es em rela\u00e7\u00e3o ao NLLC(Nova Lei de Licita\u00e7\u00e3o e Contratos).<\/p>\n<p>Estiveram presentes servidores da Gest\u00e3o(setor de contratos, compras e licita\u00e7\u00f5es), Sa\u00fade(ger\u00eancia e licita\u00e7\u00f5es),Controladoria(transpar\u00eancia e licita\u00e7\u00f5es), Procuradoria(assessoria do gabinete) e da Assessoria Marla Oliveira.<\/p>\n<p>O tema central foi a Readequa\u00e7\u00e3o do Marco Temporal de transi\u00e7\u00e3o dos\u00a0regimes jur\u00eddicos de contrata\u00e7\u00f5es p\u00fablicas para a\u00a0integral aplicabilidade da Lei Federal n. 14.133, de 1\u00ba\u00a0de abril de 2021, que instituiu novo regime de\u00a0icita\u00e7\u00f5es e contratos no \u00e2mbito da Administra\u00e7\u00e3o\u00a0P\u00fablica municipal direta, aut\u00e1rquica e fundacional.<\/p>\n","protected":false},"excerpt":{"rendered":"<p>REUNI\u00c3O CGM &nbsp; ORIENTA\u00c7\u00c3O T\u00c9CNICA NLLC &#8211; Medida Provis\u00f3ria n.1.167\/2023 &#8211; Prorroga\u00e7\u00e3o das Leis n.8.666\/93,10.520\/02 e 12.462\/11. &nbsp; Tema:Nova Lei de Licita\u00e7\u00f5es : Readequa\u00e7\u00e3o do Marco Temporal\u00a0e o que ocorrer No dia 04 de abril de 2023, \u00e0s 15h45, na sede da Controladoria Geral do Munic\u00edpio, \u00a0reuniram-se\u00a0servidores da Prefeitura Municipal \u00a0com o objetivo receber orienta\u00e7\u00f5es [&hellip;]<\/p>\n","protected":false},"author":2,"featured_media":0,"comment_status":"open","ping_status":"open","sticky":false,"template":"","format":"standard","meta":{"_links_to":"","_links_to_target":""},"categories":[7,9,8,1],"tags":[],"_links":{"self":[{"href":"https:\/\/www.ilheusnoticias.net.br\/v1\/wp-json\/wp\/v2\/posts\/31480"}],"collection":[{"href":"https:\/\/www.ilheusnoticias.net.br\/v1\/wp-json\/wp\/v2\/posts"}],"about":[{"href":"https:\/\/www.ilheusnoticias.net.br\/v1\/wp-json\/wp\/v2\/types\/post"}],"author":[{"embeddable":true,"href":"https:\/\/www.ilheusnoticias.net.br\/v1\/wp-json\/wp\/v2\/users\/2"}],"replies":[{"embeddable":true,"href":"https:\/\/www.ilheusnoticias.net.br\/v1\/wp-json\/wp\/v2\/comments?post=31480"}],"version-history":[{"count":1,"href":"https:\/\/www.ilheusnoticias.net.br\/v1\/wp-json\/wp\/v2\/posts\/31480\/revisions"}],"predecessor-version":[{"id":31481,"href":"https:\/\/www.ilheusnoticias.net.br\/v1\/wp-json\/wp\/v2\/posts\/31480\/revisions\/31481"}],"wp:attachment":[{"href":"https:\/\/www.ilheusnoticias.net.br\/v1\/wp-json\/wp\/v2\/media?parent=31480"}],"wp:term":[{"taxonomy":"category","embeddable":true,"href":"https:\/\/www.ilheusnoticias.net.br\/v1\/wp-json\/wp\/v2\/categories?post=31480"},{"taxonomy":"post_tag","embeddable":true,"href":"https:\/\/www.ilheusnoticias.net.br\/v1\/wp-json\/wp\/v2\/tags?post=31480"}],"curies":[{"name":"wp","href":"https:\/\/api.w.org\/{rel}","templated":true}]}}