{"id":31477,"date":"2023-04-06T04:45:12","date_gmt":"2023-04-06T07:45:12","guid":{"rendered":"https:\/\/www.ilheusnoticias.net.br\/v1\/?p=31477"},"modified":"2023-04-06T04:57:02","modified_gmt":"2023-04-06T07:57:02","slug":"medicos-do-samu-ja-receberam-salarios-da-secretaria-de-saude-de-ilheus-entenda-porque-houve-atraso","status":"publish","type":"post","link":"https:\/\/www.ilheusnoticias.net.br\/v1\/2023\/04\/06\/medicos-do-samu-ja-receberam-salarios-da-secretaria-de-saude-de-ilheus-entenda-porque-houve-atraso\/","title":{"rendered":"M\u00e9dicos do SAMU j\u00e1 receberam sal\u00e1rios da Secretaria de Sa\u00fade de Ilh\u00e9us.  Entenda porque houve atraso."},"content":{"rendered":"<div><img loading=\"lazy\" class=\"alignnone size-full wp-image-31488\" src=\"https:\/\/www.ilheusnoticias.net.br\/v1\/wp-content\/uploads\/2023\/04\/Dr.-Andre-Cesario-Sec-Saude.jpg\" alt=\"\" width=\"600\" height=\"600\" srcset=\"https:\/\/www.ilheusnoticias.net.br\/v1\/wp-content\/uploads\/2023\/04\/Dr.-Andre-Cesario-Sec-Saude.jpg 600w, https:\/\/www.ilheusnoticias.net.br\/v1\/wp-content\/uploads\/2023\/04\/Dr.-Andre-Cesario-Sec-Saude-300x300.jpg 300w, https:\/\/www.ilheusnoticias.net.br\/v1\/wp-content\/uploads\/2023\/04\/Dr.-Andre-Cesario-Sec-Saude-150x150.jpg 150w\" sizes=\"(max-width: 600px) 100vw, 600px\" \/><\/div>\n<div><\/div>\n<div><\/div>\n<div><\/div>\n<div class=\"imagem thumbnail col-xs-12 col-sm-8 col-md-6 col-lg-6 imagem-materia\">A Secretaria Municipal de Sa\u00fade (Sesau) esclarece que os repasses para pagamento dos m\u00e9dicos Pessoas Jur\u00eddicas (PJs) lotados no Servi\u00e7o de Atendimento M\u00f3vel de Urg\u00eancia (SAMU) est\u00e3o assegurados. O \u00f3rg\u00e3o explica que n\u00e3o procede a informa\u00e7\u00e3o de que os profissionais estavam\u00a0\u201ch\u00e1 90 dias sem sal\u00e1rios\u201d. Ocorre que a presta\u00e7\u00e3o de servi\u00e7os m\u00e9dicos entre as empresas e a administra\u00e7\u00e3o p\u00fablica \u00e9 feita mediante contrato e dentro dos prazos legais para pagamento.<\/div>\n<p>Ressalta-se que as pend\u00eancias j\u00e1 foram sanadas e o pagamento ontem quarta-feira (5). O funcionamento do SAMU est\u00e1 mantido normalmente, bem como todos os servi\u00e7os de sa\u00fade do munic\u00edpio.<\/p>\n<p>O atraso, de 20 dias, se deu por quest\u00f5es administrativas com alguns m\u00e9dicos que desempenham a fun\u00e7\u00e3o como PJs. A Sesau acrescenta que \u00e9 imprescind\u00edvel estar com a documenta\u00e7\u00e3o regularizada e manter os impostos em dia para efetiva\u00e7\u00e3o do pagamento, caso contr\u00e1rio, o repasse ficar\u00e1 pendente, ocasionando atrasos.<\/p>\n<p>A administra\u00e7\u00e3o destaca o trabalho comprometido e eficiente prestado pelos m\u00e9dicos n\u00e3o apenas \u00e0 popula\u00e7\u00e3o de Ilh\u00e9us, mas de outros munic\u00edpios que integram a \u00e1rea de abrang\u00eancia do SAMU.<\/p>\n","protected":false},"excerpt":{"rendered":"<p>A Secretaria Municipal de Sa\u00fade (Sesau) esclarece que os repasses para pagamento dos m\u00e9dicos Pessoas Jur\u00eddicas (PJs) lotados no Servi\u00e7o de Atendimento M\u00f3vel de Urg\u00eancia (SAMU) est\u00e3o assegurados. O \u00f3rg\u00e3o explica que n\u00e3o procede a informa\u00e7\u00e3o de que os profissionais estavam\u00a0\u201ch\u00e1 90 dias sem sal\u00e1rios\u201d. Ocorre que a presta\u00e7\u00e3o de servi\u00e7os m\u00e9dicos entre as empresas [&hellip;]<\/p>\n","protected":false},"author":2,"featured_media":0,"comment_status":"open","ping_status":"open","sticky":false,"template":"","format":"standard","meta":{"_links_to":"","_links_to_target":""},"categories":[7,9,8,1],"tags":[],"_links":{"self":[{"href":"https:\/\/www.ilheusnoticias.net.br\/v1\/wp-json\/wp\/v2\/posts\/31477"}],"collection":[{"href":"https:\/\/www.ilheusnoticias.net.br\/v1\/wp-json\/wp\/v2\/posts"}],"about":[{"href":"https:\/\/www.ilheusnoticias.net.br\/v1\/wp-json\/wp\/v2\/types\/post"}],"author":[{"embeddable":true,"href":"https:\/\/www.ilheusnoticias.net.br\/v1\/wp-json\/wp\/v2\/users\/2"}],"replies":[{"embeddable":true,"href":"https:\/\/www.ilheusnoticias.net.br\/v1\/wp-json\/wp\/v2\/comments?post=31477"}],"version-history":[{"count":2,"href":"https:\/\/www.ilheusnoticias.net.br\/v1\/wp-json\/wp\/v2\/posts\/31477\/revisions"}],"predecessor-version":[{"id":31489,"href":"https:\/\/www.ilheusnoticias.net.br\/v1\/wp-json\/wp\/v2\/posts\/31477\/revisions\/31489"}],"wp:attachment":[{"href":"https:\/\/www.ilheusnoticias.net.br\/v1\/wp-json\/wp\/v2\/media?parent=31477"}],"wp:term":[{"taxonomy":"category","embeddable":true,"href":"https:\/\/www.ilheusnoticias.net.br\/v1\/wp-json\/wp\/v2\/categories?post=31477"},{"taxonomy":"post_tag","embeddable":true,"href":"https:\/\/www.ilheusnoticias.net.br\/v1\/wp-json\/wp\/v2\/tags?post=31477"}],"curies":[{"name":"wp","href":"https:\/\/api.w.org\/{rel}","templated":true}]}}