{"id":31475,"date":"2023-04-05T17:23:37","date_gmt":"2023-04-05T20:23:37","guid":{"rendered":"https:\/\/www.ilheusnoticias.net.br\/v1\/?p=31475"},"modified":"2023-04-05T17:23:37","modified_gmt":"2023-04-05T20:23:37","slug":"homem-e-preso-e-111-kg-de-drogas-sao-apreendidos-no-interior-da-bahia","status":"publish","type":"post","link":"https:\/\/www.ilheusnoticias.net.br\/v1\/2023\/04\/05\/homem-e-preso-e-111-kg-de-drogas-sao-apreendidos-no-interior-da-bahia\/","title":{"rendered":"Homem \u00e9 preso e 111 kg de drogas s\u00e3o apreendidos no interior da Bahia"},"content":{"rendered":"<div class=\"row content-head non-featured \">\n<div class=\"title\" data-block-type=\"title\" data-block-id=\"0\"><\/div>\n<\/div>\n<div class=\"mc-article-body\">\n<article>\n<div id=\"chunk-112kj\">\n<div class=\"row medium-uncollapsed content-media content-photo\" data-block-type=\"backstage-photo\" data-block-id=\"1\">\n<div class=\"mc-column content-media__container\">\n<div class=\"content-media-container glb-skeleton-box\">\n<figure class=\"content-media-figure\"><img class=\"i-amphtml-fill-content i-amphtml-replaced-content\" src=\"https:\/\/s2.glbimg.com\/zLH7e2TbrEYiqfOEwlLHFw6LVcs=\/0x13:720x557\/984x0\/smart\/filters:strip_icc()\/i.s3.glbimg.com\/v1\/AUTH_59edd422c0c84a879bd37670ae4f538a\/internal_photos\/bs\/2023\/i\/m\/EG2Lc6SHuH20NosKvJ8g\/whatsapp-image-2023-04-05-at-14.48.07.jpeg\" sizes=\"(max-width: 1242px) 648px, 100vw\" srcset=\"https:\/\/s2.glbimg.com\/ZkD3rwpHQxptAjJlej5oJi5wF6E=\/0x13:720x557\/1000x0\/smart\/filters:strip_icc()\/i.s3.glbimg.com\/v1\/AUTH_59edd422c0c84a879bd37670ae4f538a\/internal_photos\/bs\/2023\/i\/m\/EG2Lc6SHuH20NosKvJ8g\/whatsapp-image-2023-04-05-at-14.48.07.jpeg 1000w, https:\/\/s2.glbimg.com\/zLH7e2TbrEYiqfOEwlLHFw6LVcs=\/0x13:720x557\/984x0\/smart\/filters:strip_icc()\/i.s3.glbimg.com\/v1\/AUTH_59edd422c0c84a879bd37670ae4f538a\/internal_photos\/bs\/2023\/i\/m\/EG2Lc6SHuH20NosKvJ8g\/whatsapp-image-2023-04-05-at-14.48.07.jpeg 984w, https:\/\/s2.glbimg.com\/bDccRGLU6A8Mn2YAN04_Meua7ns=\/0x13:720x557\/640x0\/smart\/filters:strip_icc()\/i.s3.glbimg.com\/v1\/AUTH_59edd422c0c84a879bd37670ae4f538a\/internal_photos\/bs\/2023\/i\/m\/EG2Lc6SHuH20NosKvJ8g\/whatsapp-image-2023-04-05-at-14.48.07.jpeg 640w, https:\/\/s2.glbimg.com\/iIS60y68TxiWi2I3YApB6UGVawY=\/0x13:720x557\/600x0\/smart\/filters:strip_icc()\/i.s3.glbimg.com\/v1\/AUTH_59edd422c0c84a879bd37670ae4f538a\/internal_photos\/bs\/2023\/i\/m\/EG2Lc6SHuH20NosKvJ8g\/whatsapp-image-2023-04-05-at-14.48.07.jpeg 600w\" alt=\"Um homem foi preso e 111 kg de drogas foram apreendidos em Jo\u00e3o Dourado, no interior da Bahia \u2014 Foto: Divulga\u00e7\u00e3o\/Ascom-PC\" \/><\/figure>\n<\/div>\n<p class=\"content-media__description \">Um homem foi preso e 111 kg de drogas foram apreendidos em Jo\u00e3o Dourado, no interior da Bahia \u2014 Foto: Divulga\u00e7\u00e3o\/Ascom-PC<\/p>\n<\/div>\n<\/div>\n<\/div>\n<div id=\"chunk-g8av\">\n<div class=\"mc-column content-text active-extra-styles \" data-block-type=\"unstyled\" data-block-weight=\"35\" data-block-id=\"3\">\n<p class=\"content-text__container \" data-track-category=\"Link no Texto\" data-track-links=\"\">Um homem foi preso em flagrante e 111 kg de drogas foram apreendidos nesta quarta-feira (5), na zona rural da cidade de Jo\u00e3o Dourado, no norte da Bahia. A informa\u00e7\u00e3o \u00e9 da Pol\u00edcia Civil.<\/p>\n<\/div>\n<\/div>\n<div class=\"wall protected-content\">\n<div id=\"chunk-3kd5n\">\n<div class=\"mc-column content-text active-extra-styles \" data-block-type=\"unstyled\" data-block-weight=\"40\" data-block-id=\"4\">\n<p class=\"content-text__container \" data-track-category=\"Link no Texto\" data-track-links=\"\">A pris\u00e3o e apreens\u00e3o ocorreram durante a Opera\u00e7\u00e3o Medrado, realizada pela 14\u00aa Coordenadoria Regional de Pol\u00edcia do Interior (Coorpin\/Irec\u00ea), pela Delegacia de T\u00f3xicos e Entorpecentes (DTE), pela Coordena\u00e7\u00e3o de Apoio T\u00e9cnico \u00e0 Investiga\u00e7\u00e3o (Cati\/Chapada) e pela delegacia do munic\u00edpio.<\/p>\n<\/div>\n<\/div>\n<div id=\"chunk-2gsnq\">\n<div class=\"mc-column content-text active-extra-styles \" data-block-type=\"unstyled\" data-block-weight=\"20\" data-block-id=\"5\">\n<p class=\"content-text__container \" data-track-category=\"Link no Texto\" data-track-links=\"\">De acordo com o coordenador da 14\u00aa Coorpin, delegado Ernandes Reis, as drogas est\u00e3o avaliadas em R$ 700 mil.<\/p>\n<\/div>\n<\/div>\n<div id=\"chunk-1g2qt\">\n<div class=\"mc-column content-text active-extra-styles \" data-block-type=\"unstyled\" data-block-weight=\"37\" data-block-id=\"6\">\n<p class=\"content-text__container \" data-track-category=\"Link no Texto\" data-track-links=\"\">No local, conhecido como &#8220;quartel&#8221; do tr\u00e1fico de drogas, foram encontrados 100 quilos de maconha divididos em 41 tabletes prensados e 51 sacos a granel, al\u00e9m de 11 tabletes de coca\u00edna, com alto grau de pureza.<\/p>\n<\/div>\n<\/div>\n<div id=\"chunk-bc1c\">\n<div class=\"mc-column content-text active-extra-styles \" data-block-type=\"unstyled\" data-block-weight=\"40\" data-block-id=\"8\">\n<p class=\"content-text__container \" data-track-category=\"Link no Texto\" data-track-links=\"\">&#8220;\u00c9 uma organiza\u00e7\u00e3o liderada por uma fam\u00edlia. Ap\u00f3s meses de trabalho investigativo e em continuidade \u00e0 opera\u00e7\u00e3o que j\u00e1 realizou mais de 30 pris\u00f5es de integrantes do grupo, o local onde eles armazenavam as drogas foi localizado\u201d, explicou Ernandes Reis.<\/p>\n<\/div>\n<\/div>\n<div id=\"chunk-25tjf\">\n<div class=\"mc-column content-text active-extra-styles \" data-block-type=\"unstyled\" data-block-weight=\"14\" data-block-id=\"9\">\n<p class=\"content-text__container \" data-track-category=\"Link no Texto\" data-track-links=\"\">O homem preso foi interrogado e deve ser encaminhado para o sistema prisional.<\/p>\n<\/div>\n<\/div>\n<\/div>\n<\/article>\n<\/div>\n","protected":false},"excerpt":{"rendered":"<p>Um homem foi preso e 111 kg de drogas foram apreendidos em Jo\u00e3o Dourado, no interior da Bahia \u2014 Foto: Divulga\u00e7\u00e3o\/Ascom-PC Um homem foi preso em flagrante e 111 kg de drogas foram apreendidos nesta quarta-feira (5), na zona rural da cidade de Jo\u00e3o Dourado, no norte da Bahia. A informa\u00e7\u00e3o \u00e9 da Pol\u00edcia Civil. [&hellip;]<\/p>\n","protected":false},"author":2,"featured_media":0,"comment_status":"open","ping_status":"open","sticky":false,"template":"","format":"standard","meta":{"_links_to":"","_links_to_target":""},"categories":[7,9,8,1],"tags":[],"_links":{"self":[{"href":"https:\/\/www.ilheusnoticias.net.br\/v1\/wp-json\/wp\/v2\/posts\/31475"}],"collection":[{"href":"https:\/\/www.ilheusnoticias.net.br\/v1\/wp-json\/wp\/v2\/posts"}],"about":[{"href":"https:\/\/www.ilheusnoticias.net.br\/v1\/wp-json\/wp\/v2\/types\/post"}],"author":[{"embeddable":true,"href":"https:\/\/www.ilheusnoticias.net.br\/v1\/wp-json\/wp\/v2\/users\/2"}],"replies":[{"embeddable":true,"href":"https:\/\/www.ilheusnoticias.net.br\/v1\/wp-json\/wp\/v2\/comments?post=31475"}],"version-history":[{"count":1,"href":"https:\/\/www.ilheusnoticias.net.br\/v1\/wp-json\/wp\/v2\/posts\/31475\/revisions"}],"predecessor-version":[{"id":31476,"href":"https:\/\/www.ilheusnoticias.net.br\/v1\/wp-json\/wp\/v2\/posts\/31475\/revisions\/31476"}],"wp:attachment":[{"href":"https:\/\/www.ilheusnoticias.net.br\/v1\/wp-json\/wp\/v2\/media?parent=31475"}],"wp:term":[{"taxonomy":"category","embeddable":true,"href":"https:\/\/www.ilheusnoticias.net.br\/v1\/wp-json\/wp\/v2\/categories?post=31475"},{"taxonomy":"post_tag","embeddable":true,"href":"https:\/\/www.ilheusnoticias.net.br\/v1\/wp-json\/wp\/v2\/tags?post=31475"}],"curies":[{"name":"wp","href":"https:\/\/api.w.org\/{rel}","templated":true}]}}