{"id":31469,"date":"2023-04-05T17:15:40","date_gmt":"2023-04-05T20:15:40","guid":{"rendered":"https:\/\/www.ilheusnoticias.net.br\/v1\/?p=31469"},"modified":"2023-04-05T17:15:40","modified_gmt":"2023-04-05T20:15:40","slug":"quatro-criancas-sao-mortas-em-ataque-a-creche-em-blumenau-homem-foi-preso","status":"publish","type":"post","link":"https:\/\/www.ilheusnoticias.net.br\/v1\/2023\/04\/05\/quatro-criancas-sao-mortas-em-ataque-a-creche-em-blumenau-homem-foi-preso\/","title":{"rendered":"Quatro crian\u00e7as s\u00e3o mortas em ataque a creche em Blumenau; homem foi preso"},"content":{"rendered":"<div class=\"row content-head non-featured \">\n<div class=\"title\" data-block-type=\"title\" data-block-id=\"0\"><\/div>\n<\/div>\n<div class=\"content__signa-share\">\n<div class=\"content__signature\">\n<div class=\"content-publication-data\">\n<div class=\"content-publication-data__text\">\n<p class=\"content-publication-data__updated\"><img class=\"content-video__placeholder__thumb\" title=\"Criminoso invade creche com uma machadinha e mata 4 crian\u00e7as em Blumenau\" src=\"https:\/\/s01.video.glbimg.com\/x240\/11509432.jpg\" alt=\"Criminoso invade creche com uma machadinha e mata 4 crian\u00e7as em Blumenau\" \/><\/p>\n<\/div>\n<\/div>\n<\/div>\n<\/div>\n<div class=\"mc-article-body\">\n<article>\n<div id=\"chunk-59t69\">\n<div class=\"bs-video-block mc-column  content-media content-video\" data-block-type=\"backstage-video\" data-block-id=\"1\">\n<div class=\"content-media__container\">\n<div class=\"content-video__bigger-player-description-fixer\">\n<article class=\"content-video\">\n<section class=\"content-video__video-container\">\n<div class=\"content-video__video\">\n<div id=\"wp3-player-2\" class=\"clappr-player\" tabindex=\"9999\" data-player=\"\">\n<div class=\"media-control media-control-hide h720 w960\">\n<div class=\"media-control-panel\">\n<div class=\"media-control-panel__lower\" data-controls=\"\">\n<div class=\"opposites-container\">\n<div class=\"media-control-position__right\">Criminoso invade creche com uma machadinha e mata 4 crian\u00e7as em Blumenau<\/div>\n<\/div>\n<\/div>\n<\/div>\n<\/div>\n<\/div>\n<\/div>\n<\/section>\n<\/article>\n<\/div>\n<\/div>\n<\/div>\n<\/div>\n<div id=\"chunk-bvhq\">\n<div class=\"mc-column content-text active-extra-styles \" data-block-type=\"unstyled\" data-block-weight=\"30\" data-block-id=\"3\">\n<p class=\"content-text__container \" data-track-category=\"Link no Texto\" data-track-links=\"\">Uma creche foi alvo de um ataque na manh\u00e3 desta quarta-feira (5) em\u00a0<a class=\"\" href=\"https:\/\/g1.globo.com\/sc\/santa-catarina\/cidade\/blumenau\/\">Blumenau<\/a>, no Vale do Itaja\u00ed, em Santa Catarina.\u00a0<a class=\"\" href=\"https:\/\/g1.globo.com\/sc\/santa-catarina\/noticia\/2023\/04\/05\/ataque-a-creche-em-blumenau-veja-quem-sao-as-vitimas.ghtml\">Quatro crian\u00e7as foram mortas<\/a>\u00a0e cinco ficaram feridas.<\/p>\n<\/div>\n<\/div>\n<div class=\"wall protected-content\">\n<div id=\"chunk-4a79q\">\n<div class=\"mc-column content-text active-extra-styles \" data-block-type=\"unstyled\" data-block-weight=\"28\" data-block-id=\"4\">\n<p class=\"content-text__container \" data-track-category=\"Link no Texto\" data-track-links=\"\">O ataque aconteceu no in\u00edcio da manh\u00e3 na creche Cantinho Bom Pastor, que fica na rua dos Ca\u00e7adores, no bairro Velha. A unidade de ensino \u00e9 particular.<\/p>\n<\/div>\n<\/div>\n<div id=\"chunk-aljof\">\n<div class=\"mc-column content-text active-extra-styles \" data-block-type=\"unstyled\" data-block-weight=\"23\" data-block-id=\"5\">\n<p class=\"content-text__container \" data-track-category=\"Link no Texto\" data-track-links=\"\">Na a\u00e7\u00e3o, quatro crian\u00e7as foram mortas, entre elas tr\u00eas meninos e uma menina com idades de 4 a 7 anos. As v\u00edtimas s\u00e3o:<\/p>\n<\/div>\n<\/div>\n<div class=\"mc-column content-text active-extra-styles\" data-block-type=\"raw\" data-block-weight=\"25\" data-block-id=\"6\">\n<p class=\"content-text__container\">\n<ul class=\"content-unordered-list\">\n<li>Bernardo Cunha Machado &#8211; 5 anos<\/li>\n<li>Bernardo Pabst da Cunha &#8211; 4 anos<\/li>\n<li>Larissa Maia Toldo &#8211; 7 anos<\/li>\n<li>Enzo Marchesin Barbosa &#8211; 4 anos<\/li>\n<\/ul>\n<\/div>\n<div id=\"chunk-6kfdr\">\n<div class=\"content-ads content-ads--reveal\" data-block-type=\"ads\" data-block-id=\"7\"><\/div>\n<\/div>\n<div id=\"chunk-9d6mh\">\n<div class=\"mc-column content-text active-extra-styles \" data-block-type=\"unstyled\" data-block-weight=\"47\" data-block-id=\"8\">\n<p class=\"content-text__container \" data-track-category=\"Link no Texto\" data-track-links=\"\">O ataque ocorreu menos de dez dias ap\u00f3s uma escola em S\u00e3o Paulo ser alvo de um aluno\u00a0<a class=\"\" href=\"https:\/\/g1.globo.com\/sp\/sao-paulo\/noticia\/2023\/03\/27\/professores-e-alunos-sao-esfaqueados-dentro-de-escola-estadual-na-zona-sul-de-sp-diz-pm.ghtml\">que matou a professora com golpes de faca<\/a>\u00a0e deixou outras tr\u00eas feridas, al\u00e9m de um estudante. Desde 2011, mais de 10 escolas foram atacadas por criminosos no Brasil.<\/p>\n<\/div>\n<\/div>\n<div class=\"mc-column content-text active-extra-styles\" data-block-type=\"raw\" data-block-weight=\"3\" data-block-id=\"9\">\n<p class=\"content-text__container\">\n<div class=\"content-intertitle\">\n<h2><strong>O que aconteceu?<\/strong><\/h2>\n<\/div>\n<\/div>\n<div id=\"chunk-e8smp\">\n<div class=\"mc-column content-text active-extra-styles \" data-block-type=\"unstyled\" data-block-weight=\"57\" data-block-id=\"10\">\n<p class=\"content-text__container \" data-track-category=\"Link no Texto\" data-track-links=\"\">Segundo a pol\u00edcia, um homem de 25 anos pulou o muro da creche e iniciou o ataque contra as crian\u00e7as com uma machadinha. As v\u00edtimas foram atingidas na regi\u00e3o da cabe\u00e7a. Ap\u00f3s a a\u00e7\u00e3o, ele se entregou no Batalh\u00e3o da PM. O<strong> suspeito tem passagens por porte de drogas, les\u00e3o e dano, segundo a Pol\u00edcia Civil.<\/strong><\/p>\n<\/div>\n<\/div>\n<div id=\"chunk-1e65a\">\n<div class=\"row medium-uncollapsed content-media content-photo\" data-block-type=\"backstage-photo\" data-block-id=\"12\">\n<div class=\"mc-column content-media__container\">\n<div class=\"content-media-container glb-skeleton-box\">\n<figure class=\"content-media-figure\"><img class=\"i-amphtml-fill-content i-amphtml-replaced-content\" src=\"https:\/\/s2.glbimg.com\/YQCC7ZB_NLIy4wHPHyq1KsZOVfk=\/0x0:1600x1200\/984x0\/smart\/filters:strip_icc()\/i.s3.glbimg.com\/v1\/AUTH_59edd422c0c84a879bd37670ae4f538a\/internal_photos\/bs\/2023\/I\/B\/ouehd0TtC93JAIS6WvAQ\/parque-de-creche-blumenau.jpeg\" sizes=\"(max-width: 1242px) 648px, 100vw\" srcset=\"https:\/\/s2.glbimg.com\/3TByUiq0zq234VFoD4TcC4Qxxm8=\/0x0:1600x1200\/1000x0\/smart\/filters:strip_icc()\/i.s3.glbimg.com\/v1\/AUTH_59edd422c0c84a879bd37670ae4f538a\/internal_photos\/bs\/2023\/I\/B\/ouehd0TtC93JAIS6WvAQ\/parque-de-creche-blumenau.jpeg 1000w, https:\/\/s2.glbimg.com\/YQCC7ZB_NLIy4wHPHyq1KsZOVfk=\/0x0:1600x1200\/984x0\/smart\/filters:strip_icc()\/i.s3.glbimg.com\/v1\/AUTH_59edd422c0c84a879bd37670ae4f538a\/internal_photos\/bs\/2023\/I\/B\/ouehd0TtC93JAIS6WvAQ\/parque-de-creche-blumenau.jpeg 984w, https:\/\/s2.glbimg.com\/z7oi78vMNuCvAuPsxX7c7m8QZno=\/0x0:1600x1200\/640x0\/smart\/filters:strip_icc()\/i.s3.glbimg.com\/v1\/AUTH_59edd422c0c84a879bd37670ae4f538a\/internal_photos\/bs\/2023\/I\/B\/ouehd0TtC93JAIS6WvAQ\/parque-de-creche-blumenau.jpeg 640w, https:\/\/s2.glbimg.com\/sC-plC5omJicNCK0mQWGfdqsJdU=\/0x0:1600x1200\/600x0\/smart\/filters:strip_icc()\/i.s3.glbimg.com\/v1\/AUTH_59edd422c0c84a879bd37670ae4f538a\/internal_photos\/bs\/2023\/I\/B\/ouehd0TtC93JAIS6WvAQ\/parque-de-creche-blumenau.jpeg 600w\" alt=\"Brinquedos em parque onde houve ataque a creche em Blumenau \u2014 Foto: Felipe Sales\/NSC TV\" \/><\/figure>\n<\/div>\n<p class=\"content-media__description \">Brinquedos em parque onde houve ataque a creche em Blumenau \u2014 Foto: Felipe Sales\/NSC TV<\/p>\n<\/div>\n<\/div>\n<\/div>\n<div id=\"chunk-8c470\">\n<div class=\"mc-column content-text active-extra-styles \" data-block-type=\"unstyled\" data-block-weight=\"58\" data-block-id=\"14\">\n<p class=\"content-text__container \" data-track-category=\"Link no Texto\" data-track-links=\"\">Ap\u00f3s saber dos ataques, os pais das crian\u00e7as foram ao local, e o clima era de desespero. Inicialmente, apenas os agentes de seguran\u00e7a entraram no local para o resgate das v\u00edtimas, e os sobreviventes foram sendo liberados pouco a pouco. At\u00e9 \u00e0s 10h, todas as crian\u00e7as j\u00e1 tinham sido retiradas da creche e estavam com suas fam\u00edlias.<\/p>\n<\/div>\n<\/div>\n<div id=\"chunk-697kf\">\n<div class=\"mc-column content-text active-extra-styles \" data-block-type=\"unstyled\" data-block-weight=\"36\" data-block-id=\"15\">\n<p class=\"content-text__container \" data-track-category=\"Link no Texto\" data-track-links=\"\">Os pais de uma crian\u00e7a chegaram a<a class=\"\" href=\"https:\/\/g1.globo.com\/sc\/santa-catarina\/noticia\/2023\/04\/05\/ataque-a-creche-em-blumenau-pais-de-sobrevivente-percebem-ferimento-em-crianca-apos-pega-la-na-unidade.ghtml\">\u00a0busc\u00e1-la na creche ap\u00f3s o ataque e perceberam que ela tamb\u00e9m tinha um ferimento no ombro.<\/a> A crian\u00e7a de cinco anos foi levada pelos pais ao Hospital Santa Isabel.<\/p>\n<\/div>\n<\/div>\n<div class=\"mc-column content-text active-extra-styles\" data-block-type=\"raw\" data-block-weight=\"6\" data-block-id=\"17\">\n<div class=\"content-intertitle\">\n<h2>Pol\u00edcia investiga se h\u00e1 mais envolvidos<\/h2>\n<\/div>\n<\/div>\n<div id=\"chunk-1n7h9\">\n<div class=\"bs-video-block mc-column  content-media content-video\" data-block-type=\"backstage-video\" data-block-id=\"18\">\n<div class=\"content-media__container\">\n<div class=\"content-video__bigger-player-description-fixer\">\n<article class=\"content-video\">\n<section class=\"content-video__video-container\">\n<div class=\"content-video__video\">\n<div class=\"content-video__placeholder\" data-video-id=\"11509424\" data-video-has-viewport-play=\"True\"><img class=\"content-video__placeholder__thumb\" title=\"Ataque a creche em SC: pais e respons\u00e1veis buscam informa\u00e7\u00f5es\" src=\"https:\/\/s01.video.glbimg.com\/x240\/11509424.jpg\" alt=\"Ataque a creche em SC: pais e respons\u00e1veis buscam informa\u00e7\u00f5es\" \/><\/div>\n<\/div>\n<\/section>\n<\/article>\n<\/div>\n<p class=\"content-media__description\">Ataque a creche em SC: pais e respons\u00e1veis buscam informa\u00e7\u00f5es<\/p>\n<\/div>\n<\/div>\n<\/div>\n<div id=\"chunk-39vr1\">\n<div class=\"mc-column content-text active-extra-styles \" data-block-type=\"unstyled\" data-block-weight=\"31\" data-block-id=\"20\">\n<p class=\"content-text__container \" data-track-category=\"Link no Texto\" data-track-links=\"\">Segundo o delegado-geral Ulisses Gabriel, a pol\u00edcia ainda apura se h\u00e1 mais envolvidos no crime. A Delegacia de Repress\u00e3o a Crimes de Inform\u00e1tica vai apurar se o ataque foi organizado online.<\/p>\n<\/div>\n<\/div>\n<div class=\"mc-column content-text active-extra-styles\" data-block-type=\"raw\" data-block-weight=\"25\" data-block-id=\"21\">\n<p class=\"content-text__container\">\n<blockquote class=\"content-blockquote theme-border-color-primary-before\"><p>&#8220;A gente quer identificar se tem mais algum participante, se mais algu\u00e9m participou, como ele tramou esse plano, onde ele obteve informa\u00e7\u00f5es&#8221;, disse o delegado-geral.<\/p><\/blockquote>\n<\/div>\n<\/div>\n<\/article>\n<\/div>\n","protected":false},"excerpt":{"rendered":"<p>Criminoso invade creche com uma machadinha e mata 4 crian\u00e7as em Blumenau Uma creche foi alvo de um ataque na manh\u00e3 desta quarta-feira (5) em\u00a0Blumenau, no Vale do Itaja\u00ed, em Santa Catarina.\u00a0Quatro crian\u00e7as foram mortas\u00a0e cinco ficaram feridas. O ataque aconteceu no in\u00edcio da manh\u00e3 na creche Cantinho Bom Pastor, que fica na rua dos [&hellip;]<\/p>\n","protected":false},"author":2,"featured_media":0,"comment_status":"open","ping_status":"open","sticky":false,"template":"","format":"standard","meta":{"_links_to":"","_links_to_target":""},"categories":[7,9,8,1],"tags":[],"_links":{"self":[{"href":"https:\/\/www.ilheusnoticias.net.br\/v1\/wp-json\/wp\/v2\/posts\/31469"}],"collection":[{"href":"https:\/\/www.ilheusnoticias.net.br\/v1\/wp-json\/wp\/v2\/posts"}],"about":[{"href":"https:\/\/www.ilheusnoticias.net.br\/v1\/wp-json\/wp\/v2\/types\/post"}],"author":[{"embeddable":true,"href":"https:\/\/www.ilheusnoticias.net.br\/v1\/wp-json\/wp\/v2\/users\/2"}],"replies":[{"embeddable":true,"href":"https:\/\/www.ilheusnoticias.net.br\/v1\/wp-json\/wp\/v2\/comments?post=31469"}],"version-history":[{"count":1,"href":"https:\/\/www.ilheusnoticias.net.br\/v1\/wp-json\/wp\/v2\/posts\/31469\/revisions"}],"predecessor-version":[{"id":31470,"href":"https:\/\/www.ilheusnoticias.net.br\/v1\/wp-json\/wp\/v2\/posts\/31469\/revisions\/31470"}],"wp:attachment":[{"href":"https:\/\/www.ilheusnoticias.net.br\/v1\/wp-json\/wp\/v2\/media?parent=31469"}],"wp:term":[{"taxonomy":"category","embeddable":true,"href":"https:\/\/www.ilheusnoticias.net.br\/v1\/wp-json\/wp\/v2\/categories?post=31469"},{"taxonomy":"post_tag","embeddable":true,"href":"https:\/\/www.ilheusnoticias.net.br\/v1\/wp-json\/wp\/v2\/tags?post=31469"}],"curies":[{"name":"wp","href":"https:\/\/api.w.org\/{rel}","templated":true}]}}