{"id":31458,"date":"2023-04-05T07:01:47","date_gmt":"2023-04-05T10:01:47","guid":{"rendered":"https:\/\/www.ilheusnoticias.net.br\/v1\/?p=31458"},"modified":"2023-04-05T08:41:46","modified_gmt":"2023-04-05T11:41:46","slug":"medico-acusado-de-feminicidio-vai-a-juri-popular-em-feira-de-santana","status":"publish","type":"post","link":"https:\/\/www.ilheusnoticias.net.br\/v1\/2023\/04\/05\/medico-acusado-de-feminicidio-vai-a-juri-popular-em-feira-de-santana\/","title":{"rendered":"M\u00e9dico acusado de feminic\u00eddio vai a j\u00fari popular em Feira de Santana"},"content":{"rendered":"<div class=\"row content-head non-featured \">\n<div class=\"medium-centered subtitle\">M\u00e9dico acusado de feminic\u00eddio vai a j\u00fari popular em Feira de Santana<\/div>\n<\/div>\n<div class=\"mc-article-body\">\n<article>\n<div id=\"chunk-6ujqq\">\n<div class=\"mc-column content-text active-extra-styles \" data-block-type=\"unstyled\" data-block-weight=\"46\" data-block-id=\"3\">\n<p class=\"content-text__container \" data-track-category=\"Link no Texto\" data-track-links=\"\">O m\u00e9dico Ant\u00f4nio Marcos R\u00eago Costa, acusado de\u00a0<a class=\"\" href=\"https:\/\/g1.globo.com\/ba\/bahia\/noticia\/2021\/08\/27\/familia-procura-mulher-desaparecida-em-feira-de-santana.ghtml\">matar a ex-companheira e abandonar o corpo<\/a>\u00a0dela em um matagal \u00e0s margens da BR-116, em\u00a0<a class=\"\" href=\"https:\/\/g1.globo.com\/ba\/bahia\/cidade\/feira-de-santana\/\">Feira de Santana<\/a>, vai a j\u00fari popular. A informa\u00e7\u00e3o foi divulgada pela Justi\u00e7a nesta ter\u00e7a-feira (4), ap\u00f3s a conclus\u00e3o do laudo pericial.<\/p>\n<\/div>\n<\/div>\n<div class=\"wall protected-content\">\n<div id=\"chunk-1vuci\">\n<div class=\"mc-column content-text active-extra-styles \" data-block-type=\"unstyled\" data-block-weight=\"38\" data-block-id=\"4\">\n<p class=\"content-text__container \" data-track-category=\"Link no Texto\" data-track-links=\"\">O crime aconteceu no agosto de 2021. Ant\u00f4nio Marcos foi preso preventivamente em setembro do mesmo ano, depois de se apresentar na delegacia da cidade acompanhado de um advogado. Ele segue no Conjunto Penal de Feira de Santana.<\/p>\n<\/div>\n<\/div>\n<div id=\"chunk-abfgn\">\n<div class=\"row medium-uncollapsed content-media content-photo\" data-block-type=\"backstage-photo\" data-block-id=\"5\">\n<div class=\"mc-column content-media__container\">\n<div class=\"content-media-container glb-skeleton-box\">\n<figure class=\"content-media-figure\"><img class=\"i-amphtml-fill-content i-amphtml-replaced-content\" src=\"https:\/\/s2.glbimg.com\/XWxWhAcrMNxrwA0VY7PK3WRKIZU=\/0x0:1700x1060\/984x0\/smart\/filters:strip_icc()\/i.s3.glbimg.com\/v1\/AUTH_59edd422c0c84a879bd37670ae4f538a\/internal_photos\/bs\/2021\/F\/5\/iWwhFNSd2DbItxmtTrnA\/image.psd-2021-09-03t132431.156.jpg\" sizes=\"(max-width: 1242px) 648px, 100vw\" srcset=\"https:\/\/s2.glbimg.com\/naj6MhDfEfw2Uy7oozd7PH6K0cc=\/0x0:1700x1060\/1000x0\/smart\/filters:strip_icc()\/i.s3.glbimg.com\/v1\/AUTH_59edd422c0c84a879bd37670ae4f538a\/internal_photos\/bs\/2021\/F\/5\/iWwhFNSd2DbItxmtTrnA\/image.psd-2021-09-03t132431.156.jpg 1000w, https:\/\/s2.glbimg.com\/XWxWhAcrMNxrwA0VY7PK3WRKIZU=\/0x0:1700x1060\/984x0\/smart\/filters:strip_icc()\/i.s3.glbimg.com\/v1\/AUTH_59edd422c0c84a879bd37670ae4f538a\/internal_photos\/bs\/2021\/F\/5\/iWwhFNSd2DbItxmtTrnA\/image.psd-2021-09-03t132431.156.jpg 984w, https:\/\/s2.glbimg.com\/_mVoGbmoHBiC-CqGsLZPEF1SoBs=\/0x0:1700x1060\/640x0\/smart\/filters:strip_icc()\/i.s3.glbimg.com\/v1\/AUTH_59edd422c0c84a879bd37670ae4f538a\/internal_photos\/bs\/2021\/F\/5\/iWwhFNSd2DbItxmtTrnA\/image.psd-2021-09-03t132431.156.jpg 640w, https:\/\/s2.glbimg.com\/laXlKmAQlOB4NKGWycGmvUKSxLs=\/0x0:1700x1060\/600x0\/smart\/filters:strip_icc()\/i.s3.glbimg.com\/v1\/AUTH_59edd422c0c84a879bd37670ae4f538a\/internal_photos\/bs\/2021\/F\/5\/iWwhFNSd2DbItxmtTrnA\/image.psd-2021-09-03t132431.156.jpg 600w\" alt=\"Suspeito de matar ex-companheira se apresenta \u00e0 pol\u00edcia em Feira de Santana \u2014 Foto: Reprodu\u00e7\u00e3o\/TV Suba\u00e9\" \/><\/figure>\n<\/div>\n<p class=\"content-media__description \">Suspeito de matar ex-companheira se apresenta \u00e0 pol\u00edcia em Feira de Santana \u2014 Foto: Reprodu\u00e7\u00e3o\/TV Suba\u00e9<\/p>\n<\/div>\n<\/div>\n<\/div>\n<div id=\"chunk-5c4qq\">\n<div class=\"mc-column content-text active-extra-styles \" data-block-type=\"unstyled\" data-block-weight=\"36\" data-block-id=\"7\">\n<p class=\"content-text__container \" data-track-category=\"Link no Texto\" data-track-links=\"\">De acordo com a Justi\u00e7a, a per\u00edcia aponta que Gabriela Jardim Peixoto foi agredida e morta pelo m\u00e9dico. Durante as investiga\u00e7\u00f5es, o carro de Ant\u00f4nio foi analisado pela pol\u00edcia e\u00a0<a class=\"\" href=\"https:\/\/g1.globo.com\/ba\/bahia\/noticia\/2021\/08\/31\/estava-todo-sujo-de-sangue-e-aparentemente-foi-lavado-diz-delegada-apos-pericia-em-carro-de-suspeito-de-matar-mulher-na-ba.ghtml\">diversas marcas de sangue<\/a>\u00a0foram encontradas.<\/p>\n<\/div>\n<\/div>\n<div id=\"chunk-efjm5\">\n<div class=\"mc-column content-text active-extra-styles \" data-block-type=\"unstyled\" data-block-weight=\"21\" data-block-id=\"8\">\n<p class=\"content-text__container \" data-track-category=\"Link no Texto\" data-track-links=\"\">De acordo com a Justi\u00e7a, a defesa do homem pode recorrer da decis\u00e3o do j\u00fari popular durante os pr\u00f3ximos cinco dias.<\/p>\n<\/div>\n<\/div>\n<div class=\"mc-column content-text active-extra-styles\" data-block-type=\"raw\" data-block-weight=\"3\" data-block-id=\"9\">\n<div class=\"content-intertitle\">\n<h2>Relembre o caso<\/h2>\n<\/div>\n<\/div>\n<div id=\"chunk-1g0l3\">\n<div class=\"row medium-uncollapsed content-media content-photo\" data-block-type=\"backstage-photo\" data-block-id=\"10\">\n<div class=\"mc-column content-media__container\">\n<div class=\"content-media-container glb-skeleton-box\">\n<figure class=\"content-media-figure\"><img class=\"i-amphtml-fill-content i-amphtml-replaced-content\" src=\"https:\/\/s2.glbimg.com\/0I5Ybke2oDw3F-oikQ347tDT2n4=\/0x0:1700x1065\/984x0\/smart\/filters:strip_icc()\/i.s3.glbimg.com\/v1\/AUTH_59edd422c0c84a879bd37670ae4f538a\/internal_photos\/bs\/2023\/B\/9\/r1AMtrSeKgzlI3ohS47Q\/jandira-dantas-8-.png\" sizes=\"(max-width: 1242px) 648px, 100vw\" srcset=\"https:\/\/s2.glbimg.com\/HZYfcF0zXP9pt7dOth3Eb8UOjf4=\/0x0:1700x1065\/1000x0\/smart\/filters:strip_icc()\/i.s3.glbimg.com\/v1\/AUTH_59edd422c0c84a879bd37670ae4f538a\/internal_photos\/bs\/2023\/B\/9\/r1AMtrSeKgzlI3ohS47Q\/jandira-dantas-8-.png 1000w, https:\/\/s2.glbimg.com\/0I5Ybke2oDw3F-oikQ347tDT2n4=\/0x0:1700x1065\/984x0\/smart\/filters:strip_icc()\/i.s3.glbimg.com\/v1\/AUTH_59edd422c0c84a879bd37670ae4f538a\/internal_photos\/bs\/2023\/B\/9\/r1AMtrSeKgzlI3ohS47Q\/jandira-dantas-8-.png 984w, https:\/\/s2.glbimg.com\/W1ZQAedecKG__xo8vMkrjSJw2lo=\/0x0:1700x1065\/640x0\/smart\/filters:strip_icc()\/i.s3.glbimg.com\/v1\/AUTH_59edd422c0c84a879bd37670ae4f538a\/internal_photos\/bs\/2023\/B\/9\/r1AMtrSeKgzlI3ohS47Q\/jandira-dantas-8-.png 640w, https:\/\/s2.glbimg.com\/AcJO0YbwWLGCWrkZsfF62NWxQKY=\/0x0:1700x1065\/600x0\/smart\/filters:strip_icc()\/i.s3.glbimg.com\/v1\/AUTH_59edd422c0c84a879bd37670ae4f538a\/internal_photos\/bs\/2023\/B\/9\/r1AMtrSeKgzlI3ohS47Q\/jandira-dantas-8-.png 600w\" alt=\"V\u00edtima foi vista entrando no carro do acusado em posto de gasolina \u2014 Foto: Reprodu\u00e7\u00e3o\/TV Suba\u00e9\" \/><\/figure>\n<\/div>\n<p class=\"content-media__description \">V\u00edtima foi vista entrando no carro do acusado em posto de gasolina \u2014 Foto: Reprodu\u00e7\u00e3o\/TV Suba\u00e9<\/p>\n<\/div>\n<\/div>\n<\/div>\n<div id=\"chunk-2lm8l\">\n<div class=\"mc-column content-text active-extra-styles \" data-block-type=\"unstyled\" data-block-weight=\"32\" data-block-id=\"11\">\n<p class=\"content-text__container \" data-track-category=\"Link no Texto\" data-track-links=\"\">Gabriela Jardim Peixoto\u00a0<a class=\"\" href=\"https:\/\/g1.globo.com\/ba\/bahia\/noticia\/2021\/08\/27\/familia-procura-mulher-desaparecida-em-feira-de-santana.ghtml\">desapareceu<\/a> em Feira de Santana no dia 22 de agosto de 2021. Na ocasi\u00e3o, ela havia sido vista pela \u00faltima vez saindo de um ve\u00edculo para encontrar o ex-marido.<\/p>\n<\/div>\n<\/div>\n<div id=\"chunk-dsgum\">\n<div class=\"mc-column content-text active-extra-styles \" data-block-type=\"unstyled\" data-block-weight=\"48\" data-block-id=\"14\">\n<p class=\"content-text__container \" data-track-category=\"Link no Texto\" data-track-links=\"\">C\u00e2meras de seguran\u00e7a de um posto de combust\u00edvel registraram os \u00faltimos momentos de Gabriela com vida. Pelas imagens \u00e9 poss\u00edvel ver o carro de Ant\u00f4nio Marcos chegando ao local, por volta das 18h do dia 22 de agosto, mesmo dia em que a mulher foi dada como desaparecida.<\/p>\n<\/div>\n<\/div>\n<div id=\"chunk-75mcv\">\n<div class=\"mc-column content-text active-extra-styles \" data-block-type=\"unstyled\" data-block-weight=\"51\" data-block-id=\"15\">\n<p class=\"content-text__container \" data-track-category=\"Link no Texto\" data-track-links=\"\">Minutos depois, o autom\u00f3vel de Gabriela se aproxima da bomba de combust\u00edvel ao lado. Ant\u00f4nio Marcos desce do ve\u00edculo, vai ao encontro da mulher e d\u00e1 algumas orienta\u00e7\u00f5es. Em seguida, ela estaciona o pr\u00f3prio carro e entra no ve\u00edculo do ex-companheiro. Dentro do ve\u00edculo, os dois aparentam ter tido uma discuss\u00e3o.<\/p>\n<\/div>\n<\/div>\n<div id=\"chunk-78nb4\">\n<div class=\"mc-column content-text active-extra-styles \" data-block-type=\"unstyled\" data-block-weight=\"38\" data-block-id=\"16\">\n<p class=\"content-text__container \" data-track-category=\"Link no Texto\" data-track-links=\"\">O corpo da mulher de 35 anos foi achado seis dias depois, quando a pol\u00edcia recebeu uma den\u00fancia an\u00f4nima. Ele estava em uma \u00e1rea de matagal nas margens da BR-116 e sem roupas da cintura para cima.<\/p>\n<\/div>\n<\/div>\n<div id=\"chunk-buir3\">\n<div class=\"row medium-uncollapsed content-media content-photo\" data-block-type=\"backstage-photo\" data-block-id=\"17\">\n<div class=\"mc-column content-media__container\">\n<div class=\"content-media-container glb-skeleton-box\">\n<figure class=\"content-media-figure\"><img class=\"i-amphtml-fill-content i-amphtml-replaced-content\" src=\"https:\/\/s2.glbimg.com\/OmiSOy0ApGON-Eir7NWV9H9kzLo=\/0x0:1076x662\/984x0\/smart\/filters:strip_icc()\/i.s3.glbimg.com\/v1\/AUTH_59edd422c0c84a879bd37670ae4f538a\/internal_photos\/bs\/2021\/j\/e\/MfnY0pQOG7k44gaTAFuQ\/image-2021-08-27t164107.965.jpg\" sizes=\"(max-width: 1242px) 648px, 100vw\" srcset=\"https:\/\/s2.glbimg.com\/EPwi1d7xscEXpvHUf_rzGoDFxfA=\/0x0:1076x662\/1000x0\/smart\/filters:strip_icc()\/i.s3.glbimg.com\/v1\/AUTH_59edd422c0c84a879bd37670ae4f538a\/internal_photos\/bs\/2021\/j\/e\/MfnY0pQOG7k44gaTAFuQ\/image-2021-08-27t164107.965.jpg 1000w, https:\/\/s2.glbimg.com\/OmiSOy0ApGON-Eir7NWV9H9kzLo=\/0x0:1076x662\/984x0\/smart\/filters:strip_icc()\/i.s3.glbimg.com\/v1\/AUTH_59edd422c0c84a879bd37670ae4f538a\/internal_photos\/bs\/2021\/j\/e\/MfnY0pQOG7k44gaTAFuQ\/image-2021-08-27t164107.965.jpg 984w, https:\/\/s2.glbimg.com\/pWNCcytt5gflg5lzjktVqFKOKq4=\/0x0:1076x662\/640x0\/smart\/filters:strip_icc()\/i.s3.glbimg.com\/v1\/AUTH_59edd422c0c84a879bd37670ae4f538a\/internal_photos\/bs\/2021\/j\/e\/MfnY0pQOG7k44gaTAFuQ\/image-2021-08-27t164107.965.jpg 640w, https:\/\/s2.glbimg.com\/LIPCTKmA55nw0C_TV4XcKAbQHA8=\/0x0:1076x662\/600x0\/smart\/filters:strip_icc()\/i.s3.glbimg.com\/v1\/AUTH_59edd422c0c84a879bd37670ae4f538a\/internal_photos\/bs\/2021\/j\/e\/MfnY0pQOG7k44gaTAFuQ\/image-2021-08-27t164107.965.jpg 600w\" alt=\"Gabriela Jardim tinha 35 anos e era ex-companheira do acusado \u2014 Foto: Reprodu\u00e7\u00e3o\/TV Suba\u00e9\" \/><\/figure>\n<\/div>\n<p class=\"content-media__description \">Gabriela Jardim tinha 35 anos e era ex-companheira do acusado \u2014 Foto: Reprodu\u00e7\u00e3o\/TV Suba\u00e9<\/p>\n<\/div>\n<\/div>\n<\/div>\n<div id=\"chunk-7r83l\">\n<div class=\"content-ads content-ads--reveal\" data-block-type=\"ads\" data-block-id=\"18\">\n<div id=\"banner_materia__9a9429b3-6bd9-4e77-950b-b005f55df2f9\" class=\"tag-manager-publicidade-container mc-has-reveal mc-has-ad-lazyload tag-manager-publicidade-banner_materia__9a9429b3-6bd9-4e77-950b-b005f55df2f9 tag-manager-publicidade-container--carregado tag-manager-publicidade-container--visivel\" data-id=\"banner_materia__9a9429b3-6bd9-4e77-950b-b005f55df2f9\" data-google-query-id=\"CJ26ipm9kv4CFc5IuAQdSIUP5g\">\n<div id=\"google_ads_iframe_\/95377733\/tvg_G1\/Sua_Regiao&gt;Nordeste&gt;Bahia_5__container__\" style=\"box-sizing: inherit; margin: auto; padding: 0px; border: 0pt none; font: inherit; vertical-align: initial; max-width: 100%; text-align: center; width: 970px; height: 250px;\"><iframe id=\"google_ads_iframe_\/95377733\/tvg_G1\/Sua_Regiao&gt;Nordeste&gt;Bahia_5\" style=\"box-sizing: inherit; margin: 0px; padding: 0px; border: 0px; font: inherit; vertical-align: bottom;\" tabindex=\"0\" title=\"3rd party ad content\" role=\"region\" name=\"google_ads_iframe_\/95377733\/tvg_G1\/Sua_Regiao&gt;Nordeste&gt;Bahia_5\" width=\"970\" height=\"250\" frameborder=\"0\" marginwidth=\"0\" marginheight=\"0\" scrolling=\"no\" aria-label=\"Advertisement\" data-load-complete=\"true\" data-google-container-id=\"7\" data-mce-fragment=\"1\"><\/iframe><\/div>\n<\/div>\n<\/div>\n<\/div>\n<div id=\"chunk-76tv2\">\n<div class=\"mc-column content-text active-extra-styles \" data-block-type=\"unstyled\" data-block-weight=\"34\" data-block-id=\"19\">\n<p class=\"content-text__container \" data-track-category=\"Link no Texto\" data-track-links=\"\">Durante as investiga\u00e7\u00f5es, a principal linha apontada pela pol\u00edcia \u00e9 que\u00a0<a class=\"\" href=\"https:\/\/g1.globo.com\/ba\/bahia\/noticia\/2021\/09\/01\/principal-linha-de-investigacao-aponta-que-mulher-foi-morta-em-feira-de-santana-por-ciumes-diz-policia.ghtml\">Ant\u00f4nio Marcos teria matado Gabriela por ci\u00fames<\/a>. Ele viajou para o estado do Acre, onde nasceu, logo ap\u00f3s o desparecimento da v\u00edtima.<\/p>\n<\/div>\n<\/div>\n<div id=\"chunk-ato4t\">\n<div class=\"mc-column content-text active-extra-styles \" data-block-type=\"unstyled\" data-block-weight=\"39\" data-block-id=\"20\">\n<p class=\"content-text__container \" data-track-category=\"Link no Texto\" data-track-links=\"\">Gabriela Jardim foi casada com o m\u00e9dico durante quatro anos e, de acordo com a pol\u00edcia, testemunhas disseram que os dois viviam um relacionamento com certa hostilidade. Segundo a delegada respons\u00e1vel pela investiga\u00e7\u00f5es, Klaudine Passos, houve relatos de agress\u00f5es.<\/p>\n<\/div>\n<\/div>\n<\/div>\n<\/article>\n<\/div>\n","protected":false},"excerpt":{"rendered":"<p>M\u00e9dico acusado de feminic\u00eddio vai a j\u00fari popular em Feira de Santana O m\u00e9dico Ant\u00f4nio Marcos R\u00eago Costa, acusado de\u00a0matar a ex-companheira e abandonar o corpo\u00a0dela em um matagal \u00e0s margens da BR-116, em\u00a0Feira de Santana, vai a j\u00fari popular. A informa\u00e7\u00e3o foi divulgada pela Justi\u00e7a nesta ter\u00e7a-feira (4), ap\u00f3s a conclus\u00e3o do laudo pericial. [&hellip;]<\/p>\n","protected":false},"author":2,"featured_media":0,"comment_status":"open","ping_status":"open","sticky":false,"template":"","format":"standard","meta":{"_links_to":"","_links_to_target":""},"categories":[7,9,8,1],"tags":[],"_links":{"self":[{"href":"https:\/\/www.ilheusnoticias.net.br\/v1\/wp-json\/wp\/v2\/posts\/31458"}],"collection":[{"href":"https:\/\/www.ilheusnoticias.net.br\/v1\/wp-json\/wp\/v2\/posts"}],"about":[{"href":"https:\/\/www.ilheusnoticias.net.br\/v1\/wp-json\/wp\/v2\/types\/post"}],"author":[{"embeddable":true,"href":"https:\/\/www.ilheusnoticias.net.br\/v1\/wp-json\/wp\/v2\/users\/2"}],"replies":[{"embeddable":true,"href":"https:\/\/www.ilheusnoticias.net.br\/v1\/wp-json\/wp\/v2\/comments?post=31458"}],"version-history":[{"count":3,"href":"https:\/\/www.ilheusnoticias.net.br\/v1\/wp-json\/wp\/v2\/posts\/31458\/revisions"}],"predecessor-version":[{"id":31463,"href":"https:\/\/www.ilheusnoticias.net.br\/v1\/wp-json\/wp\/v2\/posts\/31458\/revisions\/31463"}],"wp:attachment":[{"href":"https:\/\/www.ilheusnoticias.net.br\/v1\/wp-json\/wp\/v2\/media?parent=31458"}],"wp:term":[{"taxonomy":"category","embeddable":true,"href":"https:\/\/www.ilheusnoticias.net.br\/v1\/wp-json\/wp\/v2\/categories?post=31458"},{"taxonomy":"post_tag","embeddable":true,"href":"https:\/\/www.ilheusnoticias.net.br\/v1\/wp-json\/wp\/v2\/tags?post=31458"}],"curies":[{"name":"wp","href":"https:\/\/api.w.org\/{rel}","templated":true}]}}