{"id":31456,"date":"2023-04-05T06:57:11","date_gmt":"2023-04-05T09:57:11","guid":{"rendered":"https:\/\/www.ilheusnoticias.net.br\/v1\/?p=31456"},"modified":"2023-04-05T06:57:11","modified_gmt":"2023-04-05T09:57:11","slug":"reforma-tributaria-consumidor-sera-informado-na-nota-fiscal-sobre-qual-e-o-preco-dos-produtos-sem-imposto","status":"publish","type":"post","link":"https:\/\/www.ilheusnoticias.net.br\/v1\/2023\/04\/05\/reforma-tributaria-consumidor-sera-informado-na-nota-fiscal-sobre-qual-e-o-preco-dos-produtos-sem-imposto\/","title":{"rendered":"Reforma tribut\u00e1ria: consumidor ser\u00e1 informado na nota fiscal sobre qual \u00e9 o pre\u00e7o dos produtos sem imposto"},"content":{"rendered":"<div class=\"row content-head non-featured \">\n<div class=\"title\" data-block-type=\"title\" data-block-id=\"0\">\n<h1 class=\"content-head__title\"><span style=\"font-size: 16px;\">As principais propostas de reforma tribut\u00e1ria sobre o consumo em discuss\u00e3o no Congresso Nacional contemplam uma maior transpar\u00eancia e precis\u00e3o sobre o valor cobrado em impostos.<\/span><\/h1>\n<\/div>\n<\/div>\n<div class=\"mc-article-body\">\n<article>\n<div class=\"wall protected-content\">\n<div id=\"chunk-9r04q\">\n<div class=\"mc-column content-text active-extra-styles \" data-block-type=\"unstyled\" data-block-weight=\"34\" data-block-id=\"3\">\n<p class=\"content-text__container \" data-track-category=\"Link no Texto\" data-track-links=\"\">Se aprovada a mudan\u00e7a, ser\u00e1 poss\u00edvel saber exatamente qual o pre\u00e7o do produto sem imposto \u2014\u00a0<strong><span class=\"highlight highlighted\">o que ser\u00e1 obrigatoriamente informado na nota fiscal da compra.<\/span><\/strong>\u00a0E, consequentemente, o valor dos tributos ser\u00e1 destacado.<\/p>\n<\/div>\n<\/div>\n<div id=\"chunk-35o8h\">\n<div class=\"mc-column content-text active-extra-styles \" data-block-type=\"unstyled\" data-block-weight=\"37\" data-block-id=\"4\">\n<p class=\"content-text__container \" data-track-category=\"Link no Texto\" data-track-links=\"\">Atualmente, a lei determina que as notas fiscais tragam, ao menos, um &#8220;valor aproximado dos tributos&#8221;. Mas n\u00e3o h\u00e1 certeza sobre o valor exato dos tributos por conta das dificuldades de c\u00e1lculo (<strong><em>veja mais abaixo nesta reportagem<\/em><\/strong>).<\/p>\n<\/div>\n<\/div>\n<div class=\"mc-column content-text active-extra-styles\" data-block-type=\"raw\" data-block-weight=\"4\" data-block-id=\"5\">\n<div class=\"content-intertitle\">\n<h2>Nas prateleiras do supermercado<\/h2>\n<\/div>\n<\/div>\n<div id=\"chunk-b84o2\">\n<div class=\"mc-column content-text active-extra-styles \" data-block-type=\"unstyled\" data-block-weight=\"36\" data-block-id=\"6\">\n<p class=\"content-text__container \" data-track-category=\"Link no Texto\" data-track-links=\"\">Nos Estados Unidos e em outros pa\u00edses mais desenvolvidos, os produtos s\u00e3o anunciados nas g\u00f4ndolas dos supermercados sem a cobran\u00e7a dos impostos. Na hora do pagamento, s\u00e3o acrescidos os tributos, que aparecem na nota fiscal detalhada.<\/p>\n<\/div>\n<\/div>\n<div id=\"chunk-a7sjj\">\n<div class=\"mc-column content-text active-extra-styles \" data-block-type=\"unstyled\" data-block-weight=\"32\" data-block-id=\"7\">\n<p class=\"content-text__container \" data-track-category=\"Link no Texto\" data-track-links=\"\">Os textos ainda n\u00e3o determinam se, no Brasil, os produtos aparecer\u00e3o nas prateleiras tamb\u00e9m sem tributos, ou se continuar\u00e3o sendo divulgados pre\u00e7os com os impostos j\u00e1 embutidos. Isso ser\u00e1 definido posteriormente.<\/p>\n<\/div>\n<\/div>\n<div id=\"chunk-bjbl4\">\n<div class=\"mc-column content-text active-extra-styles \" data-block-type=\"unstyled\" data-block-weight=\"48\" data-block-id=\"8\">\n<p class=\"content-text__container \" data-track-category=\"Link no Texto\" data-track-links=\"\">A tend\u00eancia, segundo t\u00e9cnicos envolvidos na reforma tribut\u00e1ria, \u00e9 que seja informado somente o pre\u00e7o com impostos nas prateleiras para facilitar o c\u00e1lculo da popula\u00e7\u00e3o e evitar surpresas na hora do pagamento. E que o valor do imposto seja discriminado na nota fiscal, emitida ap\u00f3s o pagamento.<\/p>\n<\/div>\n<\/div>\n<div class=\"mc-column content-text active-extra-styles\" data-block-type=\"raw\" data-block-weight=\"3\" data-block-id=\"10\">\n<div class=\"content-intertitle\">\n<h2>Compras pela internet<\/h2>\n<\/div>\n<\/div>\n<div id=\"chunk-dvstu\">\n<div class=\"mc-column content-text active-extra-styles \" data-block-type=\"unstyled\" data-block-weight=\"19\" data-block-id=\"11\">\n<p class=\"content-text__container \" data-track-category=\"Link no Texto\" data-track-links=\"\">Nas compras pela internet, entretanto, os pre\u00e7os dos produtos anunciados devem aparecer somente sem a incid\u00eancia dos impostos.<\/p>\n<\/div>\n<\/div>\n<div id=\"chunk-6ceru\">\n<div class=\"mc-column content-text active-extra-styles \" data-block-type=\"unstyled\" data-block-weight=\"33\" data-block-id=\"12\">\n<p class=\"content-text__container \" data-track-category=\"Link no Texto\" data-track-links=\"\">Isso acontece porque a al\u00edquota final do IVA que ser\u00e1 cobrada depende do local em que os produtos ser\u00e3o comprados (cobran\u00e7a no destino), que variar\u00e1 de acordo com o estado e munic\u00edpio.<\/p>\n<\/div>\n<\/div>\n<div id=\"chunk-dt8aj\">\n<div class=\"mc-column content-text active-extra-styles \" data-block-type=\"unstyled\" data-block-weight=\"27\" data-block-id=\"13\">\n<p class=\"content-text__container \" data-track-category=\"Link no Texto\" data-track-links=\"\">Por\u00e9m, na hora do pagamento, os tributos ser\u00e3o inseridos (de acordo com a al\u00edquota cobrada por cada estado e munic\u00edpio), o que aumentar\u00e1 o valor total pago.<\/p>\n<\/div>\n<\/div>\n<div id=\"chunk-80ani\">\n<div class=\"mc-column content-text active-extra-styles \" data-block-type=\"unstyled\" data-block-weight=\"48\" data-block-id=\"14\">\n<p class=\"content-text__container \" data-track-category=\"Link no Texto\" data-track-links=\"\">A cobran\u00e7a no destino \u00e9 um dos princ\u00edpios da reforma tribut\u00e1ria. Atualmente, os impostos s\u00e3o cobrados na &#8220;origem&#8221;, ou seja, onde \u00e9 feita a produ\u00e7\u00e3o, o que tem gerado a chamada &#8220;guerra fiscal&#8221; \u2014 que \u00e9 a concess\u00e3o de benef\u00edcios pelos estados e munic\u00edpios para atrair empresas.<\/p>\n<\/div>\n<\/div>\n<div id=\"chunk-aoo5b\">\n<div class=\"mc-column content-text active-extra-styles \" data-block-type=\"unstyled\" data-block-weight=\"37\" data-block-id=\"15\">\n<p class=\"content-text__container \" data-track-category=\"Link no Texto\" data-track-links=\"\">A avalia\u00e7\u00e3o de analistas \u00e9 que a guerra fiscal deve ser combatida, pois gera distor\u00e7\u00f5es, como a escolha de locais n\u00e3o adequados para a instala\u00e7\u00e3o de f\u00e1bricas, e tamb\u00e9m a perda de arrecada\u00e7\u00e3o por estados e munic\u00edpios<\/p>\n<\/div>\n<\/div>\n<div id=\"chunk-beu0u\">\n<div class=\"bs-video-block mc-column  content-media content-video\" data-block-type=\"backstage-video\" data-block-id=\"16\">\n<div class=\"content-media__container\">\n<div class=\"content-video__bigger-player-description-fixer\">\n<article class=\"content-video\">\n<section class=\"content-video__video-container\">\n<div class=\"content-video__video\">\n<div id=\"wp3-player-1\" class=\"clappr-player\" tabindex=\"9999\" data-player=\"\">\n<div class=\"media-control media-control-hide h720 w960\">\n<div class=\"media-control-panel\">\n<div class=\"media-control-panel__modal\"><\/div>\n<\/div>\n<\/div>\n<\/div>\n<\/div>\n<\/section>\n<\/article>\n<\/div>\n<p class=\"content-media__description\">Roberto Giannetti: &#8216;reforma tribut\u00e1ria tem que ser corrigida&#8217;<\/p>\n<\/div>\n<\/div>\n<\/div>\n<div class=\"mc-column content-text active-extra-styles\" data-block-type=\"raw\" data-block-weight=\"3\" data-block-id=\"18\">\n<div class=\"content-intertitle\">\n<h2>Dificuldade de c\u00e1lculo<\/h2>\n<\/div>\n<\/div>\n<div id=\"chunk-3f2rn\">\n<div class=\"mc-column content-text active-extra-styles \" data-block-type=\"unstyled\" data-block-weight=\"47\" data-block-id=\"19\">\n<p class=\"content-text__container \" data-track-category=\"Link no Texto\" data-track-links=\"\">A transpar\u00eancia e a precis\u00e3o do valor informado dos impostos pagos ser\u00e1 possibilitada por uma mudan\u00e7a proposta na reforma tribut\u00e1ria: que o futuro IVA, que substituir\u00e1 os tributos atuais (PIS, Cofins, ICMS e ISS)\u00a0<strong><span class=\"highlight highlighted\">incida somente sobre o pre\u00e7o do produto, sistema conhecido como &#8220;por fora&#8221;.<\/span><\/strong><\/p>\n<\/div>\n<\/div>\n<div id=\"chunk-20drp\">\n<div class=\"mc-column content-text active-extra-styles \" data-block-type=\"unstyled\" data-block-weight=\"55\" data-block-id=\"20\">\n<p class=\"content-text__container \" data-track-category=\"Link no Texto\" data-track-links=\"\">No sistema atual, com\u00a0<strong><span class=\"highlight highlighted\">impostos cobrados &#8220;por dentro&#8221;, o ICMS estadual incide sobre o pr\u00f3prio ICMS e, tamb\u00e9m, sobre o PIS\/Cofins.<\/span><\/strong>\u00a0Isso quer dizer que\u00a0<strong><span class=\"highlight highlighted\">h\u00e1 impostos embutidos no pre\u00e7os servem de base para a cobran\u00e7a outros tributos<\/span><\/strong>, o que dificulta o c\u00e1lculo do imposto total est\u00e1 sendo pago nos produtos e servi\u00e7os adquiridos.<\/p>\n<\/div>\n<\/div>\n<div id=\"chunk-e1kvn\">\n<div class=\"mc-column content-text active-extra-styles \" data-block-type=\"unstyled\" data-block-weight=\"36\" data-block-id=\"21\">\n<p class=\"content-text__container \" data-track-category=\"Link no Texto\" data-track-links=\"\">Segundo o secret\u00e1rio Bernard Appy, do Minist\u00e9rio da Fazenda, apenas o Brasil, junto com a Bol\u00edvia, cobra imposto sobre o pre\u00e7o dos produtos e servi\u00e7os &#8220;por dentro&#8221; &#8211; no qual h\u00e1 imposto embutido em cadeias anteriores.<\/p>\n<\/div>\n<\/div>\n<div class=\"mc-column content-text active-extra-styles\" data-block-type=\"raw\" data-block-weight=\"2\" data-block-id=\"22\">\n<div class=\"content-intertitle\">\n<h2>Reforma tribut\u00e1ria<\/h2>\n<\/div>\n<\/div>\n<div id=\"chunk-7vn06\">\n<div class=\"mc-column content-text active-extra-styles \" data-block-type=\"unstyled\" data-block-weight=\"39\" data-block-id=\"23\">\n<p class=\"content-text__container \" data-track-category=\"Link no Texto\" data-track-links=\"\">Discutida h\u00e1 d\u00e9cadas e muito aguardado pelo setor produtivo, a reforma tribut\u00e1ria \u00e9\u00a0<a class=\"\" href=\"https:\/\/g1.globo.com\/economia\/noticia\/2023\/01\/30\/haddad-congresso-deve-voltar-a-abracar-reforma-tributaria.ghtml\">considerada essencial pelo governo<\/a>\u00a0para aproximar as regras brasileiras do resto do mundo e reformar um sistema que \u00e9 tido como\u00a0<a class=\"\" href=\"https:\/\/g1.globo.com\/economia\/noticia\/2021\/01\/22\/em-meio-a-sistema-tributario-caotico-estado-e-contribuintes-disputam-r-54-trilhoes-na-justica.ghtml\">ca\u00f3tico por empres\u00e1rios e investidor<\/a><\/p>\n<\/div>\n<\/div>\n<div id=\"chunk-f3cs\">\n<div class=\"mc-column content-text active-extra-styles \" data-block-type=\"unstyled\" data-block-weight=\"21\" data-block-id=\"25\">\n<p class=\"content-text__container \" data-track-category=\"Link no Texto\" data-track-links=\"\">Duas propostas tramitam atualmente no Congresso Nacional servir\u00e3o de base para o texto final, que ainda est\u00e1 em negocia\u00e7\u00e3o. S\u00e3o elas:<\/p>\n<\/div>\n<\/div>\n<div class=\"mc-column content-text active-extra-styles\" data-block-type=\"raw\" data-block-weight=\"45\" data-block-id=\"27\">\n<ul class=\"content-unordered-list\">\n<li>PEC 45 \u2013 IVA \u00danico para Uni\u00e3o, estados e munic\u00edpios, mas um imposto seletivo (sobre produtos nocivos).<\/li>\n<li>PEC 110 \u2013 IVA Dual, ou seja, um imposto para estados e munic\u00edpios, al\u00e9m de outro para o governo federal e, tamb\u00e9m, um imposto seletivo (sobre produtos nocivos).<\/li>\n<\/ul>\n<\/div>\n<div id=\"chunk-am2cg\">\n<div class=\"mc-column content-text active-extra-styles \" data-block-type=\"unstyled\" data-block-weight=\"24\" data-block-id=\"28\">\n<p class=\"content-text__container \" data-track-category=\"Link no Texto\" data-track-links=\"\">As propostas em discuss\u00e3o contemplam a extin\u00e7\u00e3o do PIS, da Contribui\u00e7\u00e3o para Financiamento da Seguridade Social (Cofins) e do Imposto Sobre Produtos Industrializados.<\/p>\n<\/div>\n<\/div>\n<div id=\"chunk-cmvcb\">\n<div class=\"mc-column content-text active-extra-styles \" data-block-type=\"unstyled\" data-block-weight=\"52\" data-block-id=\"29\">\n<p class=\"content-text__container \" data-track-category=\"Link no Texto\" data-track-links=\"\">Eles seriam &#8220;trocados&#8221; por um imposto sobre valor agregado, j\u00e1 existente em pa\u00edses desenvolvidos, que seria n\u00e3o cumulativo, ou seja, que seria pago uma s\u00f3 vez por cada etapa na cadeia (produtor, distribuidor e comerciante). Tamb\u00e9m haveria a cobran\u00e7a de um imposto seletivo sobre produtos nocivos, como cigarros e bebidas alco\u00f3licas.<\/p>\n<\/div>\n<\/div>\n<div id=\"chunk-7nf2v\">\n<div class=\"mc-column content-text active-extra-styles \" data-block-type=\"unstyled\" data-block-weight=\"32\" data-block-id=\"30\">\n<p class=\"content-text__container \" data-track-category=\"Link no Texto\" data-track-links=\"\">Apesar de priorit\u00e1ria, a reforma \u00e9 considerada complexa do ponto de vista pol\u00edtico. Diferentes governos tentaram, sem sucesso, fazer a reforma tribut\u00e1ria nas \u00faltimas d\u00e9cadas, focados principalmente na tributa\u00e7\u00e3o sobre o consumo.<\/p>\n<\/div>\n<\/div>\n<div id=\"chunk-ai8cb\">\n<div class=\"mc-column content-text active-extra-styles \" data-block-type=\"unstyled\" data-block-weight=\"19\" data-block-id=\"31\">\n<p class=\"content-text__container \" data-track-category=\"Link no Texto\" data-track-links=\"\">As propostas esbarraram em resist\u00eancias de car\u00e1ter regional, partid\u00e1rio e de diferentes setores produtivos, todos representados no Congresso Nacional.<\/p>\n<\/div>\n<\/div>\n<\/div>\n<\/article>\n<\/div>\n","protected":false},"excerpt":{"rendered":"<p>As principais propostas de reforma tribut\u00e1ria sobre o consumo em discuss\u00e3o no Congresso Nacional contemplam uma maior transpar\u00eancia e precis\u00e3o sobre o valor cobrado em impostos. Se aprovada a mudan\u00e7a, ser\u00e1 poss\u00edvel saber exatamente qual o pre\u00e7o do produto sem imposto \u2014\u00a0o que ser\u00e1 obrigatoriamente informado na nota fiscal da compra.\u00a0E, consequentemente, o valor dos [&hellip;]<\/p>\n","protected":false},"author":2,"featured_media":0,"comment_status":"open","ping_status":"open","sticky":false,"template":"","format":"standard","meta":{"_links_to":"","_links_to_target":""},"categories":[7,9,8,1],"tags":[],"_links":{"self":[{"href":"https:\/\/www.ilheusnoticias.net.br\/v1\/wp-json\/wp\/v2\/posts\/31456"}],"collection":[{"href":"https:\/\/www.ilheusnoticias.net.br\/v1\/wp-json\/wp\/v2\/posts"}],"about":[{"href":"https:\/\/www.ilheusnoticias.net.br\/v1\/wp-json\/wp\/v2\/types\/post"}],"author":[{"embeddable":true,"href":"https:\/\/www.ilheusnoticias.net.br\/v1\/wp-json\/wp\/v2\/users\/2"}],"replies":[{"embeddable":true,"href":"https:\/\/www.ilheusnoticias.net.br\/v1\/wp-json\/wp\/v2\/comments?post=31456"}],"version-history":[{"count":1,"href":"https:\/\/www.ilheusnoticias.net.br\/v1\/wp-json\/wp\/v2\/posts\/31456\/revisions"}],"predecessor-version":[{"id":31457,"href":"https:\/\/www.ilheusnoticias.net.br\/v1\/wp-json\/wp\/v2\/posts\/31456\/revisions\/31457"}],"wp:attachment":[{"href":"https:\/\/www.ilheusnoticias.net.br\/v1\/wp-json\/wp\/v2\/media?parent=31456"}],"wp:term":[{"taxonomy":"category","embeddable":true,"href":"https:\/\/www.ilheusnoticias.net.br\/v1\/wp-json\/wp\/v2\/categories?post=31456"},{"taxonomy":"post_tag","embeddable":true,"href":"https:\/\/www.ilheusnoticias.net.br\/v1\/wp-json\/wp\/v2\/tags?post=31456"}],"curies":[{"name":"wp","href":"https:\/\/api.w.org\/{rel}","templated":true}]}}