{"id":31454,"date":"2023-04-05T06:54:28","date_gmt":"2023-04-05T09:54:28","guid":{"rendered":"https:\/\/www.ilheusnoticias.net.br\/v1\/?p=31454"},"modified":"2023-04-05T06:54:28","modified_gmt":"2023-04-05T09:54:28","slug":"joias-sauditas-bolsonaro-deve-depor-a-pf-nesta-quarta-sobre-presentes-milionarios","status":"publish","type":"post","link":"https:\/\/www.ilheusnoticias.net.br\/v1\/2023\/04\/05\/joias-sauditas-bolsonaro-deve-depor-a-pf-nesta-quarta-sobre-presentes-milionarios\/","title":{"rendered":"Joias sauditas: Bolsonaro deve depor \u00e0 PF nesta quarta sobre presentes milion\u00e1rios"},"content":{"rendered":"<div class=\"row content-head non-featured \">\n<div class=\"title\" data-block-type=\"title\" data-block-id=\"0\"><\/div>\n<div class=\"medium-centered subtitle\"><\/div>\n<\/div>\n<div class=\"mc-article-body\">\n<article>\n<div id=\"chunk-3ajcc\">\n<div class=\"row medium-uncollapsed content-media content-photo\" data-block-type=\"backstage-photo\" data-block-id=\"1\">\n<div class=\"mc-column content-media__container\">\n<div class=\"content-media-container glb-skeleton-box\">\n<figure class=\"content-media-figure\"><img class=\"i-amphtml-fill-content i-amphtml-replaced-content\" src=\"https:\/\/s2.glbimg.com\/JPHWH1Kg7whdQ0h6Fan5V1iKB28=\/0x0:640x360\/984x0\/smart\/filters:strip_icc()\/i.s3.glbimg.com\/v1\/AUTH_59edd422c0c84a879bd37670ae4f538a\/internal_photos\/bs\/2023\/F\/A\/sdTlAwSZ2LzEmXWA1RFQ\/thumbnail-image002-4-.jpg\" sizes=\"(max-width: 1242px) 648px, 100vw\" srcset=\"https:\/\/s2.glbimg.com\/NVyq1rTfv6mgyKzfpSAvt9wnlgU=\/0x0:640x360\/1000x0\/smart\/filters:strip_icc()\/i.s3.glbimg.com\/v1\/AUTH_59edd422c0c84a879bd37670ae4f538a\/internal_photos\/bs\/2023\/F\/A\/sdTlAwSZ2LzEmXWA1RFQ\/thumbnail-image002-4-.jpg 1000w, https:\/\/s2.glbimg.com\/JPHWH1Kg7whdQ0h6Fan5V1iKB28=\/0x0:640x360\/984x0\/smart\/filters:strip_icc()\/i.s3.glbimg.com\/v1\/AUTH_59edd422c0c84a879bd37670ae4f538a\/internal_photos\/bs\/2023\/F\/A\/sdTlAwSZ2LzEmXWA1RFQ\/thumbnail-image002-4-.jpg 984w, https:\/\/s2.glbimg.com\/BgbdqCAzX6Kt4XYAO2PLscqDj50=\/0x0:640x360\/640x0\/smart\/filters:strip_icc()\/i.s3.glbimg.com\/v1\/AUTH_59edd422c0c84a879bd37670ae4f538a\/internal_photos\/bs\/2023\/F\/A\/sdTlAwSZ2LzEmXWA1RFQ\/thumbnail-image002-4-.jpg 640w, https:\/\/s2.glbimg.com\/hXTbES7XR0VUSR75p_qSqBcocf0=\/0x0:640x360\/600x0\/smart\/filters:strip_icc()\/i.s3.glbimg.com\/v1\/AUTH_59edd422c0c84a879bd37670ae4f538a\/internal_photos\/bs\/2023\/F\/A\/sdTlAwSZ2LzEmXWA1RFQ\/thumbnail-image002-4-.jpg 600w\" alt=\"Bolsonaro e o pr\u00edncipe herdeiro da Ar\u00e1bia Saudita, Mohammad bin Salman, durante viagem do ent\u00e3o presidente brasileiro ao pa\u00eds \u00e1rabe, em 2019 \u2014 Foto: JOS\u00c9 DIAS\/PR\" \/><\/figure>\n<\/div>\n<p class=\"content-media__description \">Bolsonaro e o pr\u00edncipe herdeiro da Ar\u00e1bia Saudita, Mohammad bin Salman, durante viagem do ent\u00e3o presidente brasileiro ao pa\u00eds \u00e1rabe, em 2019 \u2014 Foto: JOS\u00c9 DIAS\/PR<\/p>\n<\/div>\n<\/div>\n<\/div>\n<div id=\"chunk-aeqn5\">\n<div class=\"mc-column content-text active-extra-styles \" data-block-type=\"unstyled\" data-block-weight=\"34\" data-block-id=\"3\">\n<p class=\"content-text__container \" data-track-category=\"Link no Texto\" data-track-links=\"\">O ex-presidente\u00a0<a class=\"\" href=\"https:\/\/g1.globo.com\/politica\/politico\/jair-bolsonaro\/\">Jair Bolsonaro<\/a>\u00a0(<a class=\"\" href=\"https:\/\/g1.globo.com\/politica\/partido\/pl\/\">PL<\/a>) deve depor \u00e0\u00a0<a class=\"\" href=\"https:\/\/g1.globo.com\/tudo-sobre\/policia-federal\/\">Pol\u00edcia Federal<\/a>\u00a0nesta quarta-feira (4) sobre os tr\u00eas conjuntos de joias dados de presente pelo governo da Ar\u00e1bia Saudita a ele e \u00e0 ex-primeira-dama\u00a0<a class=\"\" href=\"https:\/\/g1.globo.com\/tudo-sobre\/michelle-bolsonaro\/\">Michelle Bolsonaro<\/a>.<\/p>\n<\/div>\n<\/div>\n<div class=\"wall protected-content\">\n<div id=\"chunk-dv3ju\">\n<div class=\"mc-column content-text active-extra-styles \" data-block-type=\"unstyled\" data-block-weight=\"24\" data-block-id=\"4\">\n<p class=\"content-text__container \" data-track-category=\"Link no Texto\" data-track-links=\"\">O depoimento est\u00e1 previsto para as 14h30 em Bras\u00edlia e, de acordo com o blog da Andreia Sadi no\u00a0<strong>g1<\/strong>, deve ser presencial.<\/p>\n<\/div>\n<\/div>\n<div id=\"chunk-46g6f\">\n<div class=\"mc-column content-text active-extra-styles \" data-block-type=\"unstyled\" data-block-weight=\"36\" data-block-id=\"5\">\n<p class=\"content-text__container \" data-track-category=\"Link no Texto\" data-track-links=\"\">Inqu\u00e9rito da PF apura se Bolsonaro cometeu o crime de peculato ao tentar ficar com as joias, em especial um conjunto,\u00a0<a class=\"\" href=\"https:\/\/g1.globo.com\/politica\/noticia\/2023\/03\/03\/governo-bolsonaro-tentou-trazer-ilegalmente-ao-brasil-joias-com-diamantes-de-r-165-milhoes-para-michelle.ghtml\">avaliado em R$ 16 milh\u00f5es, que foi retido pela Receita Federal em outubro de 2021<\/a>.<\/p>\n<\/div>\n<\/div>\n<div id=\"chunk-886ms\">\n<div class=\"mc-column content-text active-extra-styles \" data-block-type=\"unstyled\" data-block-weight=\"39\" data-block-id=\"6\">\n<p class=\"content-text__container \" data-track-category=\"Link no Texto\" data-track-links=\"\">O crime de peculato ocorre quando um funcion\u00e1rio p\u00fablico se apropria de dinheiro ou bens dos quais tem posse em raz\u00e3o de seu cargo. A pena varia de 2 a 12 anos de pris\u00e3o, al\u00e9m do pagamento de multa.<\/p>\n<\/div>\n<\/div>\n<div id=\"chunk-8vovb\">\n<div class=\"bs-video-block mc-column  content-media content-video\" data-block-type=\"backstage-video\" data-block-id=\"8\">\n<div class=\"content-media__container\">\n<div class=\"content-video__bigger-player-description-fixer\">\n<article class=\"content-video\">\n<section class=\"content-video__video-container\">\n<div class=\"content-video__video\">\n<div id=\"wp3-player-2\" class=\"clappr-player\" tabindex=\"9999\" data-player=\"\">\n<div class=\"media-control media-control-hide h720 w960\">\n<div class=\"media-control-panel\">\n<div class=\"media-control-panel__lower\" data-controls=\"\">\n<div class=\"opposites-container\">\n<div class=\"media-control-position__right\">Joias apreendidas pela Receita Federal chegaram a ser inclu\u00eddas no acervo pessoal do ent\u00e3o presidente Bolsonaro<\/div>\n<\/div>\n<\/div>\n<\/div>\n<\/div>\n<\/div>\n<\/div>\n<\/section>\n<\/article>\n<\/div>\n<\/div>\n<\/div>\n<\/div>\n<div id=\"chunk-d1el5\">\n<div class=\"mc-column content-text active-extra-styles \" data-block-type=\"unstyled\" data-block-weight=\"28\" data-block-id=\"9\">\n<p class=\"content-text__container \" data-track-category=\"Link no Texto\" data-track-links=\"\"><a class=\"\" href=\"https:\/\/g1.globo.com\/politica\/blog\/andreia-sadi\/post\/2023\/03\/29\/pf-intima-bolsonaro-e-mauro-cid-a-depor-em-inquerito-das-joias.ghtml\">Bolsonaro foi intimado a dar esclarecimentos \u00e0 PF na semana passada<\/a>. Ele voltou ao Brasil na \u00faltima quinta-feira (30),<a class=\"\" href=\"https:\/\/g1.globo.com\/politica\/noticia\/2023\/03\/30\/bolsonaro-pousa-no-brasil.ghtml\">\u00a0depois de passar tr\u00eas meses nos Estados Unidos<\/a>.<\/p>\n<\/div>\n<\/div>\n<div id=\"chunk-cet16\">\n<div class=\"mc-column content-text active-extra-styles \" data-block-type=\"unstyled\" data-block-weight=\"47\" data-block-id=\"10\">\n<p class=\"content-text__container \" data-track-category=\"Link no Texto\" data-track-links=\"\">Al\u00e9m dele, ainda de acordo com o blog Andreia Sadi, outras nove pessoas devem ser ouvidas simultaneamente, entre as quais dois auxiliares pr\u00f3ximos ao ex-presidente \u2013 o ex-ajudante de ordens\u00a0<a class=\"\" href=\"https:\/\/g1.globo.com\/podcast\/o-assunto\/noticia\/2023\/03\/10\/quem-e-mauro-cid-braco-direito-de-bolsonaro-que-pediu-liberacao-de-joias-na-receita.ghtml\">Mauro Cid<\/a>\u00a0e o ex-assessor especial Marcelo Camara \u2013 e o ex-chefe da Receita Julio Cesar Vieira.<\/p>\n<\/div>\n<\/div>\n<div id=\"chunk-b5eiu\">\n<div class=\"row medium-uncollapsed content-media content-photo\" data-block-type=\"backstage-photo\" data-block-id=\"11\">\n<div class=\"mc-column content-media__container\">\n<div class=\"content-media-container glb-skeleton-box\">\n<figure class=\"content-media-figure\"><img class=\"i-amphtml-fill-content i-amphtml-replaced-content\" src=\"https:\/\/s2.glbimg.com\/HTEiht3xz6TC-DSL8b44Ka7orro=\/0x0:6000x4000\/984x0\/smart\/filters:strip_icc()\/i.s3.glbimg.com\/v1\/AUTH_59edd422c0c84a879bd37670ae4f538a\/internal_photos\/bs\/2023\/U\/e\/w3nbLARRArD5YGBFOKtQ\/2023-03-14t171028z-1040512778-rc2qtz9uclqx-rtrmadp-3-brazil-politics-bolsonaro.jpg\" sizes=\"(max-width: 1242px) 648px, 100vw\" srcset=\"https:\/\/s2.glbimg.com\/Xc0Q7Zb3Y2JyEHMv0j7aJy0qKeo=\/0x0:6000x4000\/1000x0\/smart\/filters:strip_icc()\/i.s3.glbimg.com\/v1\/AUTH_59edd422c0c84a879bd37670ae4f538a\/internal_photos\/bs\/2023\/U\/e\/w3nbLARRArD5YGBFOKtQ\/2023-03-14t171028z-1040512778-rc2qtz9uclqx-rtrmadp-3-brazil-politics-bolsonaro.jpg 1000w, https:\/\/s2.glbimg.com\/HTEiht3xz6TC-DSL8b44Ka7orro=\/0x0:6000x4000\/984x0\/smart\/filters:strip_icc()\/i.s3.glbimg.com\/v1\/AUTH_59edd422c0c84a879bd37670ae4f538a\/internal_photos\/bs\/2023\/U\/e\/w3nbLARRArD5YGBFOKtQ\/2023-03-14t171028z-1040512778-rc2qtz9uclqx-rtrmadp-3-brazil-politics-bolsonaro.jpg 984w, https:\/\/s2.glbimg.com\/KotHrWxDb4z2FdnkwdtiKnGmkww=\/0x0:6000x4000\/640x0\/smart\/filters:strip_icc()\/i.s3.glbimg.com\/v1\/AUTH_59edd422c0c84a879bd37670ae4f538a\/internal_photos\/bs\/2023\/U\/e\/w3nbLARRArD5YGBFOKtQ\/2023-03-14t171028z-1040512778-rc2qtz9uclqx-rtrmadp-3-brazil-politics-bolsonaro.jpg 640w, https:\/\/s2.glbimg.com\/ju4foKeO15eHDl5vfvjq0q2rijw=\/0x0:6000x4000\/600x0\/smart\/filters:strip_icc()\/i.s3.glbimg.com\/v1\/AUTH_59edd422c0c84a879bd37670ae4f538a\/internal_photos\/bs\/2023\/U\/e\/w3nbLARRArD5YGBFOKtQ\/2023-03-14t171028z-1040512778-rc2qtz9uclqx-rtrmadp-3-brazil-politics-bolsonaro.jpg 600w\" alt=\"Conjunto de joias avaliadas em R$ 16,5 milh\u00f5es apreendido pela Receita \u2014 Foto: Amanda Perobelli\/Reuters\" \/><\/figure>\n<\/div>\n<p class=\"content-media__description \">Conjunto de joias avaliadas em R$ 16,5 milh\u00f5es apreendido pela Receita \u2014 Foto: Amanda Perobelli\/Reuters<\/p>\n<\/div>\n<\/div>\n<\/div>\n<div id=\"chunk-e8tul\">\n<div class=\"mc-column content-text active-extra-styles \" data-block-type=\"unstyled\" data-block-weight=\"38\" data-block-id=\"13\">\n<p class=\"content-text__container \" data-track-category=\"Link no Texto\" data-track-links=\"\">Em dezembro passado, dias antes de Bolsonaro deixar a Presid\u00eancia, o gabinete pessoal do ent\u00e3o presidente pediu \u00e0\u00a0<a class=\"\" href=\"https:\/\/g1.globo.com\/tudo-sobre\/receita-federal\/\">Receita Federal<\/a>\u00a0<a class=\"\" href=\"https:\/\/g1.globo.com\/politica\/blog\/andreia-sadi\/post\/2023\/03\/08\/exclusivo-video-tentativa-governo-bolsonaro-joias.ghtml\">a libera\u00e7\u00e3o do conjunto avaliado em quase R$ 17 milh\u00f5es<\/a>. O of\u00edcio foi assinado por Mauro Cid.<\/p>\n<\/div>\n<\/div>\n<div id=\"chunk-c78sd\">\n<div class=\"mc-column content-text active-extra-styles \" data-block-type=\"unstyled\" data-block-weight=\"35\" data-block-id=\"14\">\n<p class=\"content-text__container \" data-track-category=\"Link no Texto\" data-track-links=\"\">Em um e-mail enviado pouco tempo depois,\u00a0<a class=\"\" href=\"https:\/\/g1.globo.com\/politica\/noticia\/2023\/04\/04\/joias-sauditas-ex-chefe-da-receita-nega-pressao-e-uso-da-maquina-publica-para-liberar-itens-retidos.ghtml\">Julio Cesar Vieira\u00a0<\/a>se posicionou pelo atendimento do pedido e solicitou o encaminhamento da demanda \u00e0 equipe da Alf\u00e2ndega de Guarulhos. Mesmo assim, o conjunto n\u00e3o foi liberado.<\/p>\n<\/div>\n<\/div>\n<div id=\"chunk-6gf8e\">\n<div class=\"mc-column content-text active-extra-styles \" data-block-type=\"unstyled\" data-block-weight=\"40\" data-block-id=\"15\">\n<p class=\"content-text__container \" data-track-category=\"Link no Texto\" data-track-links=\"\"><a class=\"\" href=\"https:\/\/g1.globo.com\/politica\/noticia\/2023\/03\/03\/governo-bolsonaro-tentou-trazer-ilegalmente-ao-brasil-joias-com-diamantes-de-r-165-milhoes-para-michelle.ghtml\">O pacote foi apreendido em outubro de 2021<\/a>, no Aeroporto Internacional de Guarulhos (SP), ap\u00f3s inspe\u00e7\u00e3o nas bagagens de um integrante da comitiva que acompanhou o ent\u00e3o ministro Bento Albuquerque (Minas e Energia) em uma viagem \u00e0 Ar\u00e1bia Saudita.<\/p>\n<\/div>\n<\/div>\n<div id=\"chunk-bs1h7\">\n<div class=\"mc-column content-text active-extra-styles \" data-block-type=\"unstyled\" data-block-weight=\"28\" data-block-id=\"16\">\n<p class=\"content-text__container \" data-track-category=\"Link no Texto\" data-track-links=\"\">Assessor de Albuquerque, Marcos Andr\u00e9 dos Santos Soeiro, n\u00e3o havia declarado o conjunto \u00e0 Alf\u00e2ndega. Na ocasi\u00e3o, Soeiro indicou que as joias entrariam \u201cl\u00e1 para primeira-dama [Michelle Bolsonaro]\u201d.<\/p>\n<\/div>\n<\/div>\n<div class=\"mc-column content-text active-extra-styles\" data-block-type=\"raw\" data-block-weight=\"8\" data-block-id=\"17\">\n<p class=\"content-text__container\">\n<ul class=\"content-unordered-list\">\n<li><strong>Joias para Michelle Bolsonaro<\/strong>:\u00a0<a class=\"\" href=\"https:\/\/g1.globo.com\/politica\/noticia\/2023\/03\/04\/joias-michelle-bolsonaro-perguntas-e-respostas.ghtml\">veja perguntas e respostas<\/a><\/li>\n<\/ul>\n<p>&nbsp;<\/p>\n<\/div>\n<div id=\"chunk-eleks\">\n<div class=\"row medium-uncollapsed content-media content-photo\" data-block-type=\"backstage-photo\" data-block-id=\"18\">\n<div class=\"mc-column content-media__container\">\n<div class=\"content-media-container glb-skeleton-box\">\n<figure class=\"content-media-figure\"><img class=\"i-amphtml-fill-content i-amphtml-replaced-content\" src=\"https:\/\/s2.glbimg.com\/aS76xL-37AVKY_l90IOKrEHYXrM=\/0x0:960x1280\/984x0\/smart\/filters:strip_icc()\/i.s3.glbimg.com\/v1\/AUTH_59edd422c0c84a879bd37670ae4f538a\/internal_photos\/bs\/2023\/6\/1\/qK20cTTsuQ2uYNAAgF5A\/joias-bolsonaro-entregues.jpeg\" sizes=\"(max-width: 1242px) 648px, 100vw\" srcset=\"https:\/\/s2.glbimg.com\/FdJAa1zaztuNx9jVj9lYMCrcS2U=\/0x0:960x1280\/1000x0\/smart\/filters:strip_icc()\/i.s3.glbimg.com\/v1\/AUTH_59edd422c0c84a879bd37670ae4f538a\/internal_photos\/bs\/2023\/6\/1\/qK20cTTsuQ2uYNAAgF5A\/joias-bolsonaro-entregues.jpeg 1000w, https:\/\/s2.glbimg.com\/aS76xL-37AVKY_l90IOKrEHYXrM=\/0x0:960x1280\/984x0\/smart\/filters:strip_icc()\/i.s3.glbimg.com\/v1\/AUTH_59edd422c0c84a879bd37670ae4f538a\/internal_photos\/bs\/2023\/6\/1\/qK20cTTsuQ2uYNAAgF5A\/joias-bolsonaro-entregues.jpeg 984w, https:\/\/s2.glbimg.com\/MczbK184Rv2K9jqTl9cuWByMbuM=\/0x0:960x1280\/640x0\/smart\/filters:strip_icc()\/i.s3.glbimg.com\/v1\/AUTH_59edd422c0c84a879bd37670ae4f538a\/internal_photos\/bs\/2023\/6\/1\/qK20cTTsuQ2uYNAAgF5A\/joias-bolsonaro-entregues.jpeg 640w, https:\/\/s2.glbimg.com\/cmxjnEdyapmbaZB03zP6uNP5TTM=\/0x0:960x1280\/600x0\/smart\/filters:strip_icc()\/i.s3.glbimg.com\/v1\/AUTH_59edd422c0c84a879bd37670ae4f538a\/internal_photos\/bs\/2023\/6\/1\/qK20cTTsuQ2uYNAAgF5A\/joias-bolsonaro-entregues.jpeg 600w\" alt=\"Joias dadas de presente por autoridades sauditas a comitiva brasileira e que ficaram com Bolsonaro \u2014 Foto: Arquivo pessoal\" \/><\/figure>\n<\/div>\n<p class=\"content-media__description \">Joias dadas de presente por autoridades sauditas a comitiva brasileira e que ficaram com Bolsonaro \u2014 Foto: Arquivo pessoal<\/p>\n<\/div>\n<\/div>\n<\/div>\n<div id=\"chunk-a6tb5\">\n<div class=\"content-ads content-ads--reveal\" data-block-type=\"ads\" data-block-id=\"19\">\n<div id=\"banner_materia__78d02f72-5afe-4274-9a43-52168df05148\" class=\"tag-manager-publicidade-container mc-has-reveal mc-has-ad-lazyload tag-manager-publicidade-banner_materia__78d02f72-5afe-4274-9a43-52168df05148 tag-manager-publicidade-container--carregado tag-manager-publicidade-container--visivel\" data-id=\"banner_materia__78d02f72-5afe-4274-9a43-52168df05148\" data-google-query-id=\"CL3Kx4q8kv4CFRqtlQIda9IKKg\">\n<div id=\"google_ads_iframe_\/95377733\/tvg_G1\/Politica_5__container__\"><iframe id=\"google_ads_iframe_\/95377733\/tvg_G1\/Politica_5\" tabindex=\"0\" title=\"3rd party ad content\" role=\"region\" name=\"google_ads_iframe_\/95377733\/tvg_G1\/Politica_5\" width=\"970\" height=\"250\" frameborder=\"0\" marginwidth=\"0\" marginheight=\"0\" scrolling=\"no\" aria-label=\"Advertisement\" data-load-complete=\"true\" data-google-container-id=\"7\" data-mce-fragment=\"1\"><\/iframe><\/div>\n<\/div>\n<\/div>\n<\/div>\n<div id=\"chunk-eoqpi\">\n<div class=\"mc-column content-text active-extra-styles \" data-block-type=\"unstyled\" data-block-weight=\"45\" data-block-id=\"20\">\n<p class=\"content-text__container \" data-track-category=\"Link no Texto\" data-track-links=\"\">Al\u00e9m desse pacote, Bolsonaro recebeu outros dois com joias presenteadas pelo governo saudita. O primeiro foi recebido pela comitiva do ex-presidente em uma viagem ao Catar e \u00e0 Ar\u00e1bia Saudita em outubro de 2019. O segundo, pela mesma comitiva de Bento Albuquerque em 2021.<\/p>\n<\/div>\n<\/div>\n<div id=\"chunk-c9kc7\">\n<div class=\"mc-column content-text active-extra-styles \" data-block-type=\"unstyled\" data-block-weight=\"51\" data-block-id=\"21\">\n<p class=\"content-text__container \" data-track-category=\"Link no Texto\" data-track-links=\"\">Os dois n\u00e3o tiveram a entrada no pa\u00eds barrada pela Receita Federal e\u00a0<a class=\"\" href=\"https:\/\/g1.globo.com\/politica\/noticia\/2023\/03\/07\/pf-descobre-que-segundo-pacote-de-joias-esta-no-acervo-privado-de-bolsonaro.ghtml\">foram armazenados como itens do acervo pessoal de Bolsonaro<\/a>, em vez de integrar o acervo da Uni\u00e3o. Ap\u00f3s determina\u00e7\u00e3o do Tribunal de Contas da Uni\u00e3o (TCU), os pacotes foram entregues pela defesa de Bolsonaro \u00e0\u00a0<a class=\"\" href=\"https:\/\/g1.globo.com\/tudo-sobre\/caixa-economica-federal\/\">Caixa Econ\u00f4mica Federal<\/a>.<\/p>\n<\/div>\n<\/div>\n<div id=\"chunk-cvffu\">\n<div class=\"mc-column content-text active-extra-styles \" data-block-type=\"unstyled\" data-block-weight=\"24\" data-block-id=\"22\">\n<p class=\"content-text__container \" data-track-category=\"Link no Texto\" data-track-links=\"\">Segundo o blog da jornalista Andr\u00e9ia Sadi, a Pol\u00edcia Federal apura as circunst\u00e2ncias que resultaram no envio dos conjuntos \u00e0 guarda pessoal de Bolsonaro.<\/p>\n<\/div>\n<\/div>\n<div id=\"chunk-ct0v3\">\n<div class=\"row medium-uncollapsed content-media content-photo\" data-block-type=\"backstage-photo\" data-block-id=\"23\">\n<div class=\"mc-column content-media__container\">\n<div class=\"content-media-container glb-skeleton-box\">\n<figure class=\"content-media-figure\"><img class=\"i-amphtml-fill-content i-amphtml-replaced-content\" src=\"https:\/\/s2.glbimg.com\/1iw2xE06nOtUnBAvYFeeUKWyhVQ=\/0x0:1135x638\/984x0\/smart\/filters:strip_icc()\/i.s3.glbimg.com\/v1\/AUTH_59edd422c0c84a879bd37670ae4f538a\/internal_photos\/bs\/2023\/A\/b\/sJ7BrWQ76QBcLSTEXALA\/joias-rolex.jpg\" sizes=\"(max-width: 1242px) 648px, 100vw\" srcset=\"https:\/\/s2.glbimg.com\/XCmYFuG6MC3PXFIgkCXSrB7e-Nc=\/0x0:1135x638\/1000x0\/smart\/filters:strip_icc()\/i.s3.glbimg.com\/v1\/AUTH_59edd422c0c84a879bd37670ae4f538a\/internal_photos\/bs\/2023\/A\/b\/sJ7BrWQ76QBcLSTEXALA\/joias-rolex.jpg 1000w, https:\/\/s2.glbimg.com\/1iw2xE06nOtUnBAvYFeeUKWyhVQ=\/0x0:1135x638\/984x0\/smart\/filters:strip_icc()\/i.s3.glbimg.com\/v1\/AUTH_59edd422c0c84a879bd37670ae4f538a\/internal_photos\/bs\/2023\/A\/b\/sJ7BrWQ76QBcLSTEXALA\/joias-rolex.jpg 984w, https:\/\/s2.glbimg.com\/mWh_c5LoQyh33bQcXg65oR5mq7Q=\/0x0:1135x638\/640x0\/smart\/filters:strip_icc()\/i.s3.glbimg.com\/v1\/AUTH_59edd422c0c84a879bd37670ae4f538a\/internal_photos\/bs\/2023\/A\/b\/sJ7BrWQ76QBcLSTEXALA\/joias-rolex.jpg 640w, https:\/\/s2.glbimg.com\/HmhzHsfWn38GmdoHZ4xNNj5XSG8=\/0x0:1135x638\/600x0\/smart\/filters:strip_icc()\/i.s3.glbimg.com\/v1\/AUTH_59edd422c0c84a879bd37670ae4f538a\/internal_photos\/bs\/2023\/A\/b\/sJ7BrWQ76QBcLSTEXALA\/joias-rolex.jpg 600w\" alt=\"Joias e Rolex dados de presente a Jair Bolsonaro \u2014 Foto: Reprodu\u00e7\u00e3o\" \/><\/figure>\n<\/div>\n<p class=\"content-media__description \">Joias e Rolex dados de presente a Jair Bolsonaro \u2014 Foto: Reprodu\u00e7\u00e3o<\/p>\n<\/div>\n<\/div>\n<\/div>\n<\/div>\n<\/article>\n<\/div>\n","protected":false},"excerpt":{"rendered":"<p>Bolsonaro e o pr\u00edncipe herdeiro da Ar\u00e1bia Saudita, Mohammad bin Salman, durante viagem do ent\u00e3o presidente brasileiro ao pa\u00eds \u00e1rabe, em 2019 \u2014 Foto: JOS\u00c9 DIAS\/PR O ex-presidente\u00a0Jair Bolsonaro\u00a0(PL) deve depor \u00e0\u00a0Pol\u00edcia Federal\u00a0nesta quarta-feira (4) sobre os tr\u00eas conjuntos de joias dados de presente pelo governo da Ar\u00e1bia Saudita a ele e \u00e0 ex-primeira-dama\u00a0Michelle Bolsonaro. [&hellip;]<\/p>\n","protected":false},"author":2,"featured_media":0,"comment_status":"open","ping_status":"open","sticky":false,"template":"","format":"standard","meta":{"_links_to":"","_links_to_target":""},"categories":[7,9,8,1],"tags":[],"_links":{"self":[{"href":"https:\/\/www.ilheusnoticias.net.br\/v1\/wp-json\/wp\/v2\/posts\/31454"}],"collection":[{"href":"https:\/\/www.ilheusnoticias.net.br\/v1\/wp-json\/wp\/v2\/posts"}],"about":[{"href":"https:\/\/www.ilheusnoticias.net.br\/v1\/wp-json\/wp\/v2\/types\/post"}],"author":[{"embeddable":true,"href":"https:\/\/www.ilheusnoticias.net.br\/v1\/wp-json\/wp\/v2\/users\/2"}],"replies":[{"embeddable":true,"href":"https:\/\/www.ilheusnoticias.net.br\/v1\/wp-json\/wp\/v2\/comments?post=31454"}],"version-history":[{"count":1,"href":"https:\/\/www.ilheusnoticias.net.br\/v1\/wp-json\/wp\/v2\/posts\/31454\/revisions"}],"predecessor-version":[{"id":31455,"href":"https:\/\/www.ilheusnoticias.net.br\/v1\/wp-json\/wp\/v2\/posts\/31454\/revisions\/31455"}],"wp:attachment":[{"href":"https:\/\/www.ilheusnoticias.net.br\/v1\/wp-json\/wp\/v2\/media?parent=31454"}],"wp:term":[{"taxonomy":"category","embeddable":true,"href":"https:\/\/www.ilheusnoticias.net.br\/v1\/wp-json\/wp\/v2\/categories?post=31454"},{"taxonomy":"post_tag","embeddable":true,"href":"https:\/\/www.ilheusnoticias.net.br\/v1\/wp-json\/wp\/v2\/tags?post=31454"}],"curies":[{"name":"wp","href":"https:\/\/api.w.org\/{rel}","templated":true}]}}