{"id":31452,"date":"2023-04-05T06:52:16","date_gmt":"2023-04-05T09:52:16","guid":{"rendered":"https:\/\/www.ilheusnoticias.net.br\/v1\/?p=31452"},"modified":"2023-04-05T06:52:16","modified_gmt":"2023-04-05T09:52:16","slug":"superlua-rosa-de-pascoa-podera-ser-vista-nesta-quinta-feira-no-brasil","status":"publish","type":"post","link":"https:\/\/www.ilheusnoticias.net.br\/v1\/2023\/04\/05\/superlua-rosa-de-pascoa-podera-ser-vista-nesta-quinta-feira-no-brasil\/","title":{"rendered":"&#8216;Superlua rosa de P\u00e1scoa&#8217; poder\u00e1 ser vista nesta quinta-feira no Brasil"},"content":{"rendered":"<div class=\"row content-head non-featured \">\n<div class=\"title\" data-block-type=\"title\" data-block-id=\"0\"><\/div>\n<\/div>\n<div class=\"mc-article-body\">\n<article>\n<div id=\"chunk-e58g0\">\n<div class=\"row medium-uncollapsed content-media content-photo\" data-block-type=\"backstage-photo\" data-block-id=\"1\">\n<div class=\"column medium-22 large-20 medium-centered content-media__container\">\n<div class=\"content-media-container glb-skeleton-box\">\n<figure class=\"content-media-figure\"><img class=\"i-amphtml-fill-content i-amphtml-replaced-content\" src=\"https:\/\/s2.glbimg.com\/Cm6h2vrIVVOdYxwuSjSsO4UY8ho=\/0x0:1913x999\/1008x0\/smart\/filters:strip_icc()\/i.s3.glbimg.com\/v1\/AUTH_59edd422c0c84a879bd37670ae4f538a\/internal_photos\/bs\/2023\/l\/r\/gxWXeCRQqc3fAOUI6jIA\/moon.png\" srcset=\"\" alt=\"Compara\u00e7\u00e3o da Nasa mostra diferen\u00e7a entre uma lua 'normal' e 'superlua', \u00e0 direita. \u2014 Foto: Reprodu\u00e7\u00e3o\/Nasa\" \/><\/figure>\n<\/div>\n<p class=\"content-media__description \">Compara\u00e7\u00e3o da Nasa mostra diferen\u00e7a entre uma lua &#8216;normal&#8217; e &#8216;superlua&#8217;, \u00e0 direita. \u2014 Foto: Reprodu\u00e7\u00e3o\/Nasa<\/p>\n<\/div>\n<\/div>\n<\/div>\n<div id=\"chunk-7pa2m\">\n<div class=\"mc-column content-text active-extra-styles \" data-block-type=\"unstyled\" data-block-weight=\"23\" data-block-id=\"3\">\n<p class=\"content-text__container \" data-track-category=\"Link no Texto\" data-track-links=\"\">Uma lua cheia batizada de &#8220;Superlua Rosa&#8221; ser\u00e1 vis\u00edvel em todo o Brasil na quinta-feira (6), segundo a\u00a0<a class=\"\" href=\"https:\/\/g1.globo.com\/tudo-sobre\/nasa\/\">Nasa<\/a>, a ag\u00eancia espacial norte-americana.<\/p>\n<\/div>\n<\/div>\n<div class=\"wall protected-content\">\n<div id=\"chunk-74fta\">\n<div class=\"mc-column content-text active-extra-styles \" data-block-type=\"unstyled\" data-block-weight=\"50\" data-block-id=\"4\">\n<p class=\"content-text__container \" data-track-category=\"Link no Texto\" data-track-links=\"\">Nesta fase, a Lua vai aparecer maior e mais brilhante do que o normal durante as tr\u00eas noites em que ficara na fase cheia, j\u00e1 que ela estar\u00e1 pr\u00f3xima ao seu\u00a0<strong>perigeu<\/strong>,<strong>\u00a0o ponto mais pr\u00f3ximo da Terra<\/strong>\u00a0durante sua \u00f3rbita. No Brasil, isso acontecer\u00e1 especificamente \u00e0s 4h35 da madrugada.<\/p>\n<\/div>\n<\/div>\n<div id=\"chunk-dgnqg\">\n<div class=\"mc-column content-text active-extra-styles \" data-block-type=\"unstyled\" data-block-weight=\"37\" data-block-id=\"5\">\n<p class=\"content-text__container \" data-track-category=\"Link no Texto\" data-track-links=\"\">O nome &#8220;Superlua Rosa&#8221; foi dado por povos nativos dos Estados Unidos porque a flor desabrocha nessa \u00e9poca do ano, quando \u00e9 primavera no Hemisf\u00e9rio Norte. Apesar do nome, a Lua n\u00e3o ter\u00e1 nenhuma mudan\u00e7a de cor.<\/p>\n<\/div>\n<\/div>\n<div id=\"chunk-a73rq\">\n<div class=\"mc-column content-text active-extra-styles \" data-block-type=\"unstyled\" data-block-weight=\"40\" data-block-id=\"7\">\n<p class=\"content-text__container \" data-track-category=\"Link no Texto\" data-track-links=\"\">No calend\u00e1rio crist\u00e3o, esta \u00e9 a Lua Pascal, a partir da qual se calcula a data da P\u00e1scoa. De acordo com a tradi\u00e7\u00e3o, o feriado crist\u00e3o da P\u00e1scoa \u00e9 celebrado no primeiro domingo ap\u00f3s a primeira lua cheia da primavera.<\/p>\n<\/div>\n<\/div>\n<div id=\"chunk-2jgpa\">\n<div class=\"mc-column content-text active-extra-styles \" data-block-type=\"unstyled\" data-block-weight=\"60\" data-block-id=\"8\">\n<p class=\"content-text__container \" data-track-category=\"Link no Texto\" data-track-links=\"\">O termo &#8220;superlua&#8221; surgiu em 1979 e n\u00e3o \u00e9 um conceito astron\u00f4mico propriamente dito. Ele \u00e9 usado fora do meio acad\u00eamico para fazer refer\u00eancia \u00e0 uni\u00e3o do perigeu (o ponto mais pr\u00f3ximo da Terra durante sua \u00f3rbita) com a Lua cheia. N\u00e3o \u00e9 uma situa\u00e7\u00e3o rara, mas \u00e9 uma excelente oportunidade para quem quer come\u00e7ar a observar o c\u00e9u.<\/p>\n<\/div>\n<\/div>\n<div id=\"chunk-am4vq\">\n<div class=\"row medium-uncollapsed content-media content-photo\" data-block-type=\"backstage-photo\" data-block-id=\"9\">\n<div class=\"mc-column content-media__container\">\n<div class=\"content-media-container glb-skeleton-box\">\n<figure class=\"content-media-figure\"><img class=\"i-amphtml-fill-content i-amphtml-replaced-content\" src=\"https:\/\/s2.glbimg.com\/DaiDXfPf0HdCwGr4MBgIGF-qic8=\/0x0:1600x2933\/984x0\/smart\/filters:strip_icc()\/i.s3.glbimg.com\/v1\/AUTH_59edd422c0c84a879bd37670ae4f538a\/internal_photos\/bs\/2023\/y\/9\/MEQaoZQkWgLSpPqvDUMw\/0404lua.jpg\" sizes=\"(max-width: 1242px) 648px, 100vw\" srcset=\"https:\/\/s2.glbimg.com\/qY_3n21zl0vzho0tUmy4JRuwigs=\/0x0:1600x2933\/1000x0\/smart\/filters:strip_icc()\/i.s3.glbimg.com\/v1\/AUTH_59edd422c0c84a879bd37670ae4f538a\/internal_photos\/bs\/2023\/y\/9\/MEQaoZQkWgLSpPqvDUMw\/0404lua.jpg 1000w, https:\/\/s2.glbimg.com\/DaiDXfPf0HdCwGr4MBgIGF-qic8=\/0x0:1600x2933\/984x0\/smart\/filters:strip_icc()\/i.s3.glbimg.com\/v1\/AUTH_59edd422c0c84a879bd37670ae4f538a\/internal_photos\/bs\/2023\/y\/9\/MEQaoZQkWgLSpPqvDUMw\/0404lua.jpg 984w, https:\/\/s2.glbimg.com\/oEDiovau7i_aQjTUJVrM2iaJnVs=\/0x0:1600x2933\/640x0\/smart\/filters:strip_icc()\/i.s3.glbimg.com\/v1\/AUTH_59edd422c0c84a879bd37670ae4f538a\/internal_photos\/bs\/2023\/y\/9\/MEQaoZQkWgLSpPqvDUMw\/0404lua.jpg 640w, https:\/\/s2.glbimg.com\/aw7XKs1JUdhAUmYUzk3cWBG7zL0=\/0x0:1600x2933\/600x0\/smart\/filters:strip_icc()\/i.s3.glbimg.com\/v1\/AUTH_59edd422c0c84a879bd37670ae4f538a\/internal_photos\/bs\/2023\/y\/9\/MEQaoZQkWgLSpPqvDUMw\/0404lua.jpg 600w\" alt=\" \u2014 Foto: Arte g1\/Wagner Magalh\u00e3es\" \/><\/figure>\n<\/div>\n<p class=\"content-media__description \">\u2014 Foto: Arte g1\/Wagner Magalh\u00e3es<\/p>\n<\/div>\n<\/div>\n<\/div>\n<div id=\"chunk-6rtf6\">\n<div class=\"content-ads content-ads--reveal\" data-block-type=\"ads\" data-block-id=\"10\">\n<div id=\"banner_materia__6dca8d22-eeb4-4c34-8f2f-98561e50f4de\" class=\"tag-manager-publicidade-container mc-has-reveal mc-has-ad-lazyload tag-manager-publicidade-banner_materia__6dca8d22-eeb4-4c34-8f2f-98561e50f4de tag-manager-publicidade-container--carregado tag-manager-publicidade-container--visivel\" data-id=\"banner_materia__6dca8d22-eeb4-4c34-8f2f-98561e50f4de\" data-google-query-id=\"CMzV7s-7kv4CFflLuAQd7g4BBg\">\n<div id=\"google_ads_iframe_\/95377733\/tvg_G1\/Ciencia_4__container__\"><iframe loading=\"lazy\" id=\"google_ads_iframe_\/95377733\/tvg_G1\/Ciencia_4\" tabindex=\"0\" title=\"3rd party ad content\" role=\"region\" src=\"https:\/\/17658fa3a0aaff4c23215c6bb2b6dcae.safeframe.googlesyndication.com\/safeframe\/1-0-40\/html\/container.html\" name=\"\" width=\"970\" height=\"250\" frameborder=\"0\" marginwidth=\"0\" marginheight=\"0\" scrolling=\"no\" sandbox=\"allow-forms allow-popups allow-popups-to-escape-sandbox allow-same-origin allow-scripts allow-top-navigation-by-user-activation\" data-is-safeframe=\"true\" aria-label=\"Advertisement\" data-google-container-id=\"6\" data-load-complete=\"true\" data-mce-fragment=\"1\"><\/iframe><\/div>\n<\/div>\n<\/div>\n<\/div>\n<div id=\"chunk-cm71r\">\n<div class=\"mc-column content-text active-extra-styles \" data-block-type=\"unstyled\" data-block-weight=\"21\" data-block-id=\"11\">\n<p class=\"content-text__container \" data-track-category=\"Link no Texto\" data-track-links=\"\">Em 2022 ocorreram tr\u00eas superluas: a de<a class=\"\" href=\"https:\/\/g1.globo.com\/ciencia\/noticia\/2022\/06\/14\/superlua-de-morango-veja-fotos-do-fenomeno.ghtml\">\u00a0Morango, em junho<\/a>, a dos<a class=\"\" href=\"https:\/\/g1.globo.com\/ciencia\/noticia\/2022\/07\/11\/superlua-dos-cervos-ocorre-na-quarta-veja-dicas-para-observacao-e-curiosidades.ghtml\">\u00a0Cervos, em julho<\/a>\u00a0e a de\u00a0<a class=\"\" href=\"https:\/\/g1.globo.com\/ciencia\/noticia\/2022\/08\/10\/superlua-de-esturjao-acontece-amanha-11-e-sera-a-ultima-do-ano-veja-como-observar.ghtml\">Esturj\u00e3o em agosto.<\/a><\/p>\n<\/div>\n<\/div>\n<div class=\"mc-column content-text active-extra-styles\" data-block-type=\"raw\" data-block-weight=\"2\" data-block-id=\"12\">\n<div class=\"content-intertitle\">\n<h2>Detalhes importantes:<\/h2>\n<\/div>\n<\/div>\n<div class=\"mc-column content-text active-extra-styles\" data-block-type=\"raw\" data-block-weight=\"81\" data-block-id=\"13\">\n<ul class=\"content-unordered-list\">\n<li>A \u00f3rbita da Lua ao redor da Terra tem forma\u00a0<span class=\"highlight highlighted\">el\u00edptica<\/span>: uma forma oval que, pela sua irregularidade, aproxima e distancia o sat\u00e9lite do nosso planeta;<\/li>\n<li>O ponto mais distante dessa elipse \u00e9 chamado\u00a0<span class=\"highlight highlighted\">apogeu<\/span>. \u00c9 quando acontece a microlua;<\/li>\n<li>O ponto mais pr\u00f3ximo \u00e9 o\u00a0<span class=\"highlight highlighted\">perigeu<\/span>;<\/li>\n<li>Quando a Lua est\u00e1 cheia e em seu perigeu (superlua), ela pode parecer at\u00e9 14% maior e 30% mais brilhante ao ser vista da Terra do que no momento do apogeu, segundo a Nasa.<\/li>\n<\/ul>\n<\/div>\n<\/div>\n<\/article>\n<\/div>\n","protected":false},"excerpt":{"rendered":"<p>Compara\u00e7\u00e3o da Nasa mostra diferen\u00e7a entre uma lua &#8216;normal&#8217; e &#8216;superlua&#8217;, \u00e0 direita. \u2014 Foto: Reprodu\u00e7\u00e3o\/Nasa Uma lua cheia batizada de &#8220;Superlua Rosa&#8221; ser\u00e1 vis\u00edvel em todo o Brasil na quinta-feira (6), segundo a\u00a0Nasa, a ag\u00eancia espacial norte-americana. Nesta fase, a Lua vai aparecer maior e mais brilhante do que o normal durante as tr\u00eas [&hellip;]<\/p>\n","protected":false},"author":2,"featured_media":0,"comment_status":"open","ping_status":"open","sticky":false,"template":"","format":"standard","meta":{"_links_to":"","_links_to_target":""},"categories":[7,9,8,1],"tags":[],"_links":{"self":[{"href":"https:\/\/www.ilheusnoticias.net.br\/v1\/wp-json\/wp\/v2\/posts\/31452"}],"collection":[{"href":"https:\/\/www.ilheusnoticias.net.br\/v1\/wp-json\/wp\/v2\/posts"}],"about":[{"href":"https:\/\/www.ilheusnoticias.net.br\/v1\/wp-json\/wp\/v2\/types\/post"}],"author":[{"embeddable":true,"href":"https:\/\/www.ilheusnoticias.net.br\/v1\/wp-json\/wp\/v2\/users\/2"}],"replies":[{"embeddable":true,"href":"https:\/\/www.ilheusnoticias.net.br\/v1\/wp-json\/wp\/v2\/comments?post=31452"}],"version-history":[{"count":1,"href":"https:\/\/www.ilheusnoticias.net.br\/v1\/wp-json\/wp\/v2\/posts\/31452\/revisions"}],"predecessor-version":[{"id":31453,"href":"https:\/\/www.ilheusnoticias.net.br\/v1\/wp-json\/wp\/v2\/posts\/31452\/revisions\/31453"}],"wp:attachment":[{"href":"https:\/\/www.ilheusnoticias.net.br\/v1\/wp-json\/wp\/v2\/media?parent=31452"}],"wp:term":[{"taxonomy":"category","embeddable":true,"href":"https:\/\/www.ilheusnoticias.net.br\/v1\/wp-json\/wp\/v2\/categories?post=31452"},{"taxonomy":"post_tag","embeddable":true,"href":"https:\/\/www.ilheusnoticias.net.br\/v1\/wp-json\/wp\/v2\/tags?post=31452"}],"curies":[{"name":"wp","href":"https:\/\/api.w.org\/{rel}","templated":true}]}}