{"id":31450,"date":"2023-04-05T06:50:07","date_gmt":"2023-04-05T09:50:07","guid":{"rendered":"https:\/\/www.ilheusnoticias.net.br\/v1\/?p=31450"},"modified":"2023-04-05T06:50:07","modified_gmt":"2023-04-05T09:50:07","slug":"mec-suspende-mudanca-no-formato-do-enem-2024-e-agora-entenda-cenarios-do-impacto-para-os-alunos","status":"publish","type":"post","link":"https:\/\/www.ilheusnoticias.net.br\/v1\/2023\/04\/05\/mec-suspende-mudanca-no-formato-do-enem-2024-e-agora-entenda-cenarios-do-impacto-para-os-alunos\/","title":{"rendered":"MEC suspende mudan\u00e7a no formato do Enem 2024; e agora? Entenda cen\u00e1rios do impacto para os alunos"},"content":{"rendered":"<div class=\"row content-head non-featured \">\n<div class=\"title\" data-block-type=\"title\" data-block-id=\"0\">\n<h1 class=\"content-head__title\"><\/h1>\n<\/div>\n<\/div>\n<div class=\"mc-article-body\">\n<article>\n<div id=\"chunk-6f5rq\">\n<div class=\"mc-column content-text active-extra-styles active-capital-letter\" data-block-type=\"unstyled\" data-block-weight=\"40\" data-block-id=\"2\">\n<p class=\"content-text__container theme-color-primary-first-letter\" data-track-category=\"Link no Texto\" data-track-links=\"\">O Minist\u00e9rio da Educa\u00e7\u00e3o (<a class=\"\" href=\"https:\/\/g1.globo.com\/tudo-sobre\/ministerio-da-educacao\/\">MEC<\/a>)\u00a0<a class=\"\" href=\"https:\/\/g1.globo.com\/educacao\/noticia\/2023\/04\/04\/mec-decide-suspender-cronograma-de-implementacao-do-novo-ensino-medio.ghtml\">suspendeu por 60 dias<\/a>\u00a0as mudan\u00e7as previstas para o\u00a0<a class=\"\" href=\"https:\/\/g1.globo.com\/tudo-sobre\/enem\/\">Exame Nacional do Ensino M\u00e9dio<\/a>\u00a0(Enem) em 2024. Com isso, at\u00e9 segunda ordem, a prova ser\u00e1 aplicada &#8211; daqui a dois anos &#8211; no formato atual.<\/p>\n<\/div>\n<\/div>\n<div class=\"wall protected-content\">\n<div id=\"chunk-csiqo\">\n<div class=\"mc-column content-text active-extra-styles \" data-block-type=\"unstyled\" data-block-weight=\"38\" data-block-id=\"3\">\n<p class=\"content-text__container \" data-track-category=\"Link no Texto\" data-track-links=\"\">Mas e como fica a vida dos alunos que hoje estudam seguindo as diretrizes do Novo Ensino M\u00e9dio, mas far\u00e3o o Enem tradicional? As redes de ensino v\u00e3o dar algum refor\u00e7o extra para compensar as brechas no conte\u00fado?<\/p>\n<\/div>\n<\/div>\n<div id=\"chunk-b95jf\">\n<div class=\"mc-column content-text active-extra-styles \" data-block-type=\"unstyled\" data-block-weight=\"5\" data-block-id=\"4\">\n<p class=\"content-text__container \" data-track-category=\"Link no Texto\" data-track-links=\"\"><strong>Confira abaixo os cen\u00e1rios poss\u00edveis<\/strong><\/p>\n<\/div>\n<\/div>\n<div class=\"mc-column content-text active-extra-styles\" data-block-type=\"raw\" data-block-weight=\"11\" data-block-id=\"5\">\n<div class=\"content-intertitle\">\n<h2>1 &#8211; Como fica a vida do estudante no ensino m\u00e9dio?<\/h2>\n<\/div>\n<\/div>\n<div class=\"mc-column content-text active-extra-styles\" data-block-type=\"raw\" data-block-weight=\"77\" data-block-id=\"6\">\n<ul class=\"content-unordered-list\">\n<li><strong>Na sala de aula:<\/strong>\u00a0por enquanto, nada muda. As escolas continuar\u00e3o tendo que seguir as diretrizes do Novo Ensino M\u00e9dio, com a oferta de itiner\u00e1rios formativos e projeto de vida.<\/li>\n<li><strong>No Enem 2024:<\/strong>\u00a0em princ\u00edpio, o exame no ano que vem ser\u00e1 no formato atual. A decis\u00e3o de suspender a mudan\u00e7a na prova \u00e9 tempor\u00e1ria. Dever\u00e1 haver uma defini\u00e7\u00e3o daqui a cerca de 60 dias, quando o grupo de trabalho que discute o tema concluir seus trabalhos.<\/li>\n<\/ul>\n<\/div>\n<div id=\"chunk-9h4b7\">\n<div class=\"mc-column content-text active-extra-styles \" data-block-type=\"unstyled\" data-block-weight=\"27\" data-block-id=\"7\">\n<p class=\"content-text__container \" data-track-category=\"Link no Texto\" data-track-links=\"\">Se a suspens\u00e3o for mantida, o novo formato do Enem s\u00f3 ser\u00e1 aplicado nos anos seguintes. Caso seja derrubada, o exame ter\u00e1 mudan\u00e7as a partir de 2024.<\/p>\n<\/div>\n<\/div>\n<div id=\"chunk-e2otu\">\n<div class=\"bs-video-block mc-column  content-media content-video\" data-block-type=\"backstage-video\" data-block-id=\"8\">\n<div class=\"content-media__container\">\n<p class=\"content-media__description\">Presidente Lula e ministro da Educa\u00e7\u00e3o discutem mudan\u00e7as no modelo do Novo Ensino M\u00e9dio<\/p>\n<\/div>\n<\/div>\n<\/div>\n<div class=\"mc-column content-text active-extra-styles\" data-block-type=\"raw\" data-block-weight=\"13\" data-block-id=\"10\">\n<div class=\"content-intertitle\">\n<h2>2 &#8211; Qual o objetivo do MEC com a suspens\u00e3o tempor\u00e1ria do cronograma?<\/h2>\n<\/div>\n<\/div>\n<div id=\"chunk-6ijqs\">\n<div class=\"mc-column content-text active-extra-styles \" data-block-type=\"unstyled\" data-block-weight=\"50\" data-block-id=\"11\">\n<p class=\"content-text__container \" data-track-category=\"Link no Texto\" data-track-links=\"\">O minist\u00e9rio busca sinalizar que est\u00e1 atento \u00e0s cr\u00edticas que o Novo Ensino M\u00e9dio recebe de alunos, professores e entidades. Mas ao mesmo tempo quer aguardar as conclus\u00f5es de um grupo de trabalho, criado no m\u00eas passado diante das cr\u00edticas ao formato, para resolver o que fazer com a reforma.<\/p>\n<\/div>\n<\/div>\n<div id=\"chunk-btejf\">\n<div class=\"mc-column content-text active-extra-styles \" data-block-type=\"unstyled\" data-block-weight=\"27\" data-block-id=\"12\">\n<p class=\"content-text__container \" data-track-category=\"Link no Texto\" data-track-links=\"\">Se a conclus\u00e3o for no sentido de que \u00e9 preciso fazer ajustes no modelo &#8211; ou revog\u00e1-lo &#8211; ser\u00e1 preciso aprovar um novo texto no Congresso Nacional.<\/p>\n<\/div>\n<\/div>\n<div id=\"chunk-b0731\">\n<div class=\"mc-column content-text active-extra-styles \" data-block-type=\"unstyled\" data-block-weight=\"60\" data-block-id=\"13\">\n<p class=\"content-text__container \" data-track-category=\"Link no Texto\" data-track-links=\"\">&#8220;N\u00f3s vamos apenas suspender as quest\u00f5es que v\u00e3o definir um novo Enem em 2024 por 60 dias. E vamos ampliar a discuss\u00e3o. O ideal \u00e9 que, num processo democr\u00e1tico, a gente possa escutar a todos. Principalmente, quem est\u00e1 l\u00e1 na ponta, que s\u00e3o os alunos, os professores e aqueles que executam a pol\u00edtica, que s\u00e3o os estados&#8221;, disse o ministro.<\/p>\n<\/div>\n<\/div>\n<div class=\"mc-column content-text active-extra-styles\" data-block-type=\"raw\" data-block-weight=\"11\" data-block-id=\"14\">\n<div class=\"content-intertitle\">\n<h2>3 &#8211; Quais eram as mudan\u00e7as previstas para o novo Enem?<\/h2>\n<\/div>\n<\/div>\n<div id=\"chunk-7pi07\">\n<div class=\"mc-column content-text active-extra-styles \" data-block-type=\"unstyled\" data-block-weight=\"28\" data-block-id=\"15\">\n<p class=\"content-text__container \" data-track-category=\"Link no Texto\" data-track-links=\"\"><strong>Como ficaria:\u00a0<\/strong>O novo exame teria quest\u00f5es seguindo as diretrizes do Novo Ensino M\u00e9dio (com partes espec\u00edficas no exame conforme a escolha do estudante), al\u00e9m de uma reda\u00e7\u00e3o.<\/p>\n<\/div>\n<\/div>\n<div id=\"chunk-cib1f\">\n<div class=\"mc-column content-text active-extra-styles \" data-block-type=\"unstyled\" data-block-weight=\"34\" data-block-id=\"16\">\n<p class=\"content-text__container \" data-track-category=\"Link no Texto\" data-track-links=\"\">As quest\u00f5es do exame seriam divididas em duas etapas: a primeira interdisciplinar, igual e obrigat\u00f3ria para todos. A segunda com provas de quatro \u00e1reas, em que o candidato selecionaria apenas uma delas para fazer<\/p>\n<\/div>\n<\/div>\n<div class=\"mc-column content-text active-extra-styles\" data-block-type=\"raw\" data-block-weight=\"28\" data-block-id=\"18\">\n<ul class=\"content-unordered-list\">\n<li>Linguagens, Ci\u00eancias Humanas e Sociais Aplicadas;<\/li>\n<li>Matem\u00e1tica, Ci\u00eancias da Natureza e suas Tecnologias;<\/li>\n<li>Matem\u00e1tica, Ci\u00eancias Humanas e Sociais Aplicadas; e<\/li>\n<li>Ci\u00eancias da Natureza, Ci\u00eancias Humanas e Sociais Aplicadas.<\/li>\n<\/ul>\n<\/div>\n<div id=\"chunk-3gnj6\">\n<div class=\"mc-column content-text active-extra-styles \" data-block-type=\"unstyled\" data-block-weight=\"30\" data-block-id=\"19\">\n<p class=\"content-text__container \" data-track-category=\"Link no Texto\" data-track-links=\"\"><strong>Como \u00e9 hoje:<\/strong> atualmente, a prova \u00e9 igual para todo mundo e cobra todas as \u00e1reas do conhecimento (ci\u00eancias humanas; ci\u00eancias da natureza; linguagens e matem\u00e1tica), al\u00e9m de uma reda\u00e7\u00e3o.<\/p>\n<\/div>\n<\/div>\n<div class=\"mc-column content-text active-extra-styles\" data-block-type=\"raw\" data-block-weight=\"13\" data-block-id=\"20\">\n<div class=\"content-intertitle\">\n<h2>4 &#8211; Qual o impacto na prepara\u00e7\u00e3o dos alunos do Novo Ensino M\u00e9dio?<\/h2>\n<\/div>\n<\/div>\n<div id=\"chunk-t0mj\">\n<div class=\"mc-column content-text active-extra-styles \" data-block-type=\"unstyled\" data-block-weight=\"28\" data-block-id=\"21\">\n<p class=\"content-text__container \" data-track-category=\"Link no Texto\" data-track-links=\"\">A turma de estudantes que far\u00e1 o Enem no ano que vem ser\u00e1 a primeira que ter\u00e1 feito os tr\u00eas anos do ensino m\u00e9dio seguindo as novas diretrizes.<\/p>\n<\/div>\n<\/div>\n<div id=\"chunk-ehu6\">\n<div class=\"mc-column content-text active-extra-styles \" data-block-type=\"unstyled\" data-block-weight=\"45\" data-block-id=\"22\">\n<p class=\"content-text__container \" data-track-category=\"Link no Texto\" data-track-links=\"\">Se o Enem ocorrer no formato tradicional, os alunos poder\u00e3o ser cobrados por conte\u00fados que n\u00e3o necessariamente foram tratados na escola, ou que at\u00e9 foram objeto de aula, mas sobre os quais n\u00e3o se aprofundaram por causa da redu\u00e7\u00e3o da carga hor\u00e1ria das mat\u00e9rias &#8220;convencionais&#8221;.<\/p>\n<\/div>\n<\/div>\n<div class=\"mc-column content-text active-extra-styles\" data-block-type=\"raw\" data-block-weight=\"10\" data-block-id=\"23\">\n<div class=\"content-intertitle\">\n<h2>5 &#8211; Como \u00e9 o curr\u00edculo do Novo Ensino M\u00e9dio?<\/h2>\n<\/div>\n<\/div>\n<div id=\"chunk-96tb7\">\n<div class=\"mc-column content-text active-extra-styles \" data-block-type=\"unstyled\" data-block-weight=\"30\" data-block-id=\"24\">\n<p class=\"content-text__container \" data-track-category=\"Link no Texto\" data-track-links=\"\">O Novo Ensino M\u00e9dio prev\u00ea o aumento progressivo da carga hor\u00e1ria total, que dever\u00e1 chegar a 3 mil horas ao final dos tr\u00eas anos, com a seguinte divis\u00e3o no conte\u00fado:<\/p>\n<\/div>\n<\/div>\n<div class=\"mc-column content-text active-extra-styles\" data-block-type=\"raw\" data-block-weight=\"31\" data-block-id=\"25\">\n<ul class=\"content-unordered-list\">\n<li><strong>1,8 mil horas<\/strong>\u00a0de ci\u00eancias da natureza, ci\u00eancias humanas, linguagens e matem\u00e1tica &#8211; para todos os alunos.<\/li>\n<li><strong>1,2 mil horas<\/strong>\u00a0de conte\u00fados eletivos focados nos objetivos pessoais e profissionais dos alunos.<\/li>\n<\/ul>\n<\/div>\n<div class=\"mc-column content-text active-extra-styles\" data-block-type=\"raw\" data-block-weight=\"14\" data-block-id=\"27\">\n<div class=\"content-intertitle\">\n<h2>6 &#8211; Como o Novo Ensino M\u00e9dio pode impactar no desempenho no Enem tradicional?<\/h2>\n<\/div>\n<\/div>\n<div id=\"chunk-7gps6\">\n<div class=\"mc-column content-text active-extra-styles \" data-block-type=\"unstyled\" data-block-weight=\"7\" data-block-id=\"28\">\n<p class=\"content-text__container \" data-track-category=\"Link no Texto\" data-track-links=\"\">Algumas das cr\u00edticas apontadas por especialistas est\u00e3o:<\/p>\n<\/div>\n<\/div>\n<div class=\"mc-column content-text active-extra-styles\" data-block-type=\"raw\" data-block-weight=\"43\" data-block-id=\"29\">\n<ul class=\"content-unordered-list\">\n<li>O programa atravessa diferentes n\u00edveis de implementa\u00e7\u00e3o, variando de estado para estado.<\/li>\n<li>As disciplinas cl\u00e1ssicas t\u00eam menos prioridade na grade com a entrada das novas ofertas. Em alguns casos, estudantes relatam ter ficado com apenas duas aulas na semana de portugu\u00eas e matem\u00e1tica.<\/li>\n<\/ul>\n<\/div>\n<div class=\"mc-column content-text active-extra-styles\" data-block-type=\"raw\" data-block-weight=\"11\" data-block-id=\"30\">\n<div class=\"content-intertitle\">\n<h2>7 &#8211; As redes de ensino v\u00e3o oferecer refor\u00e7o aos alunos?<\/h2>\n<\/div>\n<\/div>\n<div id=\"chunk-pir3\">\n<div class=\"mc-column content-text active-extra-styles \" data-block-type=\"unstyled\" data-block-weight=\"5\" data-block-id=\"31\">\n<p class=\"content-text__container \" data-track-category=\"Link no Texto\" data-track-links=\"\"><strong>Ainda n\u00e3o h\u00e1 nada definido.<\/strong><\/p>\n<\/div>\n<\/div>\n<div id=\"chunk-7ep5o\">\n<div class=\"mc-column content-text active-extra-styles \" data-block-type=\"unstyled\" data-block-weight=\"41\" data-block-id=\"32\">\n<p class=\"content-text__container \" data-track-category=\"Link no Texto\" data-track-links=\"\">O presidente da Federa\u00e7\u00e3o Nacional das Escolas Particulares (Fenep), Bruno Eizerik, criticou a suspens\u00e3o do calend\u00e1rio por entender que pode trazer preju\u00edzos aos alunos e \u00e0s institui\u00e7\u00f5es. Ele n\u00e3o detalhou, por\u00e9m, se haver\u00e1 a orienta\u00e7\u00e3o para oferecer algum refor\u00e7o aos estudantes.<\/p>\n<\/div>\n<\/div>\n<div id=\"chunk-cm6vh\">\n<div class=\"mc-column content-text active-extra-styles \" data-block-type=\"unstyled\" data-block-weight=\"63\" data-block-id=\"33\">\n<p class=\"content-text__container \" data-track-category=\"Link no Texto\" data-track-links=\"\">Am\u00e1bile Pacios, diretora do F\u00f3rum das Entidades Representativas do Ensino Superior Particular, lembra que n\u00e3o se sabe o que estava previsto para o Exame Nacional do Ensino M\u00e9dio de 2024, j\u00e1 que o Inep n\u00e3o divulgou a matriz para o novo modelo. Para ela, qualquer reorganiza\u00e7\u00e3o das escolas al\u00e9m do modelo cl\u00e1ssico do exame s\u00f3 seria poss\u00edvel ap\u00f3s conhecerem a matriz do exame.<\/p>\n<\/div>\n<\/div>\n<div id=\"chunk-35b98\">\n<div class=\"mc-column content-text active-extra-styles \" data-block-type=\"unstyled\" data-block-weight=\"54\" data-block-id=\"34\">\n<p class=\"content-text__container \" data-track-category=\"Link no Texto\" data-track-links=\"\">&#8220;Uma forma de n\u00e3o prejudicar o aluno seria manter o Enem centrado naquilo que \u00e9 a base comum, a BNCC. Ent\u00e3o, o Enem n\u00e3o deveria sair desse quadrado da base comum que [no novo ensino m\u00e9dio] tem 1800 horas. Qualquer coisa al\u00e9m disso vai trazer muita inseguran\u00e7a, incerteza e desinteresse dos alunos pelo Enem&#8221;.<\/p>\n<\/div>\n<\/div>\n<div class=\"mc-column content-text active-extra-styles\" data-block-type=\"raw\" data-block-weight=\"10\" data-block-id=\"36\">\n<div class=\"content-intertitle\">\n<h2>8 &#8211; O que dizem as entidades sobre a suspens\u00e3o?<\/h2>\n<\/div>\n<\/div>\n<div id=\"chunk-6dilp\">\n<div class=\"mc-column content-text active-extra-styles \" data-block-type=\"unstyled\" data-block-weight=\"18\" data-block-id=\"37\">\n<p class=\"content-text__container \" data-track-category=\"Link no Texto\" data-track-links=\"\"><strong>UNE:\u00a0<\/strong>A Uni\u00e3o Nacional dos Estudantes se mostra a favor da suspens\u00e3o da implementa\u00e7\u00e3o do Novo Ensino M\u00e9dio.<\/p>\n<\/div>\n<\/div>\n<div id=\"chunk-2ikn1\">\n<div class=\"mc-column content-text active-extra-styles \" data-block-type=\"unstyled\" data-block-weight=\"77\" data-block-id=\"38\">\n<p class=\"content-text__container \" data-track-category=\"Link no Texto\" data-track-links=\"\"><strong>Campanha Nacional pelo Direito \u00e0 Educa\u00e7\u00e3o:<\/strong>\u00a0Para o professor Daniel Cara, dirigente da entidade, &#8220;\u00e9 extremamente positiva a suspens\u00e3o&#8221;. Ele defende que a defini\u00e7\u00e3o sobre o Enem 2024 leve em conta o que for discutido na consulta p\u00fablica em andamento. Cr\u00edtico ao Novo Ensino M\u00e9dio, ele considera a reforma &#8220;uma viol\u00eancia&#8221; contra os alunos da rede p\u00fablica, porque as escolas n\u00e3o conseguem oferecer todos os itiner\u00e1rios formativos, obrigando o estudante a fazer o que tiver dispon\u00edvel.<\/p>\n<\/div>\n<\/div>\n<div id=\"chunk-e151k\">\n<div class=\"mc-column content-text active-extra-styles \" data-block-type=\"unstyled\" data-block-weight=\"69\" data-block-id=\"39\">\n<p class=\"content-text__container \" data-track-category=\"Link no Texto\" data-track-links=\"\"><strong>Todos Pela Educa\u00e7\u00e3o:<\/strong>\u00a0Para Gabriel C\u00f4rrea, diretor de pol\u00edticas p\u00fablicas, &#8220;suspender o cronograma sem anunciar qual vai ser o novo cronograma pode gerar ainda mais confus\u00e3o entre os estados, porque pode acontecer de alguns estados continuarem fazendo o que j\u00e1 est\u00e3o fazendo&#8211; porque as normativas, a lei, as diretrizes curriculares do novo ensino m\u00e9dio seguem em vigor &#8211;, mas podem ter estados que decidam voltar atr\u00e1s em algumas etapas&#8221;.<\/p>\n<\/div>\n<\/div>\n<div id=\"chunk-6jmqn\">\n<div class=\"row medium-uncollapsed content-media content-photo\" data-block-type=\"backstage-photo\" data-block-id=\"40\">\n<div class=\"mc-column content-media__container\">\n<div class=\"content-media-container glb-skeleton-box\">\n<figure class=\"content-media-figure\"><img class=\"i-amphtml-fill-content i-amphtml-replaced-content\" src=\"https:\/\/s2.glbimg.com\/qQJyFqPnjuf25JRDgIZ-0yweBGI=\/0x0:1600x1200\/984x0\/smart\/filters:strip_icc()\/i.s3.glbimg.com\/v1\/AUTH_59edd422c0c84a879bd37670ae4f538a\/internal_photos\/bs\/2023\/v\/6\/eP1c1dQO6Oudm0UrpDRQ\/whatsapp-image-2023-03-15-at-9.10.31-am.jpeg\" sizes=\"(max-width: 1242px) 648px, 100vw\" srcset=\"https:\/\/s2.glbimg.com\/zW7xDRGMfB3JzqmFzAYHkcHvgd0=\/0x0:1600x1200\/1000x0\/smart\/filters:strip_icc()\/i.s3.glbimg.com\/v1\/AUTH_59edd422c0c84a879bd37670ae4f538a\/internal_photos\/bs\/2023\/v\/6\/eP1c1dQO6Oudm0UrpDRQ\/whatsapp-image-2023-03-15-at-9.10.31-am.jpeg 1000w, https:\/\/s2.glbimg.com\/qQJyFqPnjuf25JRDgIZ-0yweBGI=\/0x0:1600x1200\/984x0\/smart\/filters:strip_icc()\/i.s3.glbimg.com\/v1\/AUTH_59edd422c0c84a879bd37670ae4f538a\/internal_photos\/bs\/2023\/v\/6\/eP1c1dQO6Oudm0UrpDRQ\/whatsapp-image-2023-03-15-at-9.10.31-am.jpeg 984w, https:\/\/s2.glbimg.com\/oxJTj218cvS5o0W-leDBvoJ6Aro=\/0x0:1600x1200\/640x0\/smart\/filters:strip_icc()\/i.s3.glbimg.com\/v1\/AUTH_59edd422c0c84a879bd37670ae4f538a\/internal_photos\/bs\/2023\/v\/6\/eP1c1dQO6Oudm0UrpDRQ\/whatsapp-image-2023-03-15-at-9.10.31-am.jpeg 640w, https:\/\/s2.glbimg.com\/-d0kvmHnjh7WEvpLdR9MTvENvo4=\/0x0:1600x1200\/600x0\/smart\/filters:strip_icc()\/i.s3.glbimg.com\/v1\/AUTH_59edd422c0c84a879bd37670ae4f538a\/internal_photos\/bs\/2023\/v\/6\/eP1c1dQO6Oudm0UrpDRQ\/whatsapp-image-2023-03-15-at-9.10.31-am.jpeg 600w\" alt=\"Estudantes fazem ato na Paulista pela manh\u00e3 desta quarta (15) pela revoga\u00e7\u00e3o do novo ensino m\u00e9dio  \u2014 Foto: Abra\u00e3o Cruz\/TV Globo\" \/><\/figure>\n<\/div>\n<p class=\"content-media__description \">Estudantes fazem ato na Paulista pela manh\u00e3 desta quarta (15) pela revoga\u00e7\u00e3o do novo ensino m\u00e9dio \u2014 Foto: Abra\u00e3o Cruz\/TV Globo<\/p>\n<\/div>\n<\/div>\n<\/div>\n<\/div>\n<\/article>\n<\/div>\n","protected":false},"excerpt":{"rendered":"<p>O Minist\u00e9rio da Educa\u00e7\u00e3o (MEC)\u00a0suspendeu por 60 dias\u00a0as mudan\u00e7as previstas para o\u00a0Exame Nacional do Ensino M\u00e9dio\u00a0(Enem) em 2024. Com isso, at\u00e9 segunda ordem, a prova ser\u00e1 aplicada &#8211; daqui a dois anos &#8211; no formato atual. Mas e como fica a vida dos alunos que hoje estudam seguindo as diretrizes do Novo Ensino M\u00e9dio, mas [&hellip;]<\/p>\n","protected":false},"author":2,"featured_media":0,"comment_status":"open","ping_status":"open","sticky":false,"template":"","format":"standard","meta":{"_links_to":"","_links_to_target":""},"categories":[7,9,8,1],"tags":[],"_links":{"self":[{"href":"https:\/\/www.ilheusnoticias.net.br\/v1\/wp-json\/wp\/v2\/posts\/31450"}],"collection":[{"href":"https:\/\/www.ilheusnoticias.net.br\/v1\/wp-json\/wp\/v2\/posts"}],"about":[{"href":"https:\/\/www.ilheusnoticias.net.br\/v1\/wp-json\/wp\/v2\/types\/post"}],"author":[{"embeddable":true,"href":"https:\/\/www.ilheusnoticias.net.br\/v1\/wp-json\/wp\/v2\/users\/2"}],"replies":[{"embeddable":true,"href":"https:\/\/www.ilheusnoticias.net.br\/v1\/wp-json\/wp\/v2\/comments?post=31450"}],"version-history":[{"count":1,"href":"https:\/\/www.ilheusnoticias.net.br\/v1\/wp-json\/wp\/v2\/posts\/31450\/revisions"}],"predecessor-version":[{"id":31451,"href":"https:\/\/www.ilheusnoticias.net.br\/v1\/wp-json\/wp\/v2\/posts\/31450\/revisions\/31451"}],"wp:attachment":[{"href":"https:\/\/www.ilheusnoticias.net.br\/v1\/wp-json\/wp\/v2\/media?parent=31450"}],"wp:term":[{"taxonomy":"category","embeddable":true,"href":"https:\/\/www.ilheusnoticias.net.br\/v1\/wp-json\/wp\/v2\/categories?post=31450"},{"taxonomy":"post_tag","embeddable":true,"href":"https:\/\/www.ilheusnoticias.net.br\/v1\/wp-json\/wp\/v2\/tags?post=31450"}],"curies":[{"name":"wp","href":"https:\/\/api.w.org\/{rel}","templated":true}]}}