{"id":31448,"date":"2023-04-05T06:45:21","date_gmt":"2023-04-05T09:45:21","guid":{"rendered":"https:\/\/www.ilheusnoticias.net.br\/v1\/?p=31448"},"modified":"2023-04-05T06:45:21","modified_gmt":"2023-04-05T09:45:21","slug":"em-juazeiro-governador-em-exercicio-geraldo-junior-apresenta-eixos-do-programa-bahia-sem-fome","status":"publish","type":"post","link":"https:\/\/www.ilheusnoticias.net.br\/v1\/2023\/04\/05\/em-juazeiro-governador-em-exercicio-geraldo-junior-apresenta-eixos-do-programa-bahia-sem-fome\/","title":{"rendered":"Em Juazeiro, governador em exerc\u00edcio Geraldo J\u00fanior apresenta eixos do programa Bahia Sem Fome"},"content":{"rendered":"<div class=\"Post\">\n<div class=\"Post-body\">\n<div class=\"Post-inner article\">\n<div class=\"PostFooterIcons metadata-icons\"><\/div>\n<\/div>\n<\/div>\n<\/div>\n<div class=\"Post\">\n<div class=\"Post-body\">\n<div class=\"Post-inner article\">\n<div class=\"PostContent\">\n<p dir=\"ltr\"><img src=\"http:\/\/www.blogdothame.blog.br\/v1\/wp-content\/uploads\/2023\/04\/bsfome-juazeiro-1.jpg\" \/><\/p>\n<p dir=\"ltr\">O governador em exerc\u00edcio Geraldo J\u00fanior apresentou as diretrizes e estrat\u00e9gias do programa Bahia Sem Fome a membros da sociedade civil e a comunicadores do munic\u00edpio de Juazeiro, norte do estado, na manh\u00e3 desta ter\u00e7a-feira (4). A iniciativa promovida pelo Governo do Estado j\u00e1 arrecadou mais de 180 toneladas de itens aliment\u00edcios e tem como prop\u00f3sito superar situa\u00e7\u00f5es de inseguran\u00e7a alimentar e nutricional da popula\u00e7\u00e3o em vulnerabilidade social em toda a Bahia. At\u00e9 o momento o programa j\u00e1 realizou a entrega de 80 toneladas de alimentos.<\/p>\n<p dir=\"ltr\">O governador em exerc\u00edcio Geraldo J\u00fanior destacou a import\u00e2ncia da imprensa na interioriza\u00e7\u00e3o do programa. \u201cEstamos estabelecendo pontos de coleta por todas as cidades da Bahia e hoje passamos a contar com o importante envolvimento das r\u00e1dios locais e territoriais, da m\u00eddia televisiva, dos jornais, dos blogs, para poderem levar a informa\u00e7\u00e3o l\u00e1 na ponta, nos distritos, nos povoados\u201d, pontuou.<\/p>\n<\/div>\n<\/div>\n<\/div>\n<\/div>\n","protected":false},"excerpt":{"rendered":"<p>O governador em exerc\u00edcio Geraldo J\u00fanior apresentou as diretrizes e estrat\u00e9gias do programa Bahia Sem Fome a membros da sociedade civil e a comunicadores do munic\u00edpio de Juazeiro, norte do estado, na manh\u00e3 desta ter\u00e7a-feira (4). A iniciativa promovida pelo Governo do Estado j\u00e1 arrecadou mais de 180 toneladas de itens aliment\u00edcios e tem como [&hellip;]<\/p>\n","protected":false},"author":2,"featured_media":0,"comment_status":"open","ping_status":"open","sticky":false,"template":"","format":"standard","meta":{"_links_to":"","_links_to_target":""},"categories":[7,9,8,1],"tags":[],"_links":{"self":[{"href":"https:\/\/www.ilheusnoticias.net.br\/v1\/wp-json\/wp\/v2\/posts\/31448"}],"collection":[{"href":"https:\/\/www.ilheusnoticias.net.br\/v1\/wp-json\/wp\/v2\/posts"}],"about":[{"href":"https:\/\/www.ilheusnoticias.net.br\/v1\/wp-json\/wp\/v2\/types\/post"}],"author":[{"embeddable":true,"href":"https:\/\/www.ilheusnoticias.net.br\/v1\/wp-json\/wp\/v2\/users\/2"}],"replies":[{"embeddable":true,"href":"https:\/\/www.ilheusnoticias.net.br\/v1\/wp-json\/wp\/v2\/comments?post=31448"}],"version-history":[{"count":1,"href":"https:\/\/www.ilheusnoticias.net.br\/v1\/wp-json\/wp\/v2\/posts\/31448\/revisions"}],"predecessor-version":[{"id":31449,"href":"https:\/\/www.ilheusnoticias.net.br\/v1\/wp-json\/wp\/v2\/posts\/31448\/revisions\/31449"}],"wp:attachment":[{"href":"https:\/\/www.ilheusnoticias.net.br\/v1\/wp-json\/wp\/v2\/media?parent=31448"}],"wp:term":[{"taxonomy":"category","embeddable":true,"href":"https:\/\/www.ilheusnoticias.net.br\/v1\/wp-json\/wp\/v2\/categories?post=31448"},{"taxonomy":"post_tag","embeddable":true,"href":"https:\/\/www.ilheusnoticias.net.br\/v1\/wp-json\/wp\/v2\/tags?post=31448"}],"curies":[{"name":"wp","href":"https:\/\/api.w.org\/{rel}","templated":true}]}}