{"id":31446,"date":"2023-04-05T06:42:50","date_gmt":"2023-04-05T09:42:50","guid":{"rendered":"https:\/\/www.ilheusnoticias.net.br\/v1\/?p=31446"},"modified":"2023-04-05T06:42:50","modified_gmt":"2023-04-05T09:42:50","slug":"em-reuniao-com-a-cvr-costa-do-cacau-prefeitura-de-ilheus-discute-gestao-de-residuos-solidos","status":"publish","type":"post","link":"https:\/\/www.ilheusnoticias.net.br\/v1\/2023\/04\/05\/em-reuniao-com-a-cvr-costa-do-cacau-prefeitura-de-ilheus-discute-gestao-de-residuos-solidos\/","title":{"rendered":"Em reuni\u00e3o com a CVR Costa do Cacau, Prefeitura de Ilh\u00e9us discute gest\u00e3o de res\u00edduos s\u00f3lidos"},"content":{"rendered":"<div class=\"imagem thumbnail col-xs-12 col-sm-8 col-md-6 col-lg-6 imagem-materia\"><a class=\"fresco\" title=\"\" href=\"https:\/\/portalfacilarquivos.blob.core.windows.net\/uploads\/ILHEUS\/imgOrig\/%7B4BC8ACA6-CBD1-0A23-C0B2-E2C4453A7CE2%7D.jpg\" data-fresco-caption=\"\"><img loading=\"lazy\" title=\"\" src=\"https:\/\/portalfacilarquivos.blob.core.windows.net\/uploads\/ILHEUS\/img\/%7B4BC8ACA6-CBD1-0A23-C0B2-E2C4453A7CE2%7D\/%7B4BC8ACA6-CBD1-0A23-C0B2-E2C4453A7CE2%7D_650X450.jpg\" alt=\"coleta seletiva\" width=\"650\" height=\"450\" \/><\/a><\/p>\n<p class=\"bg-primary\">O planejamento voltado \u00e0 implementa\u00e7\u00e3o de pol\u00edticas p\u00fablicas para gerenciamento e gest\u00e3o dos res\u00edduos s\u00f3lidos produzidos no munic\u00edpio de Ilh\u00e9us foi a pauta da reuni\u00e3o ocorrida nesta ter\u00e7a-feira (4), no Centro Administrativo da Conquista, entre representantes da Prefeitura, da empresa CVR Costa do Cacau e t\u00e9cnicos da \u00e1rea de coleta seletiva.<\/p>\n<\/div>\n<p>Na ocasi\u00e3o, foram discutidas as diretrizes para o processo de planejamento das a\u00e7\u00f5es, com foco na atua\u00e7\u00e3o articulada das institui\u00e7\u00f5es, a fim de garantir melhoria da estrutura, no tratamento e reaproveitamento dos materiais. Em setembro do ano passado, a Prefeitura iniciou o processo de desativa\u00e7\u00e3o definitiva do Lix\u00e3o do Itariri, atrav\u00e9s do transbordo do lixo org\u00e2nico para o aterro sanit\u00e1rio da CVR Costa do Cacau, localizado\u00a0na Rodovia Ilh\u00e9us-Itabuna.<\/p>\n<p>\u201cA proposta \u00e9 atender tanto os catadores quanto a legisla\u00e7\u00e3o em vigor. Hoje n\u00f3s estamos com um aterro sanit\u00e1rio particular que oferece toda uma estrutura, mas o Munic\u00edpio n\u00e3o deixou os catadores abandonados. Eles est\u00e3o recebendo um aux\u00edlio, por um per\u00edodo de 12 meses, e em parceria com a empresa CVR ser\u00e1 oferecido treinamento para que\u00a0comecem a trabalhar, fazendo a coleta seletiva que ser\u00e1\u00a0implantada na cidade\u201d, explicou Jo\u00e3o Aquino, titular da Secretaria de Servi\u00e7os Urbanos (Secsurb).<\/p>\n<p>&nbsp;<\/p>\n<div class=\"imagem thumbnail col-xs-12 col-sm-8 col-md-6 col-lg-6 imagem-materia\"><a class=\"fresco\" title=\"\" href=\"https:\/\/portalfacilarquivos.blob.core.windows.net\/uploads\/ILHEUS\/imgOrig\/%7B72B7DCDC-CBAA-ECBC-1EE7-3DAEAD1D55C1%7D.jpg\" data-fresco-caption=\"\"><img loading=\"lazy\" title=\"\" src=\"https:\/\/portalfacilarquivos.blob.core.windows.net\/uploads\/ILHEUS\/img\/%7B72B7DCDC-CBAA-ECBC-1EE7-3DAEAD1D55C1%7D\/%7B72B7DCDC-CBAA-ECBC-1EE7-3DAEAD1D55C1%7D_650X450.jpg\" alt=\"aterro itariri; lix\u00e3o; lixo; secsurb\" width=\"650\" height=\"450\" \/><\/a><\/p>\n<p class=\"bg-primary\">Conforme o consultor Andr\u00e9 Dantas, a ideia consiste na inclus\u00e3o socioprodutiva dos catadores atrav\u00e9s de cooperativas e associa\u00e7\u00f5es no sentido de fazer a coleta seletiva desses res\u00edduos s\u00f3lidos que s\u00e3o produzidos nos domic\u00edlios, no com\u00e9rcio e na ind\u00fastria, a fim de que eles tenham a destina\u00e7\u00e3o ambiental adequada, de acordo com o preconizado na Lei 12.305\/10, Pol\u00edtica Nacional de Res\u00edduos S\u00f3lidos.<\/p>\n<\/div>\n<p>\u201cEstamos dialogando com membros da Prefeitura de Ilh\u00e9us para discutir a implementa\u00e7\u00e3o de uma pol\u00edtica p\u00fablica que vai mudar a forma de se tratar o manejo e a gest\u00e3o dos res\u00edduos s\u00f3lidos produzidos no munic\u00edpio. De agora em diante n\u00f3s temos que pensar em outra forma de descartar os nossos res\u00edduos e n\u00e3o apenas mandarmos para o lix\u00e3o. Agora os res\u00edduos ter\u00e3o uma destina\u00e7\u00e3o adequada, gerando renda e trabalho para fam\u00edlias que retiram o seu sustento\u201d, afirmou Dantas.<\/p>\n<p>Maur\u00edcio Sena, gerente comercial-administrativo da CVR Costa do Cacau, informou que a empresa participa efetivamente da transi\u00e7\u00e3o dos catadores da sa\u00edda do Lix\u00e3o do Itariri para a composi\u00e7\u00e3o da associa\u00e7\u00e3o do processo de integra\u00e7\u00e3o da coleta seletiva.<\/p>\n<p>&nbsp;<\/p>\n<div class=\"imagem thumbnail col-xs-12 col-sm-8 col-md-6 col-lg-6 imagem-materia\"><a class=\"fresco\" title=\"Antigo Lix\u00e3o do Itariri\" href=\"https:\/\/portalfacilarquivos.blob.core.windows.net\/uploads\/ILHEUS\/imgOrig\/%7BD0CC66AA-BB76-5EAC-5D11-2E5DB6CB2CDD%7D.jpeg\" data-fresco-caption=\"Antigo Lix\u00e3o do Itariri\"><img loading=\"lazy\" title=\"Antigo Lix\u00e3o do Itariri\" src=\"https:\/\/portalfacilarquivos.blob.core.windows.net\/uploads\/ILHEUS\/img\/%7BD0CC66AA-BB76-5EAC-5D11-2E5DB6CB2CDD%7D\/%7BD0CC66AA-BB76-5EAC-5D11-2E5DB6CB2CDD%7D_650X450.jpeg\" alt=\"Governador e comitiva visitam Aterro\n\ndo Itariri nesta sexta-feira (26)\" width=\"650\" height=\"450\" \/><\/a><\/p>\n<p class=\"bg-primary\">Antigo Lix\u00e3o do Itariri<\/p>\n<\/div>\n<p>&nbsp;<\/p>\n<p>\u201cA Central de Valida\u00e7\u00e3o de Res\u00edduos atende toda a regi\u00e3o cacaueira. Os catadores ser\u00e3o agentes de limpeza respons\u00e1veis por todo Programa de Coleta Seletiva. Poucos munic\u00edpios t\u00eam a coleta seletiva implantada e Ilh\u00e9us est\u00e1 um passo \u00e0 frente nesse processo. Hoje, a gente tem uma grande quantidade de materiais que s\u00e3o destinados \u00e0 CVR, materiais pass\u00edveis de reaproveitamento e de reciclagem. A gente pretende implantar o projeto em um curto espa\u00e7o de tempo e garantir um trabalho bem positivo em rela\u00e7\u00e3o \u00e0 coleta seletiva, no qual os catadores ser\u00e3o os principais disseminadores da educa\u00e7\u00e3o ambiental no munic\u00edpio\u201d.<\/p>\n<p>O encontro contou ainda com a presen\u00e7a do secret\u00e1rio da Casa Civil, Mozart Arag\u00e3o, e o coordenador do setor de Limpeza de Praias, Job Albuquerque.<\/p>\n<p>O projeto tocado no Munic\u00edpio atende \u00e0 lei n\u00ba 14.026\/2020 (Novo Marco Legal do Saneamento), que estabeleceu um prazo para o fim dos lix\u00f5es nos munic\u00edpios brasileiros, assegurando desenvolvimento sustent\u00e1vel e preserva\u00e7\u00e3o do meio ambiente. A atua\u00e7\u00e3o conjunta servir\u00e1 como uma ferramenta de planejamento para nortear a tomada de decis\u00e3o com rela\u00e7\u00e3o \u00e0 gest\u00e3o adequada dos res\u00edduos s\u00f3lidos.<\/p>\n","protected":false},"excerpt":{"rendered":"<p>O planejamento voltado \u00e0 implementa\u00e7\u00e3o de pol\u00edticas p\u00fablicas para gerenciamento e gest\u00e3o dos res\u00edduos s\u00f3lidos produzidos no munic\u00edpio de Ilh\u00e9us foi a pauta da reuni\u00e3o ocorrida nesta ter\u00e7a-feira (4), no Centro Administrativo da Conquista, entre representantes da Prefeitura, da empresa CVR Costa do Cacau e t\u00e9cnicos da \u00e1rea de coleta seletiva. Na ocasi\u00e3o, foram discutidas [&hellip;]<\/p>\n","protected":false},"author":2,"featured_media":0,"comment_status":"open","ping_status":"open","sticky":false,"template":"","format":"standard","meta":{"_links_to":"","_links_to_target":""},"categories":[7,9,8,1],"tags":[],"_links":{"self":[{"href":"https:\/\/www.ilheusnoticias.net.br\/v1\/wp-json\/wp\/v2\/posts\/31446"}],"collection":[{"href":"https:\/\/www.ilheusnoticias.net.br\/v1\/wp-json\/wp\/v2\/posts"}],"about":[{"href":"https:\/\/www.ilheusnoticias.net.br\/v1\/wp-json\/wp\/v2\/types\/post"}],"author":[{"embeddable":true,"href":"https:\/\/www.ilheusnoticias.net.br\/v1\/wp-json\/wp\/v2\/users\/2"}],"replies":[{"embeddable":true,"href":"https:\/\/www.ilheusnoticias.net.br\/v1\/wp-json\/wp\/v2\/comments?post=31446"}],"version-history":[{"count":1,"href":"https:\/\/www.ilheusnoticias.net.br\/v1\/wp-json\/wp\/v2\/posts\/31446\/revisions"}],"predecessor-version":[{"id":31447,"href":"https:\/\/www.ilheusnoticias.net.br\/v1\/wp-json\/wp\/v2\/posts\/31446\/revisions\/31447"}],"wp:attachment":[{"href":"https:\/\/www.ilheusnoticias.net.br\/v1\/wp-json\/wp\/v2\/media?parent=31446"}],"wp:term":[{"taxonomy":"category","embeddable":true,"href":"https:\/\/www.ilheusnoticias.net.br\/v1\/wp-json\/wp\/v2\/categories?post=31446"},{"taxonomy":"post_tag","embeddable":true,"href":"https:\/\/www.ilheusnoticias.net.br\/v1\/wp-json\/wp\/v2\/tags?post=31446"}],"curies":[{"name":"wp","href":"https:\/\/api.w.org\/{rel}","templated":true}]}}