{"id":31444,"date":"2023-04-05T06:41:38","date_gmt":"2023-04-05T09:41:38","guid":{"rendered":"https:\/\/www.ilheusnoticias.net.br\/v1\/?p=31444"},"modified":"2023-04-05T06:41:38","modified_gmt":"2023-04-05T09:41:38","slug":"ilheus-continua-avancando-na-educacao","status":"publish","type":"post","link":"https:\/\/www.ilheusnoticias.net.br\/v1\/2023\/04\/05\/ilheus-continua-avancando-na-educacao\/","title":{"rendered":"Ilh\u00e9us continua avan\u00e7ando na Educa\u00e7\u00e3o"},"content":{"rendered":"<div class=\"imagem thumbnail col-xs-12 col-sm-8 col-md-6 col-lg-6 imagem-materia\"><a class=\"fresco\" title=\"\" href=\"https:\/\/portalfacilarquivos.blob.core.windows.net\/uploads\/ILHEUS\/imgOrig\/%7B41E887BE-CCAB-5CED-EABC-1C8E7BB6DEB8%7D.jpg\" data-fresco-caption=\"\"><img loading=\"lazy\" title=\"\" src=\"https:\/\/portalfacilarquivos.blob.core.windows.net\/uploads\/ILHEUS\/img\/%7B41E887BE-CCAB-5CED-EABC-1C8E7BB6DEB8%7D\/%7B41E887BE-CCAB-5CED-EABC-1C8E7BB6DEB8%7D_650X450.jpg\" alt=\"osvaldo ramos; seduc; creche\" width=\"650\" height=\"450\" \/><\/a><\/p>\n<p class=\"bg-primary\">A Prefeitura de Ilh\u00e9us segue investindo na estrutura\u00e7\u00e3o da rede municipal de ensino. Muito al\u00e9m de n\u00fameros expressivos, as a\u00e7\u00f5es denotam o empenho da gest\u00e3o do prefeito M\u00e1rio Alexandre para garantir um ensino p\u00fablico de qualidade e comprometido com a forma\u00e7\u00e3o das crian\u00e7as e dos jovens ilheenses. Conforme a Secretaria de Educa\u00e7\u00e3o (Seduc), atualmente, cerca de 21 mil estudantes est\u00e3o regularmente matriculados nas modalidades que v\u00e3o da Educa\u00e7\u00e3o Infantil \u00e0 Educa\u00e7\u00e3o de Jovens e Adultos (EJA).<\/p>\n<\/div>\n<p>Somado \u00e0 amplia\u00e7\u00e3o de vagas, nos \u00faltimos seis anos, o Munic\u00edpio requalificou, modernizou e entregou \u00e0 popula\u00e7\u00e3o\u00a081 unidades escolares. Vale ressaltar que a rede possui, entre sedes e anexos, 119 espa\u00e7os em funcionamento e com cronograma de requalifica\u00e7\u00f5es em andamento. Ainda assim, h\u00e1 planejamento em curso para a constru\u00e7\u00e3o de novas escolas at\u00e9 o t\u00e9rmino da atual gest\u00e3o.<\/p>\n<p>A prioridade da\u00a0administra\u00e7\u00e3o municipal tamb\u00e9m \u00e9 assegurar condi\u00e7\u00f5es dignas de trabalho aos profissionais da \u00e1rea, atrav\u00e9s de benef\u00edcios e reajustes salariais. Das 417 cidades baianas, somente 146 cumprem integralmente a Lei 11.738\/2008 (Lei do Piso Salarial do Magist\u00e9rio), sendo o munic\u00edpio de Ilh\u00e9us parte deste seleto n\u00famero.<\/p>\n<p>&nbsp;<\/p>\n<div class=\"imagem thumbnail col-xs-12 col-sm-8 col-md-6 col-lg-6 imagem-materia\"><a class=\"fresco\" title=\"\" href=\"https:\/\/portalfacilarquivos.blob.core.windows.net\/uploads\/ILHEUS\/imgOrig\/%7B13BCBABA-6E5D-B02C-11A2-BEEEECEA8137%7D.jpg\" data-fresco-caption=\"\"><img loading=\"lazy\" title=\"\" src=\"https:\/\/portalfacilarquivos.blob.core.windows.net\/uploads\/ILHEUS\/img\/%7B13BCBABA-6E5D-B02C-11A2-BEEEECEA8137%7D\/%7B13BCBABA-6E5D-B02C-11A2-BEEEECEA8137%7D_650X450.jpg\" alt=\"educa\u00e7\u00e3o; seduc\" width=\"650\" height=\"450\" \/><\/a><\/p>\n<p class=\"bg-primary\">Entre os 271 munic\u00edpios restantes, 30 n\u00e3o forneceram sequer algum tipo de informa\u00e7\u00e3o. Desta forma, 241 munic\u00edpios n\u00e3o cumprem integralmente a legisla\u00e7\u00e3o.<\/p>\n<\/div>\n<p>De acordo com levantamento realizado pelo Munic\u00edpio, em 2016, os professores nas categorias A, B e C, que recebiam R$ 1.067,40, R$ 2.134,80, R$ 2.632,68, respectivamente, em 2022, passaram a ser remunerados com o valor de R$ 2.113,20, R$ 3.439,80 e R$ 5.031,00, nessa ordem, com aumentos progressivos entre os anos de 2017 a 2022.<\/p>\n<p>Desde que assumiu a chefia do Executivo municipal,\u00a0M\u00e1rio Alexandre reitera o compromisso com a valoriza\u00e7\u00e3o e respeito para com os profissionais da educa\u00e7\u00e3o, a saber: aumento progressivo do vale alimenta\u00e7\u00e3o (de R$ 150,00 para R$ 550,00), cumprimento do piso salarial, forma\u00e7\u00e3o continuada em rede, respeito \u00e0 Reserva T\u00e9cnica de Carga Hor\u00e1ria e regulamenta\u00e7\u00e3o que versa sobre o quantitativo m\u00e1ximo de alunos por sala. Em mar\u00e7o \u00faltimo, a Prefeitura iniciou as tratativas com membros da Associa\u00e7\u00e3o dos Professores Profissionais de Ilh\u00e9us (APPI\/APLB) para acordo e pagamento dos precat\u00f3rios aos professores.<\/p>\n<p>&nbsp;<\/p>\n<div class=\"imagem thumbnail col-xs-12 col-sm-8 col-md-6 col-lg-6 imagem-materia\"><a class=\"fresco\" title=\"\" href=\"https:\/\/portalfacilarquivos.blob.core.windows.net\/uploads\/ILHEUS\/imgOrig\/%7B103C8E48-ACDB-18D2-51EA-7C521DDE5DBA%7D.jpg\" data-fresco-caption=\"\"><img loading=\"lazy\" title=\"\" src=\"https:\/\/portalfacilarquivos.blob.core.windows.net\/uploads\/ILHEUS\/img\/%7B103C8E48-ACDB-18D2-51EA-7C521DDE5DBA%7D\/%7B103C8E48-ACDB-18D2-51EA-7C521DDE5DBA%7D_650X450.jpg\" alt=\"Dia B do Brincar\" width=\"650\" height=\"450\" \/><\/a><\/p>\n<p class=\"bg-primary\">\u201cA rede municipal passa por um processo de transforma\u00e7\u00e3o iniciado em 2017, que abrange n\u00e3o somente melhorias estruturais, mas a qualidade do aprendizado por meio de parceria para o desenvolvimento de projetos promissores. O nosso compromisso \u00e9 assegurar condi\u00e7\u00f5es dignas de estudo e trabalho para estudantes, professores e toda a comunidade escolar\u201d, ressaltou a professora Eliane Oliveira, titular da Seduc.<\/p>\n<\/div>\n<p>Outro ponto relevante refere-se ao pioneirismo da cidade na oferta de forma\u00e7\u00e3o continuada em rede para profissionais n\u00e3o docentes e agentes de alimenta\u00e7\u00e3o escolar, em cumprimento \u00e0 meta do Programa Nacional de Alimenta\u00e7\u00e3o Escolar (PNAE).<\/p>\n<p>Ao longo dos \u00faltimos seis anos de gest\u00e3o, o governo municipal investe em parcerias para fomento da agricultura familiar, a exemplo do Programa Despertar, com o objetivo de agregar alimentos saud\u00e1veis no preparo da merenda escolar.<\/p>\n","protected":false},"excerpt":{"rendered":"<p>A Prefeitura de Ilh\u00e9us segue investindo na estrutura\u00e7\u00e3o da rede municipal de ensino. Muito al\u00e9m de n\u00fameros expressivos, as a\u00e7\u00f5es denotam o empenho da gest\u00e3o do prefeito M\u00e1rio Alexandre para garantir um ensino p\u00fablico de qualidade e comprometido com a forma\u00e7\u00e3o das crian\u00e7as e dos jovens ilheenses. Conforme a Secretaria de Educa\u00e7\u00e3o (Seduc), atualmente, cerca [&hellip;]<\/p>\n","protected":false},"author":2,"featured_media":0,"comment_status":"open","ping_status":"open","sticky":false,"template":"","format":"standard","meta":{"_links_to":"","_links_to_target":""},"categories":[7,9,8,1],"tags":[],"_links":{"self":[{"href":"https:\/\/www.ilheusnoticias.net.br\/v1\/wp-json\/wp\/v2\/posts\/31444"}],"collection":[{"href":"https:\/\/www.ilheusnoticias.net.br\/v1\/wp-json\/wp\/v2\/posts"}],"about":[{"href":"https:\/\/www.ilheusnoticias.net.br\/v1\/wp-json\/wp\/v2\/types\/post"}],"author":[{"embeddable":true,"href":"https:\/\/www.ilheusnoticias.net.br\/v1\/wp-json\/wp\/v2\/users\/2"}],"replies":[{"embeddable":true,"href":"https:\/\/www.ilheusnoticias.net.br\/v1\/wp-json\/wp\/v2\/comments?post=31444"}],"version-history":[{"count":1,"href":"https:\/\/www.ilheusnoticias.net.br\/v1\/wp-json\/wp\/v2\/posts\/31444\/revisions"}],"predecessor-version":[{"id":31445,"href":"https:\/\/www.ilheusnoticias.net.br\/v1\/wp-json\/wp\/v2\/posts\/31444\/revisions\/31445"}],"wp:attachment":[{"href":"https:\/\/www.ilheusnoticias.net.br\/v1\/wp-json\/wp\/v2\/media?parent=31444"}],"wp:term":[{"taxonomy":"category","embeddable":true,"href":"https:\/\/www.ilheusnoticias.net.br\/v1\/wp-json\/wp\/v2\/categories?post=31444"},{"taxonomy":"post_tag","embeddable":true,"href":"https:\/\/www.ilheusnoticias.net.br\/v1\/wp-json\/wp\/v2\/tags?post=31444"}],"curies":[{"name":"wp","href":"https:\/\/api.w.org\/{rel}","templated":true}]}}