{"id":31442,"date":"2023-04-05T06:40:11","date_gmt":"2023-04-05T09:40:11","guid":{"rendered":"https:\/\/www.ilheusnoticias.net.br\/v1\/?p=31442"},"modified":"2023-04-05T06:40:11","modified_gmt":"2023-04-05T09:40:11","slug":"prefeitura-vai-ofertar-formacao-em-educacao-patrimonial-para-profissionais-da-rede-municipal","status":"publish","type":"post","link":"https:\/\/www.ilheusnoticias.net.br\/v1\/2023\/04\/05\/prefeitura-vai-ofertar-formacao-em-educacao-patrimonial-para-profissionais-da-rede-municipal\/","title":{"rendered":"Prefeitura vai ofertar forma\u00e7\u00e3o em Educa\u00e7\u00e3o Patrimonial para profissionais da rede municipal"},"content":{"rendered":"<div class=\"imagem thumbnail col-xs-12 col-sm-8 col-md-6 col-lg-6 imagem-materia\"><a class=\"fresco\" title=\"\" href=\"https:\/\/portalfacilarquivos.blob.core.windows.net\/uploads\/ILHEUS\/imgOrig\/%7BEEB54673-CEE7-BE0A-E8BA-DD1DE7A4D2A5%7D.jpg\" data-fresco-caption=\"\"><img loading=\"lazy\" title=\"\" src=\"https:\/\/portalfacilarquivos.blob.core.windows.net\/uploads\/ILHEUS\/img\/%7BEEB54673-CEE7-BE0A-E8BA-DD1DE7A4D2A5%7D\/%7BEEB54673-CEE7-BE0A-E8BA-DD1DE7A4D2A5%7D_650X450.jpg\" alt=\"seduc; educa\u00e7\u00e3o patrimonial; secult\" width=\"650\" height=\"450\" \/><\/a><\/p>\n<p class=\"bg-primary\">Buscando ampliar a qualidade do ensino e do aprendizado dos estudantes, a Prefeitura de Ilh\u00e9us, por meio das secretarias de Educa\u00e7\u00e3o (Seduc) e Cultura (Secult), dar\u00e1 in\u00edcio ao curso de forma\u00e7\u00e3o em Educa\u00e7\u00e3o Patrimonial, com abordagem do estudo da hist\u00f3ria e cultura do munic\u00edpio. Destinado a professores, coordenadores, diretores e funcion\u00e1rios que atuam na rede p\u00fablica municipal, a capacita\u00e7\u00e3o visa estimular nos participantes o desejo de apropria\u00e7\u00e3o e pertencimento pela cultura, mem\u00f3ria e patrim\u00f4nio hist\u00f3rico local.<\/p>\n<\/div>\n<p>Os encontros est\u00e3o previstos para acontecer uma vez por m\u00eas, entre abril e novembro, alternando entre presenciais e virtuais. As datas ser\u00e3o acordadas em conjunto. As reuni\u00f5es presenciais ser\u00e3o realizadas no Museu da Capitania de Ilh\u00e9us, localizado no Pal\u00e1cio Paranagu\u00e1, Centro, e no distrito do Rio do Engenho. O curso tem sua aula inaugural de forma presencial no dia 17 de abril, das 18 \u00e0s 22h.<\/p>\n<p>No total, foram ofertadas e preenchidas 35 vagas. De acordo com a Seduc, devido ao sucesso e interesse dos participantes pela capacita\u00e7\u00e3o, um cadastro reserva foi aberto. O curso ter\u00e1 carga hor\u00e1ria total de 80 horas. Ao final da capacita\u00e7\u00e3o, todos os participantes receber\u00e3o certificado de conclus\u00e3o.<\/p>\n<p>&nbsp;<\/p>\n<div class=\"imagem thumbnail col-xs-12 col-sm-8 col-md-6 col-lg-6 imagem-materia\"><a class=\"fresco\" title=\"\" href=\"https:\/\/portalfacilarquivos.blob.core.windows.net\/uploads\/ILHEUS\/imgOrig\/%7B1EBAC84E-D0A0-BE6A-A4A4-A8476D76A01B%7D.jpg\" data-fresco-caption=\"\"><img loading=\"lazy\" title=\"\" src=\"https:\/\/portalfacilarquivos.blob.core.windows.net\/uploads\/ILHEUS\/img\/%7B1EBAC84E-D0A0-BE6A-A4A4-A8476D76A01B%7D\/%7B1EBAC84E-D0A0-BE6A-A4A4-A8476D76A01B%7D_650X450.jpg\" alt=\"seduc; educa\u00e7\u00e3o patrimonial; secult\" width=\"650\" height=\"450\" \/><\/a><\/p>\n<p class=\"bg-primary\">As aulas ser\u00e3o ministradas pela muse\u00f3loga Vit\u00f3ria Bispo Carvalho e pela arque\u00f3loga Sarah Silva, com a media\u00e7\u00e3o da professora Tha\u00eds Moura, e participa\u00e7\u00e3o especial do historiador e titular da Secult, Geraldo Magela. A secret\u00e1ria de Educa\u00e7\u00e3o, Eliane Oliveira, explicou que o Documento Curricular Referencial de Ilh\u00e9us (DRCI) \u00e9 o \u00fanico j\u00e1 pronto em toda a Bahia.<\/p>\n<\/div>\n<p>&#8220;Tudo nosso \u00e9 planejado. A gente tem feito pesquisa com os alunos, professores, com toda a equipe da Seduc e comunidade. Estamos aqui hoje pra falar que cultura e educa\u00e7\u00e3o est\u00e3o juntos, caminhando lado a lado. Como \u00e9 que o mundo conhece a hist\u00f3ria de Ilh\u00e9us e os nossos alunos n\u00e3o conhecem? Ent\u00e3o, a gente est\u00e1 fazendo o nosso papel enquanto educador. O pontap\u00e9 ser\u00e1 dia 17 de abril e teremos at\u00e9 o final do ano forma\u00e7\u00f5es, eventos, visitas, e os nossos alunos poder\u00e3o tirar as suas d\u00favidas. A nossa cultura precisa estar em evid\u00eancia.&#8221;<\/p>\n<p>De acordo com Magela, ainda em parceria com a Seduc, ser\u00e1 lan\u00e7ada uma cartilha sobre o patrim\u00f4nio hist\u00f3rico e cultural de Ilh\u00e9us.<\/p>\n<p>&nbsp;<\/p>\n<div class=\"imagem thumbnail col-xs-12 col-sm-8 col-md-6 col-lg-6 imagem-materia\"><a class=\"fresco\" title=\"\" href=\"https:\/\/portalfacilarquivos.blob.core.windows.net\/uploads\/ILHEUS\/imgOrig\/%7BCDADBEA7-011C-E148-16CC-80DAAA2EDCE8%7D.jpeg\" data-fresco-caption=\"\"><img loading=\"lazy\" title=\"\" src=\"https:\/\/portalfacilarquivos.blob.core.windows.net\/uploads\/ILHEUS\/img\/%7BCDADBEA7-011C-E148-16CC-80DAAA2EDCE8%7D\/%7BCDADBEA7-011C-E148-16CC-80DAAA2EDCE8%7D_650X450.jpeg\" alt=\"Exposi\u00e7\u00e3o permanente \u00e9 aberta para forma\u00e7\u00e3o do Museu da Capitania de Ilh\u00e9us\" width=\"650\" height=\"450\" \/><\/a><\/p>\n<p class=\"bg-primary\">&#8220;O material vai envolver diversos aspectos do patrim\u00f4nio material e imaterial. Ficamos muito felizes quando existe uma demanda, uma procura de professores para discutir esse assunto. As pessoas querem saber mais sobre Ilh\u00e9us e muita gente n\u00e3o conhece o rico patrim\u00f4nio existente no munic\u00edpio. Ent\u00e3o, estamos nesse processo de resgate, estamos indo para dentro das escolas e com certeza isso vai ampliar e fazer com que Ilh\u00e9us tenha um desenvolvimento, um aspecto cultural melhor. A educa\u00e7\u00e3o faz a transforma\u00e7\u00e3o no dia a dia\u201d, disse.<\/p>\n<\/div>\n<p>Conforme a professora Ta\u00eds Moura, a proposta objetiva colocar o DRCI em pr\u00e1tica e fazer com que o documento se transforme em uma ferramenta para aprimorar o processo de ensino-aprendizagem. \u201cO nosso DRCI aborda temas que devem ser trabalhados na sala de aula e um desses temas \u00e9 a hist\u00f3ria de Ilh\u00e9us. Vamos promover esses cursos para introduzir conhecimentos, a fim de que os professores possam ampliar o di\u00e1logo e a metodologia nas escolas\u201d, acrescentou a docente.<\/p>\n","protected":false},"excerpt":{"rendered":"<p>Buscando ampliar a qualidade do ensino e do aprendizado dos estudantes, a Prefeitura de Ilh\u00e9us, por meio das secretarias de Educa\u00e7\u00e3o (Seduc) e Cultura (Secult), dar\u00e1 in\u00edcio ao curso de forma\u00e7\u00e3o em Educa\u00e7\u00e3o Patrimonial, com abordagem do estudo da hist\u00f3ria e cultura do munic\u00edpio. Destinado a professores, coordenadores, diretores e funcion\u00e1rios que atuam na rede [&hellip;]<\/p>\n","protected":false},"author":2,"featured_media":0,"comment_status":"open","ping_status":"open","sticky":false,"template":"","format":"standard","meta":{"_links_to":"","_links_to_target":""},"categories":[7,9,8,1],"tags":[],"_links":{"self":[{"href":"https:\/\/www.ilheusnoticias.net.br\/v1\/wp-json\/wp\/v2\/posts\/31442"}],"collection":[{"href":"https:\/\/www.ilheusnoticias.net.br\/v1\/wp-json\/wp\/v2\/posts"}],"about":[{"href":"https:\/\/www.ilheusnoticias.net.br\/v1\/wp-json\/wp\/v2\/types\/post"}],"author":[{"embeddable":true,"href":"https:\/\/www.ilheusnoticias.net.br\/v1\/wp-json\/wp\/v2\/users\/2"}],"replies":[{"embeddable":true,"href":"https:\/\/www.ilheusnoticias.net.br\/v1\/wp-json\/wp\/v2\/comments?post=31442"}],"version-history":[{"count":1,"href":"https:\/\/www.ilheusnoticias.net.br\/v1\/wp-json\/wp\/v2\/posts\/31442\/revisions"}],"predecessor-version":[{"id":31443,"href":"https:\/\/www.ilheusnoticias.net.br\/v1\/wp-json\/wp\/v2\/posts\/31442\/revisions\/31443"}],"wp:attachment":[{"href":"https:\/\/www.ilheusnoticias.net.br\/v1\/wp-json\/wp\/v2\/media?parent=31442"}],"wp:term":[{"taxonomy":"category","embeddable":true,"href":"https:\/\/www.ilheusnoticias.net.br\/v1\/wp-json\/wp\/v2\/categories?post=31442"},{"taxonomy":"post_tag","embeddable":true,"href":"https:\/\/www.ilheusnoticias.net.br\/v1\/wp-json\/wp\/v2\/tags?post=31442"}],"curies":[{"name":"wp","href":"https:\/\/api.w.org\/{rel}","templated":true}]}}