{"id":31432,"date":"2023-04-04T09:28:08","date_gmt":"2023-04-04T12:28:08","guid":{"rendered":"https:\/\/www.ilheusnoticias.net.br\/v1\/?p=31432"},"modified":"2023-04-04T09:28:08","modified_gmt":"2023-04-04T12:28:08","slug":"secretaria-da-saude-do-estado-reune-prefeitos-de-43-municipios-para-alavancar-vacinacao","status":"publish","type":"post","link":"https:\/\/www.ilheusnoticias.net.br\/v1\/2023\/04\/04\/secretaria-da-saude-do-estado-reune-prefeitos-de-43-municipios-para-alavancar-vacinacao\/","title":{"rendered":"Secretaria da Sa\u00fade do Estado re\u00fane prefeitos de 43 munic\u00edpios para alavancar vacina\u00e7\u00e3o"},"content":{"rendered":"<div class=\"PostHeaderIcons metadata-icons\"><\/div>\n<div class=\"PostContent\">\n<p><img src=\"http:\/\/www.blogdothame.blog.br\/v1\/wp-content\/uploads\/2023\/04\/vacita-300x225.jpeg\" \/><\/p>\n<p>A Secretaria da Sa\u00fade do Estado da Bahia (Sesab) reunir\u00e1 nesta terca-feira, 4, prefeitos e secret\u00e1rios municipais de Sa\u00fade de 43 munic\u00edpios para alavancar a vacina\u00e7\u00e3o. Parte da estrat\u00e9gia envolve a contrata\u00e7\u00e3o de 86 t\u00e9cnicos de enfermagem para atuar nas cidades com menos de 100 mil habitantes que tenham as menores coberturas vacinais<\/p>\n<p>O evento que acontecer\u00e1 no audit\u00f3rio da Sesab, \u00e0s 14h, ter\u00e1 as presen\u00e7as do governador em exerc\u00edcio, Geraldo J\u00fanior; da Secret\u00e1ria da Sa\u00fade do Estado, Roberta Santana; do diretor geral da Funda\u00e7\u00e3o Estatal Sa\u00fade da Fam\u00edlia (FESF-SUS), Ricardo Mendon\u00e7a, al\u00e9m dos prefeitos e secret\u00e1rios de sa\u00fade dos 43 munic\u00edpios contemplados nessa etapa do programa Vacina Bahia. Ainda no evento, ser\u00e3o distribu\u00eddos os 43 computadores doados para as secretarias municipais de sa\u00fade ampliarem o lan\u00e7amento de dados nos sistemas oficiais do Minist\u00e9rio da Sa\u00fade.<\/p>\n<p>A coordenadora de Imuniza\u00e7\u00f5es da Sesab, V\u00e2nia Rebou\u00e7as, far\u00e1 uma apresenta\u00e7\u00e3o a respeito das estrat\u00e9gias que devem ser utilizadas para se alcan\u00e7ar o aumento da cobertura e tamb\u00e9m sobre a import\u00e2ncia do lan\u00e7amento correto dos dados para uma leitura fidedigna da realidade vacinal de cada munic\u00edpio<\/p>\n<\/div>\n","protected":false},"excerpt":{"rendered":"<p>A Secretaria da Sa\u00fade do Estado da Bahia (Sesab) reunir\u00e1 nesta terca-feira, 4, prefeitos e secret\u00e1rios municipais de Sa\u00fade de 43 munic\u00edpios para alavancar a vacina\u00e7\u00e3o. Parte da estrat\u00e9gia envolve a contrata\u00e7\u00e3o de 86 t\u00e9cnicos de enfermagem para atuar nas cidades com menos de 100 mil habitantes que tenham as menores coberturas vacinais O evento [&hellip;]<\/p>\n","protected":false},"author":2,"featured_media":0,"comment_status":"open","ping_status":"open","sticky":false,"template":"","format":"standard","meta":{"_links_to":"","_links_to_target":""},"categories":[7,9,8,1],"tags":[],"_links":{"self":[{"href":"https:\/\/www.ilheusnoticias.net.br\/v1\/wp-json\/wp\/v2\/posts\/31432"}],"collection":[{"href":"https:\/\/www.ilheusnoticias.net.br\/v1\/wp-json\/wp\/v2\/posts"}],"about":[{"href":"https:\/\/www.ilheusnoticias.net.br\/v1\/wp-json\/wp\/v2\/types\/post"}],"author":[{"embeddable":true,"href":"https:\/\/www.ilheusnoticias.net.br\/v1\/wp-json\/wp\/v2\/users\/2"}],"replies":[{"embeddable":true,"href":"https:\/\/www.ilheusnoticias.net.br\/v1\/wp-json\/wp\/v2\/comments?post=31432"}],"version-history":[{"count":1,"href":"https:\/\/www.ilheusnoticias.net.br\/v1\/wp-json\/wp\/v2\/posts\/31432\/revisions"}],"predecessor-version":[{"id":31433,"href":"https:\/\/www.ilheusnoticias.net.br\/v1\/wp-json\/wp\/v2\/posts\/31432\/revisions\/31433"}],"wp:attachment":[{"href":"https:\/\/www.ilheusnoticias.net.br\/v1\/wp-json\/wp\/v2\/media?parent=31432"}],"wp:term":[{"taxonomy":"category","embeddable":true,"href":"https:\/\/www.ilheusnoticias.net.br\/v1\/wp-json\/wp\/v2\/categories?post=31432"},{"taxonomy":"post_tag","embeddable":true,"href":"https:\/\/www.ilheusnoticias.net.br\/v1\/wp-json\/wp\/v2\/tags?post=31432"}],"curies":[{"name":"wp","href":"https:\/\/api.w.org\/{rel}","templated":true}]}}