{"id":31413,"date":"2023-04-03T08:40:04","date_gmt":"2023-04-03T11:40:04","guid":{"rendered":"https:\/\/www.ilheusnoticias.net.br\/v1\/?p=31413"},"modified":"2023-04-03T08:40:04","modified_gmt":"2023-04-03T11:40:04","slug":"escolas-estaduais-tem-mais-de-14-mil-estudantes-autistas-investimento-para-garantir-inclusao-ultrapassa-r-40-milhoes-em-2023","status":"publish","type":"post","link":"https:\/\/www.ilheusnoticias.net.br\/v1\/2023\/04\/03\/escolas-estaduais-tem-mais-de-14-mil-estudantes-autistas-investimento-para-garantir-inclusao-ultrapassa-r-40-milhoes-em-2023\/","title":{"rendered":"Escolas estaduais t\u00eam mais de 1,4 mil estudantes autistas; investimento para garantir inclus\u00e3o ultrapassa R$ 40 milh\u00f5es, em 2023"},"content":{"rendered":"<div class=\"PostHeaderIcons metadata-icons\"><img src=\"http:\/\/www.blogdothame.blog.br\/v1\/wp-content\/uploads\/2023\/04\/autismo-1.jpg\" \/><\/div>\n<p>Do total de 1.065 escolas da rede estadual de ensino, 576 unidades registraram matr\u00edculas de estudantes com Transtorno do Espectro Autista (TEA). Neste domingo, 2 de abril, Dia Mundial de Conscientiza\u00e7\u00e3o do Autismo, a Secretaria da Educa\u00e7\u00e3o da Bahia (SEC) divulgou que 1.459 estudantes autistas est\u00e3o matriculados em col\u00e9gios estaduais em 243 munic\u00edpios baianos. O objetivo \u00e9 continuar aumentando este n\u00famero a partir da amplia\u00e7\u00e3o dos investimentos que visam assegurar a inclus\u00e3o de pessoas com defici\u00eancia na Bahia.<\/p>\n<div class=\"PostContent\">\n<p>A distribui\u00e7\u00e3o de recursos pedag\u00f3gicos diferenciados, a cont\u00ednua forma\u00e7\u00e3o de professores e coordenadores pedag\u00f3gicos e a contrata\u00e7\u00e3o de profissionais especializados para atua\u00e7\u00e3o nas unidades escolares em toda a Bahia s\u00e3o algumas das a\u00e7\u00f5es da SEC, que t\u00eam contribu\u00eddo para o acesso e a perman\u00eancia de estudantes com Transtorno do Espectro Austista na rede estadual de ensino. Este ano, mais de R$ 40 milh\u00f5es est\u00e3o previstos no or\u00e7amento da Secretaria da Educa\u00e7\u00e3o para a\u00e7\u00f5es voltadas diretamente para esse p\u00fablico especial.<\/p>\n<p>Com a aquisi\u00e7\u00e3o de recursos pedag\u00f3gicos diferenciados, est\u00e3o sendo investidos R$ 594 mil pelo Governo do Estado. J\u00e1 o recurso aplicado para implanta\u00e7\u00e3o de 200 novas Salas de Recursos Multifuncionais (SRM) ultrapassa os R$ 8,4 milh\u00f5es. Nesses espa\u00e7os, s\u00e3o realizadas atividades complementares com equipamentos espec\u00edficos para cada tipo de necessidade especial dos estudantes. \u201cGarantimos a intera\u00e7\u00e3o e a inclus\u00e3o nas salas de aula convencionais, mas tamb\u00e9m oferecemos atividades complementares visando o fortalecimento dos processos de aprendizagem\u201d, pontuou Leninha Vila Nova, superintendente de Pol\u00edticas para a Educa\u00e7\u00e3o B\u00e1sica (SUPED) da Secretaria da Educa\u00e7\u00e3o.<\/p>\n<p>O Estado tamb\u00e9m est\u00e1 investindo, neste ano, R$ 31,2 milh\u00f5es para garantir a contrata\u00e7\u00e3o de 1.624 profissionais de Atendimento Educacional Especializado (AEE) para atua\u00e7\u00e3o em unidades escolares de toda a Bahia. A autoriza\u00e7\u00e3o para essa contrata\u00e7\u00e3o, em Regime Especial de Direito Administrativo (REDA), foi dada pelo governador Jer\u00f4nimo Rodrigues, em 21 de mar\u00e7o.<\/p>\n<p>\u201cEstamos realizando o maior investimento da hist\u00f3ria da Bahia para garantir a inclus\u00e3o de autistas e de todos e todas que t\u00eam algum tipo de defici\u00eancia\u201d, acrescentou Leninha Vila Nova. Com estas pol\u00edticas de governo, a SEC refor\u00e7a o cumprimento da Lei Brasileira de Inclus\u00e3o da Pessoa com Defici\u00eancia, destinada a assegurar e promover, em condi\u00e7\u00f5es de igualdade, o exerc\u00edcio dos direitos e das liberdades fundamentais por pessoa com defici\u00eancia, visando a sua inclus\u00e3o social e cidadania.<\/p>\n<\/div>\n","protected":false},"excerpt":{"rendered":"<p>Do total de 1.065 escolas da rede estadual de ensino, 576 unidades registraram matr\u00edculas de estudantes com Transtorno do Espectro Autista (TEA). Neste domingo, 2 de abril, Dia Mundial de Conscientiza\u00e7\u00e3o do Autismo, a Secretaria da Educa\u00e7\u00e3o da Bahia (SEC) divulgou que 1.459 estudantes autistas est\u00e3o matriculados em col\u00e9gios estaduais em 243 munic\u00edpios baianos. O [&hellip;]<\/p>\n","protected":false},"author":2,"featured_media":0,"comment_status":"open","ping_status":"open","sticky":false,"template":"","format":"standard","meta":{"_links_to":"","_links_to_target":""},"categories":[7,9,8,1],"tags":[],"_links":{"self":[{"href":"https:\/\/www.ilheusnoticias.net.br\/v1\/wp-json\/wp\/v2\/posts\/31413"}],"collection":[{"href":"https:\/\/www.ilheusnoticias.net.br\/v1\/wp-json\/wp\/v2\/posts"}],"about":[{"href":"https:\/\/www.ilheusnoticias.net.br\/v1\/wp-json\/wp\/v2\/types\/post"}],"author":[{"embeddable":true,"href":"https:\/\/www.ilheusnoticias.net.br\/v1\/wp-json\/wp\/v2\/users\/2"}],"replies":[{"embeddable":true,"href":"https:\/\/www.ilheusnoticias.net.br\/v1\/wp-json\/wp\/v2\/comments?post=31413"}],"version-history":[{"count":1,"href":"https:\/\/www.ilheusnoticias.net.br\/v1\/wp-json\/wp\/v2\/posts\/31413\/revisions"}],"predecessor-version":[{"id":31414,"href":"https:\/\/www.ilheusnoticias.net.br\/v1\/wp-json\/wp\/v2\/posts\/31413\/revisions\/31414"}],"wp:attachment":[{"href":"https:\/\/www.ilheusnoticias.net.br\/v1\/wp-json\/wp\/v2\/media?parent=31413"}],"wp:term":[{"taxonomy":"category","embeddable":true,"href":"https:\/\/www.ilheusnoticias.net.br\/v1\/wp-json\/wp\/v2\/categories?post=31413"},{"taxonomy":"post_tag","embeddable":true,"href":"https:\/\/www.ilheusnoticias.net.br\/v1\/wp-json\/wp\/v2\/tags?post=31413"}],"curies":[{"name":"wp","href":"https:\/\/api.w.org\/{rel}","templated":true}]}}