{"id":31409,"date":"2023-04-02T11:32:22","date_gmt":"2023-04-02T14:32:22","guid":{"rendered":"https:\/\/www.ilheusnoticias.net.br\/v1\/?p=31409"},"modified":"2023-04-02T11:32:22","modified_gmt":"2023-04-02T14:32:22","slug":"em-viagem-a-china-governador-da-bahia-visita-empresas-de-tecnologia-e-aviacao","status":"publish","type":"post","link":"https:\/\/www.ilheusnoticias.net.br\/v1\/2023\/04\/02\/em-viagem-a-china-governador-da-bahia-visita-empresas-de-tecnologia-e-aviacao\/","title":{"rendered":"Em viagem \u00e0 China, governador da Bahia visita empresas de tecnologia e avia\u00e7\u00e3o"},"content":{"rendered":"<div class=\"row content-head non-featured \">\n<div class=\"title\" data-block-type=\"title\" data-block-id=\"0\"><\/div>\n<div class=\"medium-centered subtitle\"><\/div>\n<\/div>\n<div class=\"mc-article-body\">\n<article>\n<div id=\"chunk-927hd\">\n<div class=\"row medium-uncollapsed content-media content-photo\" data-block-type=\"backstage-photo\" data-block-id=\"1\">\n<div class=\"mc-column content-media__container\">\n<div class=\"content-media-container glb-skeleton-box\">\n<figure class=\"content-media-figure\"><img class=\"i-amphtml-fill-content i-amphtml-replaced-content\" src=\"https:\/\/s2.glbimg.com\/iDtX8QFIT515gmaTe7-xZt51zvk=\/0x0:1959x1153\/984x0\/smart\/filters:strip_icc()\/i.s3.glbimg.com\/v1\/AUTH_59edd422c0c84a879bd37670ae4f538a\/internal_photos\/bs\/2023\/9\/F\/9sHCTIRKAO8e8xAq42KQ\/foto-daniel-senna-govba-1-.jpg\" sizes=\"(max-width: 1242px) 648px, 100vw\" srcset=\"https:\/\/s2.glbimg.com\/ZdbF8UHOm2lhqB08jcHqXt9jC08=\/0x0:1959x1153\/1000x0\/smart\/filters:strip_icc()\/i.s3.glbimg.com\/v1\/AUTH_59edd422c0c84a879bd37670ae4f538a\/internal_photos\/bs\/2023\/9\/F\/9sHCTIRKAO8e8xAq42KQ\/foto-daniel-senna-govba-1-.jpg 1000w, https:\/\/s2.glbimg.com\/iDtX8QFIT515gmaTe7-xZt51zvk=\/0x0:1959x1153\/984x0\/smart\/filters:strip_icc()\/i.s3.glbimg.com\/v1\/AUTH_59edd422c0c84a879bd37670ae4f538a\/internal_photos\/bs\/2023\/9\/F\/9sHCTIRKAO8e8xAq42KQ\/foto-daniel-senna-govba-1-.jpg 984w, https:\/\/s2.glbimg.com\/CzNa7Wgm4C3rOwYb0yuupg8P_tg=\/0x0:1959x1153\/640x0\/smart\/filters:strip_icc()\/i.s3.glbimg.com\/v1\/AUTH_59edd422c0c84a879bd37670ae4f538a\/internal_photos\/bs\/2023\/9\/F\/9sHCTIRKAO8e8xAq42KQ\/foto-daniel-senna-govba-1-.jpg 640w, https:\/\/s2.glbimg.com\/ZjrNNkCD5dXr8sjrYbIIr8QMsiQ=\/0x0:1959x1153\/600x0\/smart\/filters:strip_icc()\/i.s3.glbimg.com\/v1\/AUTH_59edd422c0c84a879bd37670ae4f538a\/internal_photos\/bs\/2023\/9\/F\/9sHCTIRKAO8e8xAq42KQ\/foto-daniel-senna-govba-1-.jpg 600w\" alt=\"Governador Jer\u00f4nimo Rodrigues se re\u00fane com representantes de empresas chinesas e do governo baiano \u2014 Foto: Daniel Senna\/GOV BA\" \/><\/figure>\n<\/div>\n<p class=\"content-media__description \">Governador Jer\u00f4nimo Rodrigues se re\u00fane com representantes de empresas chinesas e do governo baiano \u2014 Foto: Daniel Senna\/GOV BA<\/p>\n<\/div>\n<\/div>\n<\/div>\n<div id=\"chunk-ftqam\">\n<div class=\"mc-column content-text active-extra-styles \" data-block-type=\"unstyled\" data-block-weight=\"45\" data-block-id=\"3\">\n<p class=\"content-text__container \" data-track-category=\"Link no Texto\" data-track-links=\"\">O governador da Bahia Jer\u00f4nimo Rodrigues (PT)\u00a0<a class=\"\" href=\"https:\/\/g1.globo.com\/ba\/bahia\/noticia\/2023\/03\/29\/governador-da-ba-embarca-para-agenda-na-china-dois-secretarios-acompanham-jeronimo.ghtml\">cumpre agenda pela primeira vez na China<\/a>\u00a0e visitou, neste s\u00e1bado (1\u00b0), duas empresas de Pequim, capital do pa\u00eds. Segundo o governo, as companhias est\u00e3o interessadas em formalizar parcerias nos ramos de telemedicina, gest\u00e3o de aeroportos e hospitais.<\/p>\n<\/div>\n<\/div>\n<div class=\"wall protected-content\">\n<div id=\"chunk-9ep35\">\n<div class=\"mc-column content-text active-extra-styles \" data-block-type=\"unstyled\" data-block-weight=\"28\" data-block-id=\"4\">\n<p class=\"content-text__container \" data-track-category=\"Link no Texto\" data-track-links=\"\">Jer\u00f4nimo esteve na Aviation Industry Corporation (AVIC), do ramo de portos e aeroportos, e na Beijing Aerospace Chanfeng, especializada em pesquisa e inova\u00e7\u00e3o em tecnologia de cidades inteligentes.<\/p>\n<\/div>\n<\/div>\n<div id=\"chunk-ipg1\">\n<div class=\"mc-column content-text active-extra-styles \" data-block-type=\"unstyled\" data-block-weight=\"31\" data-block-id=\"5\">\n<p class=\"content-text__container \" data-track-category=\"Link no Texto\" data-track-links=\"\">O conglomerado empresarial AVIC, que tamb\u00e9m atua na \u00e1rea da defesa, est\u00e1 entre as 140 maiores empresas do mundo, com 500 mil funcion\u00e1rios e faturamento anual de US$ 79 bilh\u00f5es.<\/p>\n<\/div>\n<\/div>\n<div id=\"chunk-568tc\">\n<div class=\"mc-column content-text active-extra-styles \" data-block-type=\"unstyled\" data-block-weight=\"24\" data-block-id=\"7\">\n<p class=\"content-text__container \" data-track-category=\"Link no Texto\" data-track-links=\"\">O governo se comprometeu a enviar estudos de oportunidades de investimentos na Bahia, e dever\u00e1 receber, em breve, representantes da Chanfeng na Bahia.<\/p>\n<\/div>\n<\/div>\n<div id=\"chunk-3drgm\">\n<div class=\"mc-column content-text active-extra-styles \" data-block-type=\"unstyled\" data-block-weight=\"35\" data-block-id=\"8\">\n<p class=\"content-text__container \" data-track-category=\"Link no Texto\" data-track-links=\"\">Durante as visitas, foram apresentados equipamentos e solu\u00e7\u00f5es que auxiliam na gest\u00e3o de transporte e mobilidade, seguran\u00e7a e saneamento, al\u00e9m da constru\u00e7\u00e3o civil. Tamb\u00e9m foram abordadas pautas tecnol\u00f3gicas nas \u00e1reas de sa\u00fade e educa\u00e7\u00e3o.<\/p>\n<\/div>\n<\/div>\n<div id=\"chunk-6qn4b\">\n<div class=\"mc-column content-text active-extra-styles \" data-block-type=\"unstyled\" data-block-weight=\"36\" data-block-id=\"9\">\n<p class=\"content-text__container \" data-track-category=\"Link no Texto\" data-track-links=\"\">&#8220;Ainda nesse universo de tecnologia e cidades inteligentes, iremos estudar a possibilidade de levar o conceito da China, que passa pela comunica\u00e7\u00e3o, acessibilidade e oferta de servi\u00e7os, para bairros e \u00e1reas menores, na Bahia\u201d, disse Jer\u00f4nimo.<\/p>\n<\/div>\n<\/div>\n<div id=\"chunk-6k5fu\">\n<div class=\"row medium-uncollapsed content-media content-photo\" data-block-type=\"backstage-photo\" data-block-id=\"10\">\n<div class=\"mc-column content-media__container\">\n<div class=\"content-media-container glb-skeleton-box\">\n<figure class=\"content-media-figure\"><img class=\"i-amphtml-fill-content i-amphtml-replaced-content\" src=\"https:\/\/s2.glbimg.com\/Z4VQaD_SCPL5nLL-PtcpJp9xzXg=\/0x0:2047x1153\/984x0\/smart\/filters:strip_icc()\/i.s3.glbimg.com\/v1\/AUTH_59edd422c0c84a879bd37670ae4f538a\/internal_photos\/bs\/2023\/H\/J\/aP3asARneNv9ZuHm73BA\/foto-daniel-senna-govba-5-.jpg\" sizes=\"(max-width: 1242px) 648px, 100vw\" srcset=\"https:\/\/s2.glbimg.com\/mbx5JES1cfw_SIngWmf_rMVuRhQ=\/0x0:2047x1153\/1000x0\/smart\/filters:strip_icc()\/i.s3.glbimg.com\/v1\/AUTH_59edd422c0c84a879bd37670ae4f538a\/internal_photos\/bs\/2023\/H\/J\/aP3asARneNv9ZuHm73BA\/foto-daniel-senna-govba-5-.jpg 1000w, https:\/\/s2.glbimg.com\/Z4VQaD_SCPL5nLL-PtcpJp9xzXg=\/0x0:2047x1153\/984x0\/smart\/filters:strip_icc()\/i.s3.glbimg.com\/v1\/AUTH_59edd422c0c84a879bd37670ae4f538a\/internal_photos\/bs\/2023\/H\/J\/aP3asARneNv9ZuHm73BA\/foto-daniel-senna-govba-5-.jpg 984w, https:\/\/s2.glbimg.com\/itQqDetY8kg6rOrWqFuAr44-CQ0=\/0x0:2047x1153\/640x0\/smart\/filters:strip_icc()\/i.s3.glbimg.com\/v1\/AUTH_59edd422c0c84a879bd37670ae4f538a\/internal_photos\/bs\/2023\/H\/J\/aP3asARneNv9ZuHm73BA\/foto-daniel-senna-govba-5-.jpg 640w, https:\/\/s2.glbimg.com\/c7CtcZiHoJSiZlutWTbLqLwQEBs=\/0x0:2047x1153\/600x0\/smart\/filters:strip_icc()\/i.s3.glbimg.com\/v1\/AUTH_59edd422c0c84a879bd37670ae4f538a\/internal_photos\/bs\/2023\/H\/J\/aP3asARneNv9ZuHm73BA\/foto-daniel-senna-govba-5-.jpg 600w\" alt=\"Empresas chinesas apresentam projetos para comitiva baiana \u2014 Foto: Daniel Senna\/GOV BA\" \/><\/figure>\n<\/div>\n<p class=\"content-media__description \">Empresas chinesas apresentam projetos para comitiva baiana \u2014 Foto: Daniel Senna\/GOV BA<\/p>\n<\/div>\n<\/div>\n<\/div>\n<div id=\"chunk-7sjrd\">\n<div class=\"mc-column content-text active-extra-styles \" data-block-type=\"unstyled\" data-block-weight=\"75\" data-block-id=\"11\">\n<p class=\"content-text__container \" data-track-category=\"Link no Texto\" data-track-links=\"\">Tamb\u00e9m em Pequim, o governador se reuniu com representantes da China Information and Communication Technologies Group Corporation &#8211; CICT, maior produtor de chips e redes 5G do pa\u00eds. Como a empresa possui tecnologia ligada \u00e0 automa\u00e7\u00e3o de ind\u00fastria e transporte, Jer\u00f4nimo pretende aproveitar a vinda dos representes da CICT para o Brasil, em maio, e se encontrar com eles, a fim de iniciar as negocia\u00e7\u00f5es para instala\u00e7\u00e3o de um laborat\u00f3rio de produ\u00e7\u00e3o na Bahia.<\/p>\n<\/div>\n<\/div>\n<div id=\"chunk-emd6i\">\n<div class=\"mc-column content-text active-extra-styles \" data-block-type=\"unstyled\" data-block-weight=\"37\" data-block-id=\"13\">\n<p class=\"content-text__container \" data-track-category=\"Link no Texto\" data-track-links=\"\">Jer\u00f4nimo Rodrigues e o embaixador do Brasil na China, Marcos Galv\u00e3o, se encontraram neste s\u00e1bado para discutir as pr\u00f3ximas agendas do governador no pa\u00eds oriental. Neste domingo (2), a comitiva baiana viaja para a cidade de Jihan.<\/p>\n<\/div>\n<\/div>\n<div id=\"chunk-1lqus\">\n<div class=\"mc-column content-text active-extra-styles \" data-block-type=\"unstyled\" data-block-weight=\"36\" data-block-id=\"14\">\n<p class=\"content-text__container \" data-track-category=\"Link no Texto\" data-track-links=\"\">A comitiva \u00e9 composta pelos secret\u00e1rios de Desenvolvimento Econ\u00f4mico (SDE), Angelo Almeida; e de Ci\u00eancia, Tecnologia e Inova\u00e7\u00e3o (Secti), Andr\u00e9 Joazeiro; al\u00e9m do superintendente de Atra\u00e7\u00e3o de Investimentos e Fomento ao Desenvolvimento, da SDE, Paulo Guimar\u00e3es.<\/p>\n<\/div>\n<\/div>\n<div id=\"chunk-55lkh\">\n<div class=\"mc-column content-text active-extra-styles \" data-block-type=\"unstyled\" data-block-weight=\"32\" data-block-id=\"15\">\n<p class=\"content-text__container \" data-track-category=\"Link no Texto\" data-track-links=\"\">A previs\u00e3o inicial \u00e9 que o governador visite outras sete cidades chinesas, al\u00e9m da capital. Durante o per\u00edodo em que Jer\u00f4nimo est\u00e1 na China, o vice-governador Geraldo J\u00fanior comanda o estado.<\/p>\n<\/div>\n<\/div>\n<\/div>\n<\/article>\n<\/div>\n","protected":false},"excerpt":{"rendered":"<p>Governador Jer\u00f4nimo Rodrigues se re\u00fane com representantes de empresas chinesas e do governo baiano \u2014 Foto: Daniel Senna\/GOV BA O governador da Bahia Jer\u00f4nimo Rodrigues (PT)\u00a0cumpre agenda pela primeira vez na China\u00a0e visitou, neste s\u00e1bado (1\u00b0), duas empresas de Pequim, capital do pa\u00eds. Segundo o governo, as companhias est\u00e3o interessadas em formalizar parcerias nos ramos [&hellip;]<\/p>\n","protected":false},"author":2,"featured_media":0,"comment_status":"open","ping_status":"open","sticky":false,"template":"","format":"standard","meta":{"_links_to":"","_links_to_target":""},"categories":[7,9,8,1],"tags":[],"_links":{"self":[{"href":"https:\/\/www.ilheusnoticias.net.br\/v1\/wp-json\/wp\/v2\/posts\/31409"}],"collection":[{"href":"https:\/\/www.ilheusnoticias.net.br\/v1\/wp-json\/wp\/v2\/posts"}],"about":[{"href":"https:\/\/www.ilheusnoticias.net.br\/v1\/wp-json\/wp\/v2\/types\/post"}],"author":[{"embeddable":true,"href":"https:\/\/www.ilheusnoticias.net.br\/v1\/wp-json\/wp\/v2\/users\/2"}],"replies":[{"embeddable":true,"href":"https:\/\/www.ilheusnoticias.net.br\/v1\/wp-json\/wp\/v2\/comments?post=31409"}],"version-history":[{"count":1,"href":"https:\/\/www.ilheusnoticias.net.br\/v1\/wp-json\/wp\/v2\/posts\/31409\/revisions"}],"predecessor-version":[{"id":31410,"href":"https:\/\/www.ilheusnoticias.net.br\/v1\/wp-json\/wp\/v2\/posts\/31409\/revisions\/31410"}],"wp:attachment":[{"href":"https:\/\/www.ilheusnoticias.net.br\/v1\/wp-json\/wp\/v2\/media?parent=31409"}],"wp:term":[{"taxonomy":"category","embeddable":true,"href":"https:\/\/www.ilheusnoticias.net.br\/v1\/wp-json\/wp\/v2\/categories?post=31409"},{"taxonomy":"post_tag","embeddable":true,"href":"https:\/\/www.ilheusnoticias.net.br\/v1\/wp-json\/wp\/v2\/tags?post=31409"}],"curies":[{"name":"wp","href":"https:\/\/api.w.org\/{rel}","templated":true}]}}