{"id":31405,"date":"2023-04-02T11:25:49","date_gmt":"2023-04-02T14:25:49","guid":{"rendered":"https:\/\/www.ilheusnoticias.net.br\/v1\/?p=31405"},"modified":"2023-04-02T11:25:49","modified_gmt":"2023-04-02T14:25:49","slug":"prefeitura-de-ilheus-e-conselho-municipal-de-transito-discutem-melhorias-no-trafego-da-ba-001","status":"publish","type":"post","link":"https:\/\/www.ilheusnoticias.net.br\/v1\/2023\/04\/02\/prefeitura-de-ilheus-e-conselho-municipal-de-transito-discutem-melhorias-no-trafego-da-ba-001\/","title":{"rendered":"Prefeitura de Ilh\u00e9us e Conselho Municipal de Tr\u00e2nsito discutem melhorias no tr\u00e1fego da BA-001"},"content":{"rendered":"<div class=\"imagem thumbnail col-xs-12 col-sm-8 col-md-6 col-lg-6 imagem-materia\"><a class=\"fresco\" title=\"\" href=\"https:\/\/portalfacilarquivos.blob.core.windows.net\/uploads\/ILHEUS\/imgOrig\/%7BC18BA522-8A83-2ECA-D61B-ABC2D66C3B45%7D.jpg\" data-fresco-caption=\"\"><img loading=\"lazy\" title=\"\" src=\"https:\/\/portalfacilarquivos.blob.core.windows.net\/uploads\/ILHEUS\/img\/%7BC18BA522-8A83-2ECA-D61B-ABC2D66C3B45%7D\/%7BC18BA522-8A83-2ECA-D61B-ABC2D66C3B45%7D_650X450.jpg\" alt=\"reuni\u00e3o; sutram; comutran; tr\u00e2nsito\" width=\"650\" height=\"450\" \/><\/a><\/div>\n<p>Situa\u00e7\u00e3o que tem preocupado as autoridades de Ilh\u00e9us, o tr\u00e1fego na Avenida Tancredo Neves, trecho da BA-001, foi pauta da reuni\u00e3o realizada na tarde de sexta-feira (31), entre representantes da Prefeitura e membros do Conselho Municipal de Transporte e Tr\u00e2nsito (COMUTRAN). Nos \u00faltimos anos, a rodovia registrou\u00a0aumento de acidentes\u00a0com v\u00edtimas fatais, fato que acende sinal de alerta e requer provid\u00eancias urgentes.<\/p>\n<p>Visando\u00a0minimizar o risco de acidentes no per\u00edmetro urbano, foi discutida a possibilidade\u00a0de encaminhamento de\u00a0requerimento ao Governo do Estado, informando a necessidade de instala\u00e7\u00e3o de faixas elevadas no trecho da duplica\u00e7\u00e3o.<\/p>\n<p>O encontro abordou tamb\u00e9m a altera\u00e7\u00e3o no tr\u00e2nsito no entorno da Pra\u00e7a Misael Tavares, no bairro Cidade Nova. O arquiteto\u00a0Bruno Sitta e o engenheiro\u00a0George Moreno atualizaram os presentes sobre o andamento do projeto e afirmaram que as mudan\u00e7as est\u00e3o em fase de teste, tendo como objetivo melhorar o fluxo de ve\u00edculos e oferecer seguran\u00e7a aos estudantes e transeuntes.<\/p>\n<div class=\"imagem thumbnail col-xs-12 col-sm-8 col-md-6 col-lg-6 imagem-materia\"><a class=\"fresco\" title=\"\" href=\"https:\/\/portalfacilarquivos.blob.core.windows.net\/uploads\/ILHEUS\/imgOrig\/%7B87B7BA7E-E8DD-AAB0-3CBB-A2D1C4BA0177%7D.jpg\" data-fresco-caption=\"\"><img loading=\"lazy\" title=\"\" src=\"https:\/\/portalfacilarquivos.blob.core.windows.net\/uploads\/ILHEUS\/img\/%7B87B7BA7E-E8DD-AAB0-3CBB-A2D1C4BA0177%7D\/%7B87B7BA7E-E8DD-AAB0-3CBB-A2D1C4BA0177%7D_650X450.jpg\" alt=\"reuni\u00e3o; sutram; comutran; tr\u00e2nsito\" width=\"650\" height=\"450\" \/><\/a><\/p>\n<p class=\"bg-primary\">A reuni\u00e3o tratou ainda sobre os avan\u00e7os para melhoria do sistema de transporte p\u00fablico coletivo. Na semana passada, a Autarquia de Transporte e Tr\u00e2nsito (Sutram) disponibilizou a tabela de hor\u00e1rios para a zona rural, ampliando o servi\u00e7o para atender a demanda da popula\u00e7\u00e3o residente nos distritos da cidade.<\/p>\n<\/div>\n<p>\u201cApresentamos algumas solu\u00e7\u00f5es imediatas para garantir um deslocamento seguro e otimizar a fluidez do tr\u00e1fego, principalmente nas vias mais movimentadas\u201d, explicou Valci Serpa, diretor-geral da Sutram.<\/p>\n","protected":false},"excerpt":{"rendered":"<p>Situa\u00e7\u00e3o que tem preocupado as autoridades de Ilh\u00e9us, o tr\u00e1fego na Avenida Tancredo Neves, trecho da BA-001, foi pauta da reuni\u00e3o realizada na tarde de sexta-feira (31), entre representantes da Prefeitura e membros do Conselho Municipal de Transporte e Tr\u00e2nsito (COMUTRAN). Nos \u00faltimos anos, a rodovia registrou\u00a0aumento de acidentes\u00a0com v\u00edtimas fatais, fato que acende sinal [&hellip;]<\/p>\n","protected":false},"author":2,"featured_media":0,"comment_status":"open","ping_status":"open","sticky":false,"template":"","format":"standard","meta":{"_links_to":"","_links_to_target":""},"categories":[7,9,8,1],"tags":[],"_links":{"self":[{"href":"https:\/\/www.ilheusnoticias.net.br\/v1\/wp-json\/wp\/v2\/posts\/31405"}],"collection":[{"href":"https:\/\/www.ilheusnoticias.net.br\/v1\/wp-json\/wp\/v2\/posts"}],"about":[{"href":"https:\/\/www.ilheusnoticias.net.br\/v1\/wp-json\/wp\/v2\/types\/post"}],"author":[{"embeddable":true,"href":"https:\/\/www.ilheusnoticias.net.br\/v1\/wp-json\/wp\/v2\/users\/2"}],"replies":[{"embeddable":true,"href":"https:\/\/www.ilheusnoticias.net.br\/v1\/wp-json\/wp\/v2\/comments?post=31405"}],"version-history":[{"count":1,"href":"https:\/\/www.ilheusnoticias.net.br\/v1\/wp-json\/wp\/v2\/posts\/31405\/revisions"}],"predecessor-version":[{"id":31406,"href":"https:\/\/www.ilheusnoticias.net.br\/v1\/wp-json\/wp\/v2\/posts\/31405\/revisions\/31406"}],"wp:attachment":[{"href":"https:\/\/www.ilheusnoticias.net.br\/v1\/wp-json\/wp\/v2\/media?parent=31405"}],"wp:term":[{"taxonomy":"category","embeddable":true,"href":"https:\/\/www.ilheusnoticias.net.br\/v1\/wp-json\/wp\/v2\/categories?post=31405"},{"taxonomy":"post_tag","embeddable":true,"href":"https:\/\/www.ilheusnoticias.net.br\/v1\/wp-json\/wp\/v2\/tags?post=31405"}],"curies":[{"name":"wp","href":"https:\/\/api.w.org\/{rel}","templated":true}]}}