{"id":31397,"date":"2023-04-01T08:46:57","date_gmt":"2023-04-01T11:46:57","guid":{"rendered":"https:\/\/www.ilheusnoticias.net.br\/v1\/?p=31397"},"modified":"2023-04-01T08:46:57","modified_gmt":"2023-04-01T11:46:57","slug":"municipio-instala-semaforo-com-botoeira-na-avenida-canavieiras-para-garantir-seguranca-no-transito","status":"publish","type":"post","link":"https:\/\/www.ilheusnoticias.net.br\/v1\/2023\/04\/01\/municipio-instala-semaforo-com-botoeira-na-avenida-canavieiras-para-garantir-seguranca-no-transito\/","title":{"rendered":"Munic\u00edpio instala sem\u00e1foro com botoeira na Avenida Canavieiras para garantir seguran\u00e7a no tr\u00e2nsito"},"content":{"rendered":"<div class=\"imagem thumbnail col-xs-12 col-sm-8 col-md-6 col-lg-6 imagem-materia\"><a class=\"fresco\" title=\"\" href=\"https:\/\/portalfacilarquivos.blob.core.windows.net\/uploads\/ILHEUS\/imgOrig\/%7BD6EDCC2D-EDDC-EBBA-B3BB-DEB30AEB4AAA%7D.jpg\" data-fresco-caption=\"\"><img loading=\"lazy\" title=\"\" src=\"https:\/\/portalfacilarquivos.blob.core.windows.net\/uploads\/ILHEUS\/img\/%7BD6EDCC2D-EDDC-EBBA-B3BB-DEB30AEB4AAA%7D\/%7BD6EDCC2D-EDDC-EBBA-B3BB-DEB30AEB4AAA%7D_650X450.jpg\" alt=\"sem\u00e1foro; avenida canavieiras\" width=\"650\" height=\"450\" \/><\/a><\/div>\n<div class=\"imagem thumbnail col-xs-12 col-sm-8 col-md-6 col-lg-6 imagem-materia\">A Prefeitura de Ilh\u00e9us, por meio da Autarquia de Transporte e Tr\u00e2nsito (Sutram), iniciou a recupera\u00e7\u00e3o de sem\u00e1foros da cidade, a fim de melhorar a seguran\u00e7a e a mobilidade urbana, principalmente nas vias com maior fluxo de ve\u00edculos e pedestres. Identificada como ponto priorit\u00e1rio, a Avenida Canavieiras recebeu um sem\u00e1foro com botoeira. A nova sinaliza\u00e7\u00e3o foi instalada nesta sexta-feira (31), em frente ao Instituto Municipal de Ensino (IME) Eus\u00ednio Lavigne.<\/div>\n<p>A botoeira pode ser acionada pelo pedestre todas as vezes que precisar atravessar a via. \u201cEstamos modernizando o parque semaf\u00f3rico da cidade para garantir\u00a0a seguran\u00e7a de estudantes, pais e comunidade em geral. Esse \u00e9 mais um investimento da gest\u00e3o municipal, que proporciona melhoria nas condi\u00e7\u00f5es urbanas no que se refere \u00e0 acessibilidade e mobilidade\u201d, frisou Valci Serpa, diretor-geral da Sutram.<\/p>\n<p>O dispositivo tem a fun\u00e7\u00e3o de informar ao controlador que existe a demanda da travessia, ou seja, apertar a botoeira n\u00e3o faz o sem\u00e1foro dos carros fechar imediatamente, mas sim, reprograma o sistema. \u00c9 necess\u00e1rio acionar o bot\u00e3o e aguardar a luz semaf\u00f3rica verde para o pedestre.<\/p>\n<p>Al\u00e9m do equipamento, a Prefeitura revitalizou a sinaliza\u00e7\u00e3o horizontal na regi\u00e3o com foco na promo\u00e7\u00e3o de um tr\u00e2nsito ordeiro.<\/p>\n","protected":false},"excerpt":{"rendered":"<p>A Prefeitura de Ilh\u00e9us, por meio da Autarquia de Transporte e Tr\u00e2nsito (Sutram), iniciou a recupera\u00e7\u00e3o de sem\u00e1foros da cidade, a fim de melhorar a seguran\u00e7a e a mobilidade urbana, principalmente nas vias com maior fluxo de ve\u00edculos e pedestres. Identificada como ponto priorit\u00e1rio, a Avenida Canavieiras recebeu um sem\u00e1foro com botoeira. A nova sinaliza\u00e7\u00e3o [&hellip;]<\/p>\n","protected":false},"author":2,"featured_media":0,"comment_status":"open","ping_status":"open","sticky":false,"template":"","format":"standard","meta":{"_links_to":"","_links_to_target":""},"categories":[7,9,8,1],"tags":[],"_links":{"self":[{"href":"https:\/\/www.ilheusnoticias.net.br\/v1\/wp-json\/wp\/v2\/posts\/31397"}],"collection":[{"href":"https:\/\/www.ilheusnoticias.net.br\/v1\/wp-json\/wp\/v2\/posts"}],"about":[{"href":"https:\/\/www.ilheusnoticias.net.br\/v1\/wp-json\/wp\/v2\/types\/post"}],"author":[{"embeddable":true,"href":"https:\/\/www.ilheusnoticias.net.br\/v1\/wp-json\/wp\/v2\/users\/2"}],"replies":[{"embeddable":true,"href":"https:\/\/www.ilheusnoticias.net.br\/v1\/wp-json\/wp\/v2\/comments?post=31397"}],"version-history":[{"count":1,"href":"https:\/\/www.ilheusnoticias.net.br\/v1\/wp-json\/wp\/v2\/posts\/31397\/revisions"}],"predecessor-version":[{"id":31398,"href":"https:\/\/www.ilheusnoticias.net.br\/v1\/wp-json\/wp\/v2\/posts\/31397\/revisions\/31398"}],"wp:attachment":[{"href":"https:\/\/www.ilheusnoticias.net.br\/v1\/wp-json\/wp\/v2\/media?parent=31397"}],"wp:term":[{"taxonomy":"category","embeddable":true,"href":"https:\/\/www.ilheusnoticias.net.br\/v1\/wp-json\/wp\/v2\/categories?post=31397"},{"taxonomy":"post_tag","embeddable":true,"href":"https:\/\/www.ilheusnoticias.net.br\/v1\/wp-json\/wp\/v2\/tags?post=31397"}],"curies":[{"name":"wp","href":"https:\/\/api.w.org\/{rel}","templated":true}]}}