{"id":31395,"date":"2023-04-01T08:45:50","date_gmt":"2023-04-01T11:45:50","guid":{"rendered":"https:\/\/www.ilheusnoticias.net.br\/v1\/?p=31395"},"modified":"2023-04-01T08:45:50","modified_gmt":"2023-04-01T11:45:50","slug":"com-foco-na-prevencao-prefeitura-de-ilheus-da-continuidade-a-aplicacao-de-lonas-em-areas-de-risco","status":"publish","type":"post","link":"https:\/\/www.ilheusnoticias.net.br\/v1\/2023\/04\/01\/com-foco-na-prevencao-prefeitura-de-ilheus-da-continuidade-a-aplicacao-de-lonas-em-areas-de-risco\/","title":{"rendered":"Com foco na preven\u00e7\u00e3o, Prefeitura de Ilh\u00e9us d\u00e1 continuidade \u00e0 aplica\u00e7\u00e3o de lonas em \u00e1reas de risco"},"content":{"rendered":"<p>&nbsp;<\/p>\n<div class=\"imagem thumbnail col-xs-12 col-sm-8 col-md-6 col-lg-6 imagem-materia\"><a class=\"fresco\" title=\"\" href=\"https:\/\/portalfacilarquivos.blob.core.windows.net\/uploads\/ILHEUS\/imgOrig\/%7B33BCAA33-DD62-AC8C-C1B4-63DDB2A8CE15%7D.jpg\" data-fresco-caption=\"\"><img loading=\"lazy\" title=\"\" src=\"https:\/\/portalfacilarquivos.blob.core.windows.net\/uploads\/ILHEUS\/img\/%7B33BCAA33-DD62-AC8C-C1B4-63DDB2A8CE15%7D\/%7B33BCAA33-DD62-AC8C-C1B4-63DDB2A8CE15%7D_650X450.jpg\" alt=\"coloca\u00e7\u00e3o de lonas; defesa civil\" width=\"650\" height=\"450\" \/><\/a><\/p>\n<p class=\"bg-primary\">A Prefeitura de Ilh\u00e9us intensificou o trabalho preventivo em \u00e1reas de risco do munic\u00edpio. Realizada pela Secretaria de Infraestrutura e Defesa Civil (Seinfra), a a\u00e7\u00e3o consiste em vistorias t\u00e9cnicas, aplica\u00e7\u00e3o e substitui\u00e7\u00e3o de lonas de conten\u00e7\u00e3o, a fim de evitar deslizamentos de terra e transtornos \u00e0 popula\u00e7\u00e3o durante per\u00edodos de chuvas intensas.<\/p>\n<\/div>\n<p>O servi\u00e7o cont\u00ednuo atendeu nos \u00faltimos 15 dias os moradores dos bairros Teot\u00f4nio Vilela, Conquista, Barra do Ita\u00edpe, Esperan\u00e7a, Tapera e Bas\u00edlio.\u00a0A Seinfra esclarece que a medida paliativa visa mitigar os impactos e fazer a substitui\u00e7\u00e3o peri\u00f3dica das lonas que sofreram desgaste.<\/p>\n<p>A s\u00e9rie de interven\u00e7\u00f5es de car\u00e1ter preventivo tem o objetivo de preservar os locais, at\u00e9 que a recupera\u00e7\u00e3o definitiva seja\u00a0realizada.\u00a0Atualmente, a Prefeitura executa\u00a0obras de conten\u00e7\u00e3o de encostas nos altos do Socorro e do Amparo (Encosta Dois de Julho).\u00a0Os servi\u00e7os somam recursos superiores a R$ 2 milh\u00f5es.<\/p>\n<p>&nbsp;<\/p>\n<div class=\"imagem thumbnail col-xs-12 col-sm-8 col-md-6 col-lg-6 imagem-materia\"><a class=\"fresco\" title=\"\" href=\"https:\/\/portalfacilarquivos.blob.core.windows.net\/uploads\/ILHEUS\/imgOrig\/%7BEDD3BABE-ACCA-B03B-0CC1-BE7BBAC7BB78%7D.jpg\" data-fresco-caption=\"\"><img loading=\"lazy\" title=\"\" src=\"https:\/\/portalfacilarquivos.blob.core.windows.net\/uploads\/ILHEUS\/img\/%7BEDD3BABE-ACCA-B03B-0CC1-BE7BBAC7BB78%7D\/%7BEDD3BABE-ACCA-B03B-0CC1-BE7BBAC7BB78%7D_650X450.jpg\" alt=\"coloca\u00e7\u00e3o de lonas; defesa civil\" width=\"650\" height=\"450\" \/><\/a><\/div>\n<p>A pasta explica que o trabalho \u00e9 realizado de forma pr\u00e9-programada, em per\u00edodos de estiagem, visto que o solo encharcado inviabiliza o servi\u00e7o, pois a lona n\u00e3o fixa da forma correta.\u00a0As visitas t\u00e9cnicas checam condi\u00e7\u00f5es estruturais de im\u00f3veis e orientam a popula\u00e7\u00e3o. Em caso de emerg\u00eancia, os mun\u00edcipes podem entrar em contato atrav\u00e9s do n\u00famero\u00a0<strong>(73) 97400-3521 (Defesa Civil)<\/strong>.<\/p>\n<p><strong>Balan\u00e7o de a\u00e7\u00f5es<\/strong><\/p>\n<p>15\/03 &#8211; Rua Ces\u00e1rio Neves (Teot\u00f4nio Vilela) &#8211; vistoria de \u00e1rvore;<\/p>\n<p>15\/03 &#8211; Avenida L\u00f3tus (Nelson Costa) \u2013 vistoria da rede de drenagem;<\/p>\n<p>20\/3 &#8211; Rua Jasiel Martins (Barra do Ita\u00edpe) &#8211; reposi\u00e7\u00e3o de lona;<\/p>\n<p>23\/3 &#8211; Visita \u00e0 Passarela da Urbis;<\/p>\n<p>25\/3- 3\u00aa Travessa do Alto Nerival (Barra do Ita\u00edpe) &#8211; coloca\u00e7\u00e3o de lona;<\/p>\n<p>25\/3 &#8211; Alto da Gamboa (Conquista), Rua Jo\u00e3o XXIII (Bas\u00edlio), Alto Bela Vista (Banco da Vit\u00f3ria), Rua do Cacau e Ladeira da Concei\u00e7\u00e3o (Tapera), 8\u00aa Travessa da Avenida Esperan\u00e7a (Alto Seringal \u2013 Esperan\u00e7a) &#8211; coloca\u00e7\u00e3o de lonas<\/p>\n","protected":false},"excerpt":{"rendered":"<p>&nbsp; A Prefeitura de Ilh\u00e9us intensificou o trabalho preventivo em \u00e1reas de risco do munic\u00edpio. Realizada pela Secretaria de Infraestrutura e Defesa Civil (Seinfra), a a\u00e7\u00e3o consiste em vistorias t\u00e9cnicas, aplica\u00e7\u00e3o e substitui\u00e7\u00e3o de lonas de conten\u00e7\u00e3o, a fim de evitar deslizamentos de terra e transtornos \u00e0 popula\u00e7\u00e3o durante per\u00edodos de chuvas intensas. O servi\u00e7o [&hellip;]<\/p>\n","protected":false},"author":2,"featured_media":0,"comment_status":"open","ping_status":"open","sticky":false,"template":"","format":"standard","meta":{"_links_to":"","_links_to_target":""},"categories":[7,9,8,1],"tags":[],"_links":{"self":[{"href":"https:\/\/www.ilheusnoticias.net.br\/v1\/wp-json\/wp\/v2\/posts\/31395"}],"collection":[{"href":"https:\/\/www.ilheusnoticias.net.br\/v1\/wp-json\/wp\/v2\/posts"}],"about":[{"href":"https:\/\/www.ilheusnoticias.net.br\/v1\/wp-json\/wp\/v2\/types\/post"}],"author":[{"embeddable":true,"href":"https:\/\/www.ilheusnoticias.net.br\/v1\/wp-json\/wp\/v2\/users\/2"}],"replies":[{"embeddable":true,"href":"https:\/\/www.ilheusnoticias.net.br\/v1\/wp-json\/wp\/v2\/comments?post=31395"}],"version-history":[{"count":1,"href":"https:\/\/www.ilheusnoticias.net.br\/v1\/wp-json\/wp\/v2\/posts\/31395\/revisions"}],"predecessor-version":[{"id":31396,"href":"https:\/\/www.ilheusnoticias.net.br\/v1\/wp-json\/wp\/v2\/posts\/31395\/revisions\/31396"}],"wp:attachment":[{"href":"https:\/\/www.ilheusnoticias.net.br\/v1\/wp-json\/wp\/v2\/media?parent=31395"}],"wp:term":[{"taxonomy":"category","embeddable":true,"href":"https:\/\/www.ilheusnoticias.net.br\/v1\/wp-json\/wp\/v2\/categories?post=31395"},{"taxonomy":"post_tag","embeddable":true,"href":"https:\/\/www.ilheusnoticias.net.br\/v1\/wp-json\/wp\/v2\/tags?post=31395"}],"curies":[{"name":"wp","href":"https:\/\/api.w.org\/{rel}","templated":true}]}}