{"id":31364,"date":"2023-03-30T06:52:46","date_gmt":"2023-03-30T09:52:46","guid":{"rendered":"https:\/\/www.ilheusnoticias.net.br\/v1\/?p=31364"},"modified":"2023-03-30T06:52:46","modified_gmt":"2023-03-30T09:52:46","slug":"governo-da-bahia-deposita-quase-r-119-milhoes-para-desapropriar-hospital-espanhol-em-salvador","status":"publish","type":"post","link":"https:\/\/www.ilheusnoticias.net.br\/v1\/2023\/03\/30\/governo-da-bahia-deposita-quase-r-119-milhoes-para-desapropriar-hospital-espanhol-em-salvador\/","title":{"rendered":"Governo da Bahia deposita quase R$ 119 milh\u00f5es para desapropriar Hospital Espanhol, em Salvador"},"content":{"rendered":"<div class=\"row content-head non-featured \">\n<div class=\"title\" data-block-type=\"title\" data-block-id=\"0\">\n<h1 class=\"content-head__title\"><span style=\"font-size: 16px;\">Unidade foi fechada em 2014 e acumula R$ 650 milh\u00f5es em d\u00edvidas. Advogados dizem que valor \u00e9 insuficiente para pagar d\u00edvidas.<\/span><img class=\"i-amphtml-fill-content i-amphtml-replaced-content\" style=\"font-size: 16px;\" src=\"https:\/\/s2.glbimg.com\/OXRpV6lOhvUlaeSzEIenxgtAupI=\/0x0:1700x1065\/984x0\/smart\/filters:strip_icc()\/s.glbimg.com\/jo\/g1\/f\/original\/2017\/03\/08\/hospital.jpg\" sizes=\"(max-width: 1366px) 648px, 100vw\" srcset=\"https:\/\/s2.glbimg.com\/mlaa9f12NXWeW702-nnVHgg7Dxs=\/0x0:1700x1065\/1000x0\/smart\/filters:strip_icc()\/s.glbimg.com\/jo\/g1\/f\/original\/2017\/03\/08\/hospital.jpg 1000w, https:\/\/s2.glbimg.com\/OXRpV6lOhvUlaeSzEIenxgtAupI=\/0x0:1700x1065\/984x0\/smart\/filters:strip_icc()\/s.glbimg.com\/jo\/g1\/f\/original\/2017\/03\/08\/hospital.jpg 984w, https:\/\/s2.glbimg.com\/nvWLIEwcEo2yNk5x7pVbynyV7Tc=\/0x0:1700x1065\/640x0\/smart\/filters:strip_icc()\/s.glbimg.com\/jo\/g1\/f\/original\/2017\/03\/08\/hospital.jpg 640w, https:\/\/s2.glbimg.com\/WZiBgd2I0IGEtQ3C3qn97w-oikI=\/0x0:1700x1065\/600x0\/smart\/filters:strip_icc()\/s.glbimg.com\/jo\/g1\/f\/original\/2017\/03\/08\/hospital.jpg 600w\" alt=\"Hospital Espanhol, que fica no bairro da Barra, em Salvador, foi fechado em 2014 \u2014 Foto: Divulga\u00e7\u00e3o\/TRT-BA\" \/><\/h1>\n<\/div>\n<\/div>\n<div class=\"mc-article-body\">\n<article>\n<div id=\"chunk-ajc2q\">\n<div class=\"row medium-uncollapsed content-media content-photo\" data-block-type=\"backstage-photo\" data-block-id=\"1\">\n<div class=\"mc-column content-media__container\">\n<p class=\"content-media__description \">Hospital Espanhol, que fica no bairro da Barra, em Salvador, foi fechado em 2014 \u2014 Foto: Divulga\u00e7\u00e3o\/TRT-BA<\/p>\n<\/div>\n<\/div>\n<\/div>\n<div id=\"chunk-d719g\">\n<div class=\"mc-column content-text active-extra-styles \" data-block-type=\"unstyled\" data-block-weight=\"45\" data-block-id=\"3\">\n<p class=\"content-text__container \" data-track-category=\"Link no Texto\" data-track-links=\"\">O Governo da Bahia depositou quase R$ 119 milh\u00f5es no processo de desapropria\u00e7\u00e3o do Hospital Espanhol, localizado em\u00a0<a class=\"\" href=\"https:\/\/g1.globo.com\/ba\/bahia\/cidade\/salvador\/\">Salvador<\/a>. O dep\u00f3sito foi feito na \u00faltima sexta-feira (24) e os advogados que representam a unidade alegam que o valor \u00e9 insuficiente para pagar as d\u00edvidas.<\/p>\n<\/div>\n<\/div>\n<div class=\"wall protected-content\">\n<div id=\"chunk-fblko\">\n<div class=\"mc-column content-text active-extra-styles \" data-block-type=\"unstyled\" data-block-weight=\"41\" data-block-id=\"4\">\n<p class=\"content-text__container \" data-track-category=\"Link no Texto\" data-track-links=\"\">O Espanhol\u00a0<a class=\"\" href=\"https:\/\/g1.globo.com\/bahia\/noticia\/2013\/04\/hospital-espanhol-fecha-emergencia-e-suspende-atendimento-em-salvador.html\">foi fechado em 2014<\/a>, com cerca de R$ 650 milh\u00f5es em d\u00edvidas. Desde ent\u00e3o, os cerca de tr\u00eas mil funcion\u00e1rios pedem que o pr\u00e9dio seja vendido para pagar a d\u00edvida trabalhista, que \u00e9 de mais de R$ 120 milh\u00f5es.<\/p>\n<\/div>\n<\/div>\n<div id=\"chunk-cvhfl\">\n<div class=\"mc-column content-text active-extra-styles \" data-block-type=\"unstyled\" data-block-weight=\"53\" data-block-id=\"5\">\n<p class=\"content-text__container \" data-track-category=\"Link no Texto\" data-track-links=\"\">No final de 2016, o Tribunal Regional do Trabalho da Bahia (TRT-BA)\u00a0<a class=\"\" href=\"http:\/\/g1.globo.com\/bahia\/noticia\/2016\/12\/para-quitar-divida-trabalhista-justica-determina-venda-do-hospital-espanhol.html\">determinou a venda\u00a0<\/a>do hospital e o\u00a0<a class=\"\" href=\"https:\/\/g1.globo.com\/ba\/bahia\/noticia\/leilao-do-hospital-espanhol-e-suspenso-pelo-stj-unidade-esta-avaliada-em-mais-de-r-185-milhoes.ghtml\">leil\u00e3o da unidade foi marcado e suspenso v\u00e1rias vezes<\/a>. Depois disso, o Governo da Bahia entrou com uma a\u00e7\u00e3o para desapropriar o Espanhol e, em 2019, o ofereceu quase R$ 83 milh\u00f5es pela unidade.<\/p>\n<\/div>\n<\/div>\n<div id=\"chunk-fkag0\">\n<div class=\"mc-column content-text active-extra-styles \" data-block-type=\"unstyled\" data-block-weight=\"39\" data-block-id=\"7\">\n<p class=\"content-text__container \" data-track-category=\"Link no Texto\" data-track-links=\"\">Este valor equivale aos R$ 119 milh\u00f5es que foram depositados pelo Governo. Com a corre\u00e7\u00e3o monet\u00e1ria, R$ 36 milh\u00f5es foram &#8220;adicionados&#8221; ao valor inicial. Na peti\u00e7\u00e3o, o governo argumenta que precisa manter no espa\u00e7o a continuidade do servi\u00e7o p\u00fablico.<\/p>\n<\/div>\n<\/div>\n<div id=\"chunk-brp86\">\n<div class=\"mc-column content-text active-extra-styles \" data-block-type=\"unstyled\" data-block-weight=\"34\" data-block-id=\"8\">\n<p class=\"content-text__container \" data-track-category=\"Link no Texto\" data-track-links=\"\">Um dos argumentos da Sociedade Espanhola contra o valor pago pelo Estado, est\u00e1 relacionado \u00e0 \u00e9poca em que a unidade serviu de\u00a0<a class=\"\" href=\"https:\/\/g1.globo.com\/ba\/bahia\/noticia\/2020\/03\/17\/fechado-ha-mais-de-cinco-anos-hospital-espanhol-vai-ser-usado-para-tratamento-contra-coronavirus.ghtml\">hospital de campanha contra a Covid-19<\/a>, durante a pandemia do coronav\u00edrus.<\/p>\n<\/div>\n<\/div>\n<div id=\"chunk-d7gc8\">\n<div class=\"mc-column content-text active-extra-styles \" data-block-type=\"unstyled\" data-block-weight=\"16\" data-block-id=\"9\">\n<p class=\"content-text__container \" data-track-category=\"Link no Texto\" data-track-links=\"\">Uma per\u00edcia foi pedida pelos advogados para que haja a defini\u00e7\u00e3o do valor real do pr\u00e9dio.<\/p>\n<\/div>\n<\/div>\n<div class=\"mc-column content-text active-extra-styles\" data-block-type=\"raw\" data-block-weight=\"3\" data-block-id=\"10\">\n<p class=\"content-text__container\">D\u00edvidas com funcion\u00e1rios<\/p>\n<\/div>\n<div id=\"chunk-1n73t\">\n<div class=\"row medium-uncollapsed content-media content-photo\" data-block-type=\"backstage-photo\" data-block-id=\"11\">\n<div class=\"mc-column content-media__container\">\n<div class=\"content-media-container glb-skeleton-box\">\n<figure class=\"content-media-figure\"><img class=\"i-amphtml-fill-content i-amphtml-replaced-content\" src=\"https:\/\/s2.glbimg.com\/ikCcKNBE1QnUEnm0JVzmX-iv2VU=\/0x0:816x459\/984x0\/smart\/filters:strip_icc()\/i.s3.glbimg.com\/v1\/AUTH_59edd422c0c84a879bd37670ae4f538a\/internal_photos\/bs\/2022\/4\/j\/1FsCyeTTypdRqwOBv58Q\/whatsapp-image-2022-10-21-at-11.41.42.jpeg\" sizes=\"(max-width: 1366px) 648px, 100vw\" srcset=\"https:\/\/s2.glbimg.com\/xKLCjMiJMzD7ZQJpNhYEfz1_Z6M=\/0x0:816x459\/1000x0\/smart\/filters:strip_icc()\/i.s3.glbimg.com\/v1\/AUTH_59edd422c0c84a879bd37670ae4f538a\/internal_photos\/bs\/2022\/4\/j\/1FsCyeTTypdRqwOBv58Q\/whatsapp-image-2022-10-21-at-11.41.42.jpeg 1000w, https:\/\/s2.glbimg.com\/ikCcKNBE1QnUEnm0JVzmX-iv2VU=\/0x0:816x459\/984x0\/smart\/filters:strip_icc()\/i.s3.glbimg.com\/v1\/AUTH_59edd422c0c84a879bd37670ae4f538a\/internal_photos\/bs\/2022\/4\/j\/1FsCyeTTypdRqwOBv58Q\/whatsapp-image-2022-10-21-at-11.41.42.jpeg 984w, https:\/\/s2.glbimg.com\/iiZrq4o0BBy0IeevgeLMVbLUuvo=\/0x0:816x459\/640x0\/smart\/filters:strip_icc()\/i.s3.glbimg.com\/v1\/AUTH_59edd422c0c84a879bd37670ae4f538a\/internal_photos\/bs\/2022\/4\/j\/1FsCyeTTypdRqwOBv58Q\/whatsapp-image-2022-10-21-at-11.41.42.jpeg 640w, https:\/\/s2.glbimg.com\/-gM6neibJtFAWCNoi2-bx8u4IWk=\/0x0:816x459\/600x0\/smart\/filters:strip_icc()\/i.s3.glbimg.com\/v1\/AUTH_59edd422c0c84a879bd37670ae4f538a\/internal_photos\/bs\/2022\/4\/j\/1FsCyeTTypdRqwOBv58Q\/whatsapp-image-2022-10-21-at-11.41.42.jpeg 600w\" alt=\"Funcion\u00e1rios demitidos do Hospital Espanhol durante protesto em 2022 \u2014 Foto: Ademir Silva\/Arquivo pessoal\" \/><\/figure>\n<\/div>\n<p class=\"content-media__description \">Funcion\u00e1rios demitidos do Hospital Espanhol durante protesto em 2022 \u2014 Foto: Ademir Silva\/Arquivo pessoal<\/p>\n<\/div>\n<\/div>\n<\/div>\n<div id=\"chunk-23aif\">\n<div class=\"mc-column content-text active-extra-styles \" data-block-type=\"unstyled\" data-block-weight=\"40\" data-block-id=\"12\">\n<p class=\"content-text__container \" data-track-category=\"Link no Texto\" data-track-links=\"\">O dep\u00f3sito dos R$ 119 milh\u00f5es traz esperan\u00e7a para os funcion\u00e1rios da unidade, que n\u00e3o receberam sal\u00e1rios, nem benef\u00edcios, durante os \u00faltimos meses de funcionamento do Espanhol. Um deles \u00e9 Ademir Bulhosa, que pagava o pr\u00f3prio transporte para conseguir trabalhar.<\/p>\n<\/div>\n<\/div>\n<div id=\"chunk-2f9sg\">\n<div class=\"content-ads content-ads--reveal\" data-block-type=\"ads\" data-block-id=\"13\">\n<div id=\"banner_materia__8de8e8ae-630e-4f48-b9d3-ee29164b9071\" class=\"tag-manager-publicidade-container mc-has-reveal mc-has-ad-lazyload tag-manager-publicidade-banner_materia__8de8e8ae-630e-4f48-b9d3-ee29164b9071 tag-manager-publicidade-container--carregado tag-manager-publicidade-container--visivel\" data-id=\"banner_materia__8de8e8ae-630e-4f48-b9d3-ee29164b9071\" data-google-query-id=\"COvAz8awg_4CFVweuQYd_CkOQA\">\n<div id=\"google_ads_iframe_\/95377733\/tvg_G1\/Sua_Regiao&gt;Nordeste&gt;Bahia_4__container__\" style=\"box-sizing: inherit; margin: auto; padding: 0px; border: 0pt none; font: inherit; vertical-align: initial; max-width: 100%; text-align: center; width: 970px; height: 250px;\"><iframe id=\"google_ads_iframe_\/95377733\/tvg_G1\/Sua_Regiao&gt;Nordeste&gt;Bahia_4\" style=\"box-sizing: inherit; margin: 0px; padding: 0px; border: 0px; font: inherit; vertical-align: bottom;\" tabindex=\"0\" title=\"3rd party ad content\" role=\"region\" name=\"google_ads_iframe_\/95377733\/tvg_G1\/Sua_Regiao&gt;Nordeste&gt;Bahia_4\" width=\"970\" height=\"250\" frameborder=\"0\" marginwidth=\"0\" marginheight=\"0\" scrolling=\"no\" aria-label=\"Advertisement\" data-load-complete=\"true\" data-google-container-id=\"6\" data-mce-fragment=\"1\"><\/iframe><\/div>\n<\/div>\n<\/div>\n<\/div>\n<div class=\"mc-column content-text active-extra-styles\" data-block-type=\"raw\" data-block-weight=\"18\" data-block-id=\"14\">\n<p class=\"content-text__container\">\n<blockquote class=\"content-blockquote theme-border-color-primary-before\"><p>&#8220;A gente vinha trabalhando e pagando o nosso transporte, alimenta\u00e7\u00e3o. A gente trabalhava por amor ao hospital&#8221;, contou.<\/p><\/blockquote>\n<p>&nbsp;<\/p>\n<\/div>\n<div id=\"chunk-f302j\">\n<div class=\"mc-column content-text active-extra-styles \" data-block-type=\"unstyled\" data-block-weight=\"28\" data-block-id=\"15\">\n<p class=\"content-text__container \" data-track-category=\"Link no Texto\" data-track-links=\"\">Nos \u00faltimos anos, os trabalhadores fizeram diversos protestos em frente a unidade. Um deles aconteceu durante a pandemia da Covid-19, em 2021, quando o\u00a0<a class=\"\" href=\"https:\/\/g1.globo.com\/ba\/bahia\/noticia\/2021\/09\/30\/trabalhadores-demitidos-do-hospital-espanhol-protestam-e-cobram-dividas-trabalhistas-7-anos-apos-fechamento-da-unidade.ghtml\">fechamento completou sete anos<\/a>.<\/p>\n<\/div>\n<\/div>\n<div id=\"chunk-69huj\">\n<div class=\"mc-column content-text active-extra-styles \" data-block-type=\"unstyled\" data-block-weight=\"20\" data-block-id=\"16\">\n<p class=\"content-text__container \" data-track-category=\"Link no Texto\" data-track-links=\"\">Oito anos ap\u00f3s o fechamento, os trabalhadores seguem sem receber os valores que, juntos, chegam a R$ 122 milh\u00f5es.<\/p>\n<\/div>\n<\/div>\n<\/div>\n<\/article>\n<\/div>\n","protected":false},"excerpt":{"rendered":"<p>Unidade foi fechada em 2014 e acumula R$ 650 milh\u00f5es em d\u00edvidas. Advogados dizem que valor \u00e9 insuficiente para pagar d\u00edvidas. Hospital Espanhol, que fica no bairro da Barra, em Salvador, foi fechado em 2014 \u2014 Foto: Divulga\u00e7\u00e3o\/TRT-BA O Governo da Bahia depositou quase R$ 119 milh\u00f5es no processo de desapropria\u00e7\u00e3o do Hospital Espanhol, localizado [&hellip;]<\/p>\n","protected":false},"author":2,"featured_media":0,"comment_status":"open","ping_status":"open","sticky":false,"template":"","format":"standard","meta":{"_links_to":"","_links_to_target":""},"categories":[7,9,8,1],"tags":[],"_links":{"self":[{"href":"https:\/\/www.ilheusnoticias.net.br\/v1\/wp-json\/wp\/v2\/posts\/31364"}],"collection":[{"href":"https:\/\/www.ilheusnoticias.net.br\/v1\/wp-json\/wp\/v2\/posts"}],"about":[{"href":"https:\/\/www.ilheusnoticias.net.br\/v1\/wp-json\/wp\/v2\/types\/post"}],"author":[{"embeddable":true,"href":"https:\/\/www.ilheusnoticias.net.br\/v1\/wp-json\/wp\/v2\/users\/2"}],"replies":[{"embeddable":true,"href":"https:\/\/www.ilheusnoticias.net.br\/v1\/wp-json\/wp\/v2\/comments?post=31364"}],"version-history":[{"count":1,"href":"https:\/\/www.ilheusnoticias.net.br\/v1\/wp-json\/wp\/v2\/posts\/31364\/revisions"}],"predecessor-version":[{"id":31365,"href":"https:\/\/www.ilheusnoticias.net.br\/v1\/wp-json\/wp\/v2\/posts\/31364\/revisions\/31365"}],"wp:attachment":[{"href":"https:\/\/www.ilheusnoticias.net.br\/v1\/wp-json\/wp\/v2\/media?parent=31364"}],"wp:term":[{"taxonomy":"category","embeddable":true,"href":"https:\/\/www.ilheusnoticias.net.br\/v1\/wp-json\/wp\/v2\/categories?post=31364"},{"taxonomy":"post_tag","embeddable":true,"href":"https:\/\/www.ilheusnoticias.net.br\/v1\/wp-json\/wp\/v2\/tags?post=31364"}],"curies":[{"name":"wp","href":"https:\/\/api.w.org\/{rel}","templated":true}]}}