{"id":31356,"date":"2023-03-30T06:39:55","date_gmt":"2023-03-30T09:39:55","guid":{"rendered":"https:\/\/www.ilheusnoticias.net.br\/v1\/?p=31356"},"modified":"2023-03-30T06:39:55","modified_gmt":"2023-03-30T09:39:55","slug":"rede-sac-adere-a-campanha-do-bahia-sem-fome-e-arrecada-alimentos-nao-pereciveis-em-todo-o-estado","status":"publish","type":"post","link":"https:\/\/www.ilheusnoticias.net.br\/v1\/2023\/03\/30\/rede-sac-adere-a-campanha-do-bahia-sem-fome-e-arrecada-alimentos-nao-pereciveis-em-todo-o-estado\/","title":{"rendered":"Rede SAC adere \u00e0 campanha do Bahia Sem Fome e arrecada alimentos n\u00e3o perec\u00edveis em todo o estado"},"content":{"rendered":"<div class=\"PostHeaderIcons metadata-icons\"><img src=\"http:\/\/www.blogdothame.blog.br\/v1\/wp-content\/uploads\/2023\/03\/Rade-Sac-Bahia-sem-Fome-225x300.jpg\" \/><\/div>\n<div class=\"PostContent\">\n<p>A Rede SAC est\u00e1 mobilizada na arrecada\u00e7\u00e3o de alimentos para contribuir com a campanha do Bahia sem Fome, programa apresentado pelo governo estadual com o objetivo de promover seguran\u00e7a alimentar e nutricional de pessoas em situa\u00e7\u00e3o de vulnerabilidade social. A popula\u00e7\u00e3o interessada em colaborar com a iniciativa deflagrada pela Secretaria da Administra\u00e7\u00e3o do Estado (Saeb) j\u00e1 pode fazer a entrega dos alimentos n\u00e3o perec\u00edveis nos postos da Rede SAC espalhados por toda a Bahia.<\/p>\n<p>No total, participam da iniciativa 81 unidades da Rede SAC situadas em 67 diferentes munic\u00edpios do estado. S\u00f3 em Salvador e regi\u00e3o metropolitana, h\u00e1 15 unidades \u00e0 disposi\u00e7\u00e3o da popula\u00e7\u00e3o para o recebimento das doa\u00e7\u00f5es. Em Feira de Santana e Vit\u00f3ria da Conquista, outros quatro postos tamb\u00e9m est\u00e3o engajados na iniciativa. A rela\u00e7\u00e3o completa das unidades da Rede SAC, com hor\u00e1rio de funcionamento, est\u00e1 dispon\u00edvel no site\u00a0<a href=\"http:\/\/www.sac.ba.gov.br\/\" target=\"_blank\" rel=\"noopener\" data-saferedirecturl=\"https:\/\/www.google.com\/url?q=http:\/\/www.sac.ba.gov.br&amp;source=gmail&amp;ust=1680174875372000&amp;usg=AOvVaw0s09loWj03JRof3iUV25vg\">www.sac.ba.gov.br<\/a>.<\/p>\n<\/div>\n","protected":false},"excerpt":{"rendered":"<p>A Rede SAC est\u00e1 mobilizada na arrecada\u00e7\u00e3o de alimentos para contribuir com a campanha do Bahia sem Fome, programa apresentado pelo governo estadual com o objetivo de promover seguran\u00e7a alimentar e nutricional de pessoas em situa\u00e7\u00e3o de vulnerabilidade social. A popula\u00e7\u00e3o interessada em colaborar com a iniciativa deflagrada pela Secretaria da Administra\u00e7\u00e3o do Estado (Saeb) [&hellip;]<\/p>\n","protected":false},"author":2,"featured_media":0,"comment_status":"open","ping_status":"open","sticky":false,"template":"","format":"standard","meta":{"_links_to":"","_links_to_target":""},"categories":[7,9,8,1],"tags":[],"_links":{"self":[{"href":"https:\/\/www.ilheusnoticias.net.br\/v1\/wp-json\/wp\/v2\/posts\/31356"}],"collection":[{"href":"https:\/\/www.ilheusnoticias.net.br\/v1\/wp-json\/wp\/v2\/posts"}],"about":[{"href":"https:\/\/www.ilheusnoticias.net.br\/v1\/wp-json\/wp\/v2\/types\/post"}],"author":[{"embeddable":true,"href":"https:\/\/www.ilheusnoticias.net.br\/v1\/wp-json\/wp\/v2\/users\/2"}],"replies":[{"embeddable":true,"href":"https:\/\/www.ilheusnoticias.net.br\/v1\/wp-json\/wp\/v2\/comments?post=31356"}],"version-history":[{"count":1,"href":"https:\/\/www.ilheusnoticias.net.br\/v1\/wp-json\/wp\/v2\/posts\/31356\/revisions"}],"predecessor-version":[{"id":31357,"href":"https:\/\/www.ilheusnoticias.net.br\/v1\/wp-json\/wp\/v2\/posts\/31356\/revisions\/31357"}],"wp:attachment":[{"href":"https:\/\/www.ilheusnoticias.net.br\/v1\/wp-json\/wp\/v2\/media?parent=31356"}],"wp:term":[{"taxonomy":"category","embeddable":true,"href":"https:\/\/www.ilheusnoticias.net.br\/v1\/wp-json\/wp\/v2\/categories?post=31356"},{"taxonomy":"post_tag","embeddable":true,"href":"https:\/\/www.ilheusnoticias.net.br\/v1\/wp-json\/wp\/v2\/tags?post=31356"}],"curies":[{"name":"wp","href":"https:\/\/api.w.org\/{rel}","templated":true}]}}