{"id":31354,"date":"2023-03-30T06:38:29","date_gmt":"2023-03-30T09:38:29","guid":{"rendered":"https:\/\/www.ilheusnoticias.net.br\/v1\/?p=31354"},"modified":"2023-03-30T06:38:29","modified_gmt":"2023-03-30T09:38:29","slug":"deputado-federal-jorge-solla-promove-audiencia-entre-secretaria-nacional-de-aquicultura-e-o-prefeito-antonio-de-anizio-em-brasilia","status":"publish","type":"post","link":"https:\/\/www.ilheusnoticias.net.br\/v1\/2023\/03\/30\/deputado-federal-jorge-solla-promove-audiencia-entre-secretaria-nacional-de-aquicultura-e-o-prefeito-antonio-de-anizio-em-brasilia\/","title":{"rendered":"Deputado Federal Jorge Solla promove audi\u00eancia entre Secret\u00e1ria Nacional de Aquicultura e o prefeito Ant\u00f4nio de An\u00edzio em Bras\u00edlia"},"content":{"rendered":"<div class=\"Post\">\n<div class=\"Post-body\">\n<div class=\"Post-inner article\">\n<div class=\"PostFooterIcons metadata-icons\"><\/div>\n<\/div>\n<\/div>\n<\/div>\n<div class=\"Post\">\n<div class=\"Post-body\">\n<div class=\"Post-inner article\">\n<div class=\"PostHeaderIcons metadata-icons\"><img src=\"http:\/\/www.blogdothame.blog.br\/v1\/wp-content\/uploads\/2023\/03\/Tonho-Brasilia-3.jpeg\" \/><\/div>\n<div class=\"PostContent\">\n<p>O prefeito Ant\u00f4nio de An\u00edzio, atrav\u00e9s do mandato do deputado federal Jorge Solla esteve em audi\u00eancia com a secret\u00e1ria Nacional de Aquicultura do Minist\u00e9rio da Pesca e Aquicultura, Tereza Nelma. A agenda aconteceu na tarde de ter\u00e7a-feira (28), em Bras\u00edlia.<\/p>\n<p>O prefeito estava acompanhado da primeira dama, Ivonete Damasceno, do secret\u00e1rio municipal de Administra\u00e7\u00e3o, Marcos Vin\u00edcios, e da diretora de Comunica\u00e7\u00e3o do CDs-Ls, Alline Meira.<\/p>\n<p>Dentre os temas tratados estavam a pesca artesanal, aquicultura, regulariza\u00e7\u00e3o dos pescadores e marisqueiras e o mercado de peixe ornamental local.<\/p>\n<p>Para a secret\u00e1ria nacional, Tereza Nelma, \u00e9 de extrema import\u00e2ncia compreender a base, diagnosticar a realidade e dialogar com pescadores e marisqueiras. Al\u00e9m disso, a qualifica\u00e7\u00e3o desde a produ\u00e7\u00e3o at\u00e9 a comercializa\u00e7\u00e3o do pescado viabiliza o fortalecimento da categoria, atrav\u00e9s do cooperativismo e o associativismo.<\/p>\n<\/div>\n<\/div>\n<\/div>\n<\/div>\n","protected":false},"excerpt":{"rendered":"<p>O prefeito Ant\u00f4nio de An\u00edzio, atrav\u00e9s do mandato do deputado federal Jorge Solla esteve em audi\u00eancia com a secret\u00e1ria Nacional de Aquicultura do Minist\u00e9rio da Pesca e Aquicultura, Tereza Nelma. A agenda aconteceu na tarde de ter\u00e7a-feira (28), em Bras\u00edlia. O prefeito estava acompanhado da primeira dama, Ivonete Damasceno, do secret\u00e1rio municipal de Administra\u00e7\u00e3o, Marcos [&hellip;]<\/p>\n","protected":false},"author":2,"featured_media":0,"comment_status":"open","ping_status":"open","sticky":false,"template":"","format":"standard","meta":{"_links_to":"","_links_to_target":""},"categories":[7,9,8,1],"tags":[],"_links":{"self":[{"href":"https:\/\/www.ilheusnoticias.net.br\/v1\/wp-json\/wp\/v2\/posts\/31354"}],"collection":[{"href":"https:\/\/www.ilheusnoticias.net.br\/v1\/wp-json\/wp\/v2\/posts"}],"about":[{"href":"https:\/\/www.ilheusnoticias.net.br\/v1\/wp-json\/wp\/v2\/types\/post"}],"author":[{"embeddable":true,"href":"https:\/\/www.ilheusnoticias.net.br\/v1\/wp-json\/wp\/v2\/users\/2"}],"replies":[{"embeddable":true,"href":"https:\/\/www.ilheusnoticias.net.br\/v1\/wp-json\/wp\/v2\/comments?post=31354"}],"version-history":[{"count":1,"href":"https:\/\/www.ilheusnoticias.net.br\/v1\/wp-json\/wp\/v2\/posts\/31354\/revisions"}],"predecessor-version":[{"id":31355,"href":"https:\/\/www.ilheusnoticias.net.br\/v1\/wp-json\/wp\/v2\/posts\/31354\/revisions\/31355"}],"wp:attachment":[{"href":"https:\/\/www.ilheusnoticias.net.br\/v1\/wp-json\/wp\/v2\/media?parent=31354"}],"wp:term":[{"taxonomy":"category","embeddable":true,"href":"https:\/\/www.ilheusnoticias.net.br\/v1\/wp-json\/wp\/v2\/categories?post=31354"},{"taxonomy":"post_tag","embeddable":true,"href":"https:\/\/www.ilheusnoticias.net.br\/v1\/wp-json\/wp\/v2\/tags?post=31354"}],"curies":[{"name":"wp","href":"https:\/\/api.w.org\/{rel}","templated":true}]}}