{"id":31343,"date":"2023-03-29T08:21:31","date_gmt":"2023-03-29T11:21:31","guid":{"rendered":"https:\/\/www.ilheusnoticias.net.br\/v1\/?p=31343"},"modified":"2023-03-29T08:21:31","modified_gmt":"2023-03-29T11:21:31","slug":"prefeitura-de-ilheus-discute-acoes-para-organizar-comercio-ambulante-no-centro-da-cidade","status":"publish","type":"post","link":"https:\/\/www.ilheusnoticias.net.br\/v1\/2023\/03\/29\/prefeitura-de-ilheus-discute-acoes-para-organizar-comercio-ambulante-no-centro-da-cidade\/","title":{"rendered":"Prefeitura de Ilh\u00e9us discute a\u00e7\u00f5es para organizar com\u00e9rcio ambulante no Centro da cidade"},"content":{"rendered":"<div class=\"imagem thumbnail col-xs-12 col-sm-8 col-md-6 col-lg-6 imagem-materia\">\n<p class=\"bg-primary\">Visando promover a organiza\u00e7\u00e3o do com\u00e9rcio ambulante, a Prefeitura de Ilh\u00e9us promoveu na manh\u00e3 desta ter\u00e7a-feira (28) uma reuni\u00e3o de alinhamento com foco na elabora\u00e7\u00e3o de um trabalho conjunto para ado\u00e7\u00e3o de medidas que solucionem a situa\u00e7\u00e3o em algumas art\u00e9rias do Centro da cidade.<\/p>\n<\/div>\n<p>Participaram do encontro os secret\u00e1rios Mozart Arag\u00e3o (Casa Civil), Marcelo Barreto (Ordem P\u00fablica), Jo\u00e3o Aquino (Servi\u00e7os Urbanos), Valci Serpa (Sutram), os superintendentes Emenson Silva (Comunica\u00e7\u00e3o) e Carla Serafim (Rela\u00e7\u00f5es Institucionais) e os representantes da Secretaria de Desenvolvimento Econ\u00f4mico e Inova\u00e7\u00e3o (SDE), Vin\u00edcius Briglia, Maur\u00edcio Galv\u00e3o e Paulo Moreira.<\/p>\n<p>Na ocasi\u00e3o, foram discutidas a\u00e7\u00f5es para intensificar a fiscaliza\u00e7\u00e3o do excesso de ambulantes na localidade.\u00a0 A a\u00e7\u00e3o conjunta tem como objetivo evitar a ocupa\u00e7\u00e3o de espa\u00e7os p\u00fablicos com a venda de produtos irregulares e sem proced\u00eancia, que colocam em risco a sa\u00fade dos consumidores e impactam as atividades do com\u00e9rcio legalizado.<\/p>\n<p>A SDE iniciou o processo atrav\u00e9s do di\u00e1logo, tendo realizado uma pesquisa de opini\u00e3o para auxiliar na tomada de decis\u00e3o. O trabalho faz parte do plano de reorganiza\u00e7\u00e3o da cidade e dos espa\u00e7os p\u00fablicos. As a\u00e7\u00f5es do Munic\u00edpio s\u00e3o pautadas no princ\u00edpio da razoabilidade, com vistas \u00e0 garantia da oferta de servi\u00e7os e produtos de qualidade.<\/p>\n","protected":false},"excerpt":{"rendered":"<p>Visando promover a organiza\u00e7\u00e3o do com\u00e9rcio ambulante, a Prefeitura de Ilh\u00e9us promoveu na manh\u00e3 desta ter\u00e7a-feira (28) uma reuni\u00e3o de alinhamento com foco na elabora\u00e7\u00e3o de um trabalho conjunto para ado\u00e7\u00e3o de medidas que solucionem a situa\u00e7\u00e3o em algumas art\u00e9rias do Centro da cidade. Participaram do encontro os secret\u00e1rios Mozart Arag\u00e3o (Casa Civil), Marcelo Barreto [&hellip;]<\/p>\n","protected":false},"author":2,"featured_media":0,"comment_status":"open","ping_status":"open","sticky":false,"template":"","format":"standard","meta":{"_links_to":"","_links_to_target":""},"categories":[7,9,8,1],"tags":[],"_links":{"self":[{"href":"https:\/\/www.ilheusnoticias.net.br\/v1\/wp-json\/wp\/v2\/posts\/31343"}],"collection":[{"href":"https:\/\/www.ilheusnoticias.net.br\/v1\/wp-json\/wp\/v2\/posts"}],"about":[{"href":"https:\/\/www.ilheusnoticias.net.br\/v1\/wp-json\/wp\/v2\/types\/post"}],"author":[{"embeddable":true,"href":"https:\/\/www.ilheusnoticias.net.br\/v1\/wp-json\/wp\/v2\/users\/2"}],"replies":[{"embeddable":true,"href":"https:\/\/www.ilheusnoticias.net.br\/v1\/wp-json\/wp\/v2\/comments?post=31343"}],"version-history":[{"count":1,"href":"https:\/\/www.ilheusnoticias.net.br\/v1\/wp-json\/wp\/v2\/posts\/31343\/revisions"}],"predecessor-version":[{"id":31344,"href":"https:\/\/www.ilheusnoticias.net.br\/v1\/wp-json\/wp\/v2\/posts\/31343\/revisions\/31344"}],"wp:attachment":[{"href":"https:\/\/www.ilheusnoticias.net.br\/v1\/wp-json\/wp\/v2\/media?parent=31343"}],"wp:term":[{"taxonomy":"category","embeddable":true,"href":"https:\/\/www.ilheusnoticias.net.br\/v1\/wp-json\/wp\/v2\/categories?post=31343"},{"taxonomy":"post_tag","embeddable":true,"href":"https:\/\/www.ilheusnoticias.net.br\/v1\/wp-json\/wp\/v2\/tags?post=31343"}],"curies":[{"name":"wp","href":"https:\/\/api.w.org\/{rel}","templated":true}]}}