{"id":31332,"date":"2023-03-17T10:03:27","date_gmt":"2023-03-17T13:03:27","guid":{"rendered":"https:\/\/www.ilheusnoticias.net.br\/v1\/?p=31332"},"modified":"2023-03-17T10:03:27","modified_gmt":"2023-03-17T13:03:27","slug":"pf-faz-buscas-e-tenta-prender-32-suspeitos-de-envolvimento-nos-atos-golpistas-de-janeiro","status":"publish","type":"post","link":"https:\/\/www.ilheusnoticias.net.br\/v1\/2023\/03\/17\/pf-faz-buscas-e-tenta-prender-32-suspeitos-de-envolvimento-nos-atos-golpistas-de-janeiro\/","title":{"rendered":"PF faz buscas e tenta prender 32 suspeitos de envolvimento nos atos golpistas de janeiro"},"content":{"rendered":"<div class=\"row content-head non-featured \">\n<div class=\"title\" data-block-type=\"title\" data-block-id=\"0\"><\/div>\n<div class=\"medium-centered subtitle\">\n<h2 class=\"content-head__subtitle\"><span style=\"font-size: 16px;\">A Pol\u00edcia Federal cumpre nesta sexta-feira (17) 78 mandados em nove estados e no Distrito Federal contra suspeitos de envolvimento nos atos golpistas do dia 8 de janeiro, quando as sedes dos Tr\u00eas Poderes foram alvos de vandalismo e depreda\u00e7\u00e3o em Bras\u00edlia.<\/span><\/h2>\n<\/div>\n<\/div>\n<div class=\"mc-article-body\">\n<article>\n<div class=\"wall protected-content\">\n<div id=\"chunk-3d995\">\n<div class=\"mc-column content-text active-extra-styles \" data-block-type=\"unstyled\" data-block-weight=\"29\" data-block-id=\"3\">\n<p class=\"content-text__container \" data-track-category=\"Link no Texto\" data-track-links=\"\">Ao todo, s\u00e3o 46 mandados de busca e apreens\u00e3o e 32 mandados de pris\u00e3o. Os nomes dos alvos n\u00e3o foram divulgados. At\u00e9 as 9h,\u00a0<span class=\"highlight highlighted\">12 pessoas tinham sido presas<\/span>.<\/p>\n<\/div>\n<\/div>\n<div id=\"chunk-ro0j\">\n<div class=\"mc-column content-text active-extra-styles \" data-block-type=\"unstyled\" data-block-weight=\"20\" data-block-id=\"4\">\n<p class=\"content-text__container \" data-track-category=\"Link no Texto\" data-track-links=\"\">Essa \u00e9 a oitava fase da opera\u00e7\u00e3o Lesa P\u00e1tria, e a maior desde que os atos passaram a ser investigados.<\/p>\n<\/div>\n<\/div>\n<div id=\"chunk-3acvi\">\n<div class=\"mc-column content-text active-extra-styles \" data-block-type=\"unstyled\" data-block-weight=\"12\" data-block-id=\"5\">\n<p class=\"content-text__container \" data-track-category=\"Link no Texto\" data-track-links=\"\">De acordo com informa\u00e7\u00f5es da PF, os mandados t\u00eam a seguinte distribui\u00e7\u00e3o:<\/p>\n<\/div>\n<\/div>\n<div class=\"mc-column content-text active-extra-styles\" data-block-type=\"raw\" data-block-weight=\"141\" data-block-id=\"6\">\n<ul class=\"content-unordered-list\">\n<li><strong>Bahia:<\/strong>\u00a02 mandados de busca e apreens\u00e3o e 2 mandados de pris\u00e3o (mesmos alvos);<\/li>\n<li><strong>Distrito Federal:\u00a0<\/strong>2 mandados de busca e apreens\u00e3o;<\/li>\n<li><strong>Esp\u00edrito Santo:\u00a0<\/strong>1 mandado de busca e apreens\u00e3o e 1 mandado de pris\u00e3o (mesmo alvo);<\/li>\n<li><strong>Goi\u00e1s:\u00a0<\/strong>2 mandados de busca e apreens\u00e3o e 2 mandados de pris\u00e3o (mesmos alvos);<\/li>\n<li><strong>Maranh\u00e3o:\u00a0<\/strong>1 mandado de busca e apreens\u00e3o e 1 mandado de pris\u00e3o (mesmo alvo);<\/li>\n<li><strong>Minas Gerais:\u00a0<\/strong>9 mandados de busca e apreens\u00e3o e 8 mandados de pris\u00e3o (mesmos alvos, sendo que um ser\u00e1 alvo apenas de buscas);<\/li>\n<li><strong>Paran\u00e1:\u00a0<\/strong>2 mandados de busca e apreens\u00e3o e 2 mandados de pris\u00e3o (mesmos alvos);<\/li>\n<li><strong>Rond\u00f4nia:\u00a0<\/strong>11 mandados de busca e apreens\u00e3o;<\/li>\n<li><strong>Rio Grande do Sul:\u00a0<\/strong>3 mandados de busca e apreens\u00e3o e 3 mandados de pris\u00e3o (mesmos alvos);<\/li>\n<li><strong>S\u00e3o Paulo:\u00a0<\/strong>13 mandados de busca e apreens\u00e3o e 13 mandados de pris\u00e3o (mesmos alvos).<\/li>\n<\/ul>\n<\/div>\n<div id=\"chunk-4iqeo\">\n<div class=\"mc-column content-text active-extra-styles \" data-block-type=\"unstyled\" data-block-weight=\"39\" data-block-id=\"8\">\n<p class=\"content-text__container \" data-track-category=\"Link no Texto\" data-track-links=\"\">Segundo informa\u00e7\u00f5es preliminares da PF, um dos alvos dos mandados de pris\u00e3o \u00e9 a mulher flagrada em foto e v\u00eddeo pichando a frase &#8220;perdeu, man\u00e9&#8221; na est\u00e1tua que simboliza a Justi\u00e7a em frente ao pr\u00e9dio do Supremo Tribunal Federal.<\/p>\n<\/div>\n<\/div>\n<div id=\"chunk-262s7\">\n<div class=\"row medium-uncollapsed content-media content-photo\" data-block-type=\"backstage-photo\" data-block-id=\"9\">\n<div class=\"mc-column content-media__container\">\n<div class=\"content-media-container glb-skeleton-box\">\n<figure class=\"content-media-figure\"><img class=\"i-amphtml-fill-content i-amphtml-replaced-content\" src=\"https:\/\/s2.glbimg.com\/8f_YN9__NI1yvi-n_cukahvODEw=\/0x90:720x817\/984x0\/smart\/filters:strip_icc()\/i.s3.glbimg.com\/v1\/AUTH_59edd422c0c84a879bd37670ae4f538a\/internal_photos\/bs\/2023\/r\/x\/zB8g8BRSAulgJX55hIrQ\/justica.ok.jpeg\" sizes=\"(max-width: 1707px) 648px, 100vw\" srcset=\"https:\/\/s2.glbimg.com\/u9crIC3NyWri_qrMaApLZNykYmw=\/0x90:720x817\/1000x0\/smart\/filters:strip_icc()\/i.s3.glbimg.com\/v1\/AUTH_59edd422c0c84a879bd37670ae4f538a\/internal_photos\/bs\/2023\/r\/x\/zB8g8BRSAulgJX55hIrQ\/justica.ok.jpeg 1000w, https:\/\/s2.glbimg.com\/8f_YN9__NI1yvi-n_cukahvODEw=\/0x90:720x817\/984x0\/smart\/filters:strip_icc()\/i.s3.glbimg.com\/v1\/AUTH_59edd422c0c84a879bd37670ae4f538a\/internal_photos\/bs\/2023\/r\/x\/zB8g8BRSAulgJX55hIrQ\/justica.ok.jpeg 984w, https:\/\/s2.glbimg.com\/ut5pXZQWOyZi629NV2cAADfLBE4=\/0x90:720x817\/640x0\/smart\/filters:strip_icc()\/i.s3.glbimg.com\/v1\/AUTH_59edd422c0c84a879bd37670ae4f538a\/internal_photos\/bs\/2023\/r\/x\/zB8g8BRSAulgJX55hIrQ\/justica.ok.jpeg 640w, https:\/\/s2.glbimg.com\/KrEV3T-sPJen4DOvQSUA5RCHy3k=\/0x90:720x817\/600x0\/smart\/filters:strip_icc()\/i.s3.glbimg.com\/v1\/AUTH_59edd422c0c84a879bd37670ae4f538a\/internal_photos\/bs\/2023\/r\/x\/zB8g8BRSAulgJX55hIrQ\/justica.ok.jpeg 600w\" alt=\"'A Justi\u00e7a', de Alfredo Ceschiatti, foi pichada \u2014 Foto: Reprodu\u00e7\u00e3o\/Twitter\" \/><\/figure>\n<\/div>\n<p class=\"content-media__description \">&#8216;A Justi\u00e7a&#8217;, de Alfredo Ceschiatti, foi pichada \u2014 Foto: Reprodu\u00e7\u00e3o\/Twitter<\/p>\n<\/div>\n<\/div>\n<\/div>\n<div class=\"mc-column content-text active-extra-styles\" data-block-type=\"raw\" data-block-weight=\"3\" data-block-id=\"10\">\n<div class=\"content-intertitle\">\n<h2>294 seguem presos<\/h2>\n<\/div>\n<\/div>\n<div id=\"chunk-9cs3e\">\n<div class=\"mc-column content-text active-extra-styles \" data-block-type=\"unstyled\" data-block-weight=\"42\" data-block-id=\"11\">\n<p class=\"content-text__container \" data-track-category=\"Link no Texto\" data-track-links=\"\">Nesta quinta (16), o Supremo Tribunal Federal informou que concluiu a an\u00e1lise das pris\u00f5es de todos os suspeitos detidos nos dias seguintes aos atos de terrorismo na Esplanada dos Minist\u00e9rios \u2013 seja em flagrante, seja nas fases anteriores da opera\u00e7\u00e3o Lesa P\u00e1tria.<\/p>\n<\/div>\n<\/div>\n<div id=\"chunk-158ii\">\n<div class=\"mc-column content-text active-extra-styles \" data-block-type=\"unstyled\" data-block-weight=\"36\" data-block-id=\"12\">\n<p class=\"content-text__container \" data-track-category=\"Link no Texto\" data-track-links=\"\">Relator do caso, o ministro Alexandre de Moraes rejeitou os pedidos de liberdade de 86 mulheres e 208 homens que tiveram as condutas consideradas mais gravosas. Com isso, esses\u00a0<strong><span class=\"highlight highlighted\">294 suspeitos foram mantidos em pris\u00e3o preventiva<\/span><\/strong>.<\/p>\n<\/div>\n<\/div>\n<\/div>\n<\/article>\n<\/div>\n","protected":false},"excerpt":{"rendered":"<p>A Pol\u00edcia Federal cumpre nesta sexta-feira (17) 78 mandados em nove estados e no Distrito Federal contra suspeitos de envolvimento nos atos golpistas do dia 8 de janeiro, quando as sedes dos Tr\u00eas Poderes foram alvos de vandalismo e depreda\u00e7\u00e3o em Bras\u00edlia. Ao todo, s\u00e3o 46 mandados de busca e apreens\u00e3o e 32 mandados de [&hellip;]<\/p>\n","protected":false},"author":2,"featured_media":0,"comment_status":"open","ping_status":"open","sticky":false,"template":"","format":"standard","meta":{"_links_to":"","_links_to_target":""},"categories":[7,9,8,1],"tags":[],"_links":{"self":[{"href":"https:\/\/www.ilheusnoticias.net.br\/v1\/wp-json\/wp\/v2\/posts\/31332"}],"collection":[{"href":"https:\/\/www.ilheusnoticias.net.br\/v1\/wp-json\/wp\/v2\/posts"}],"about":[{"href":"https:\/\/www.ilheusnoticias.net.br\/v1\/wp-json\/wp\/v2\/types\/post"}],"author":[{"embeddable":true,"href":"https:\/\/www.ilheusnoticias.net.br\/v1\/wp-json\/wp\/v2\/users\/2"}],"replies":[{"embeddable":true,"href":"https:\/\/www.ilheusnoticias.net.br\/v1\/wp-json\/wp\/v2\/comments?post=31332"}],"version-history":[{"count":1,"href":"https:\/\/www.ilheusnoticias.net.br\/v1\/wp-json\/wp\/v2\/posts\/31332\/revisions"}],"predecessor-version":[{"id":31333,"href":"https:\/\/www.ilheusnoticias.net.br\/v1\/wp-json\/wp\/v2\/posts\/31332\/revisions\/31333"}],"wp:attachment":[{"href":"https:\/\/www.ilheusnoticias.net.br\/v1\/wp-json\/wp\/v2\/media?parent=31332"}],"wp:term":[{"taxonomy":"category","embeddable":true,"href":"https:\/\/www.ilheusnoticias.net.br\/v1\/wp-json\/wp\/v2\/categories?post=31332"},{"taxonomy":"post_tag","embeddable":true,"href":"https:\/\/www.ilheusnoticias.net.br\/v1\/wp-json\/wp\/v2\/tags?post=31332"}],"curies":[{"name":"wp","href":"https:\/\/api.w.org\/{rel}","templated":true}]}}