{"id":31328,"date":"2023-03-17T09:58:09","date_gmt":"2023-03-17T12:58:09","guid":{"rendered":"https:\/\/www.ilheusnoticias.net.br\/v1\/?p=31328"},"modified":"2023-03-17T09:58:09","modified_gmt":"2023-03-17T12:58:09","slug":"programa-bahia-sem-fome-tera-primeira-fase-com-arrecadacao-de-alimentos","status":"publish","type":"post","link":"https:\/\/www.ilheusnoticias.net.br\/v1\/2023\/03\/17\/programa-bahia-sem-fome-tera-primeira-fase-com-arrecadacao-de-alimentos\/","title":{"rendered":"Programa Bahia Sem Fome ter\u00e1 primeira fase com arrecada\u00e7\u00e3o de alimentos"},"content":{"rendered":"<div class=\"PostHeaderIcons metadata-icons\"><img src=\"http:\/\/www.blogdothame.blog.br\/v1\/wp-content\/uploads\/2023\/03\/foto-destaque.jpg\" \/><\/div>\n<div class=\"PostContent\">\n<p>O governador Jer\u00f4nimo Rodrigues reuniu, no in\u00edcio da manh\u00e3 desta quinta-feira (16), o vice-governador Geraldo J\u00fanior, secretariado e gestores de \u00f3rg\u00e3os estaduais para alinhar as primeiras medidas do programa Bahia Sem Fome, iniciativa do Governo do Estado que executar\u00e1 um conjunto de a\u00e7\u00f5es de combate \u00e0 fome. O encontro realizado no audit\u00f3rio do Centro de Opera\u00e7\u00f5es de Intelig\u00eancia (COI) definiu que a etapa inicial do programa concentrar\u00e1 na arrecada\u00e7\u00e3o de alimentos.<\/p>\n<p>\u201cJ\u00e1 tivemos o lan\u00e7amento do programa de combate \u00e0 fome pelo presidente Lula e, aqui na Bahia, n\u00f3s temos o Bahia sem Fome. Sentamos hoje pela manh\u00e3, logo cedo, para organizar a pauta dessa primeira etapa da campanha que n\u00f3s vamos lan\u00e7ar em breve. Ser\u00e1 uma campanha de arrecada\u00e7\u00e3o de alimentos, vamos preparar o formato de recep\u00e7\u00e3o, de divulga\u00e7\u00e3o e depois de entrega desses alimentos. Mas, n\u00f3s teremos tamb\u00e9m outras etapas\u201d, explicou Jer\u00f4nimo.<\/p>\n<p><img src=\"http:\/\/www.blogdothame.blog.br\/v1\/wp-content\/uploads\/2023\/03\/foto-1.jpg\" \/><\/p>\n<p>O governador acrescentou que uma das etapas para institucionalizar o Bahia Sem Fome consiste em preparar um Projeto de Lei que ser\u00e1 enviado para a Assembleia Legislativa da Bahia (Alba). \u201cNo paralelo, outras a\u00e7\u00f5es de responsabilidade tamb\u00e9m do Estado, como entrega de \u00e1gua nas comunidades, e estamos estudando a possibilidade de fazer um complemento ao Bolsa Fam\u00edlia. A inten\u00e7\u00e3o \u00e9 que, at\u00e9 o dia 23 de mar\u00e7o, a gente se prepare para lan\u00e7ar o programa de arrecada\u00e7\u00e3o\u201d, completou.<\/p>\n<\/div>\n","protected":false},"excerpt":{"rendered":"<p>O governador Jer\u00f4nimo Rodrigues reuniu, no in\u00edcio da manh\u00e3 desta quinta-feira (16), o vice-governador Geraldo J\u00fanior, secretariado e gestores de \u00f3rg\u00e3os estaduais para alinhar as primeiras medidas do programa Bahia Sem Fome, iniciativa do Governo do Estado que executar\u00e1 um conjunto de a\u00e7\u00f5es de combate \u00e0 fome. O encontro realizado no audit\u00f3rio do Centro de [&hellip;]<\/p>\n","protected":false},"author":2,"featured_media":0,"comment_status":"open","ping_status":"open","sticky":false,"template":"","format":"standard","meta":{"_links_to":"","_links_to_target":""},"categories":[7,9,8,1],"tags":[],"_links":{"self":[{"href":"https:\/\/www.ilheusnoticias.net.br\/v1\/wp-json\/wp\/v2\/posts\/31328"}],"collection":[{"href":"https:\/\/www.ilheusnoticias.net.br\/v1\/wp-json\/wp\/v2\/posts"}],"about":[{"href":"https:\/\/www.ilheusnoticias.net.br\/v1\/wp-json\/wp\/v2\/types\/post"}],"author":[{"embeddable":true,"href":"https:\/\/www.ilheusnoticias.net.br\/v1\/wp-json\/wp\/v2\/users\/2"}],"replies":[{"embeddable":true,"href":"https:\/\/www.ilheusnoticias.net.br\/v1\/wp-json\/wp\/v2\/comments?post=31328"}],"version-history":[{"count":1,"href":"https:\/\/www.ilheusnoticias.net.br\/v1\/wp-json\/wp\/v2\/posts\/31328\/revisions"}],"predecessor-version":[{"id":31329,"href":"https:\/\/www.ilheusnoticias.net.br\/v1\/wp-json\/wp\/v2\/posts\/31328\/revisions\/31329"}],"wp:attachment":[{"href":"https:\/\/www.ilheusnoticias.net.br\/v1\/wp-json\/wp\/v2\/media?parent=31328"}],"wp:term":[{"taxonomy":"category","embeddable":true,"href":"https:\/\/www.ilheusnoticias.net.br\/v1\/wp-json\/wp\/v2\/categories?post=31328"},{"taxonomy":"post_tag","embeddable":true,"href":"https:\/\/www.ilheusnoticias.net.br\/v1\/wp-json\/wp\/v2\/tags?post=31328"}],"curies":[{"name":"wp","href":"https:\/\/api.w.org\/{rel}","templated":true}]}}