{"id":31324,"date":"2023-03-17T09:53:13","date_gmt":"2023-03-17T12:53:13","guid":{"rendered":"https:\/\/www.ilheusnoticias.net.br\/v1\/?p=31324"},"modified":"2023-03-17T09:53:13","modified_gmt":"2023-03-17T12:53:13","slug":"prefeito-mario-alexandre-e-vice-bebeto-galvao-visitam-obras-da-escola-de-tempo-integral-no-csu","status":"publish","type":"post","link":"https:\/\/www.ilheusnoticias.net.br\/v1\/2023\/03\/17\/prefeito-mario-alexandre-e-vice-bebeto-galvao-visitam-obras-da-escola-de-tempo-integral-no-csu\/","title":{"rendered":"Prefeito M\u00e1rio Alexandre e vice Bebeto Galv\u00e3o visitam obras da escola de tempo integral no CSU"},"content":{"rendered":"<p>&nbsp;<\/p>\n<div class=\"imagem thumbnail col-xs-12 col-sm-8 col-md-6 col-lg-6 imagem-materia\"><a class=\"fresco\" title=\"\" href=\"https:\/\/portalfacilarquivos.blob.core.windows.net\/uploads\/ILHEUS\/imgOrig\/%7BEC444A18-EADD-2EBE-D4BC-C720BCA3D46B%7D.jpg\" data-fresco-caption=\"\"><img loading=\"lazy\" title=\"\" src=\"https:\/\/portalfacilarquivos.blob.core.windows.net\/uploads\/ILHEUS\/img\/%7BEC444A18-EADD-2EBE-D4BC-C720BCA3D46B%7D\/%7BEC444A18-EADD-2EBE-D4BC-C720BCA3D46B%7D_650X450.jpg\" alt=\"visita; csu; zona norte; escola de tempo integral\" width=\"650\" height=\"450\" \/><\/a><\/p>\n<p class=\"bg-primary\">Uma estrutura gigantesca que representa um divisor de \u00e1guas para a Educa\u00e7\u00e3o em Ilh\u00e9us. A escola de tempo integral, erguida no Centro Social Urbano (CSU), na Barra do Ita\u00edpe, \u00e9 mais um investimento promissor para a cidade, fruto da parceria exitosa com o Governo do Estado.<\/p>\n<\/div>\n<p>Acompanhado do vice-prefeito Bebeto Galv\u00e3o, secret\u00e1rios, vereadores e lideran\u00e7as comunit\u00e1rias, o prefeito M\u00e1rio Alexandre conferiu na tarde da \u00faltima quinta-feira (16), o andamento das obras e os servi\u00e7os realizados em todo o entorno.<\/p>\n<p>&nbsp;<\/p>\n<div class=\"imagem thumbnail col-xs-12 col-sm-8 col-md-6 col-lg-6 imagem-materia\"><a class=\"fresco\" title=\"\" href=\"https:\/\/portalfacilarquivos.blob.core.windows.net\/uploads\/ILHEUS\/imgOrig\/%7B7D7BB1EC-CB8E-24DB-7BBB-D1A1AA1EC3ED%7D.jpg\" data-fresco-caption=\"\"><img loading=\"lazy\" title=\"\" src=\"https:\/\/portalfacilarquivos.blob.core.windows.net\/uploads\/ILHEUS\/img\/%7B7D7BB1EC-CB8E-24DB-7BBB-D1A1AA1EC3ED%7D\/%7B7D7BB1EC-CB8E-24DB-7BBB-D1A1AA1EC3ED%7D_650X450.jpg\" alt=\"CSU; escola de tempo ; asfalto\" width=\"650\" height=\"450\" \/><\/a><\/p>\n<p class=\"bg-primary\">\u201cMelhoramos o acesso ao CSU com um novo asfalto e requalifica\u00e7\u00e3o da pracinha em frente \u00e0 escola. Aproveitamos para discutir sobre a constru\u00e7\u00e3o de mais uma escola municipal e um posto de sa\u00fade na localidade. Gra\u00e7as a Deus, com muito trabalho e dentro dessa parceria com o Governo do Estado, n\u00f3s atendemos as necessidades do nosso povo da Zona Norte. Agrade\u00e7o ao governador Jer\u00f4nimo por priorizar as nossas demandas, dando continuidade ao trabalho iniciado pelo amigo e companheiro Rui Costa\u201d, declarou M\u00e1rio Alexandre.<\/p>\n<\/div>\n<p>A unidade educacional conta com 24 salas de aula, infraestrutura moderna, laborat\u00f3rios, biblioteca, audit\u00f3rio e sala multifuncional. O projeto prev\u00ea ainda a constru\u00e7\u00e3o de uma quadra poliesportiva coberta com arquibancada, campo de futebol society e piscina semiol\u00edmpica.<\/p>\n<div class=\"imagem thumbnail col-xs-12 col-sm-8 col-md-6 col-lg-6 imagem-materia\"><a class=\"fresco\" title=\"\" href=\"https:\/\/portalfacilarquivos.blob.core.windows.net\/uploads\/ILHEUS\/imgOrig\/%7BAE50E5EB-270E-00A1-D8C5-BDE4EDCABD6A%7D.jpg\" data-fresco-caption=\"\"><img loading=\"lazy\" title=\"\" src=\"https:\/\/portalfacilarquivos.blob.core.windows.net\/uploads\/ILHEUS\/img\/%7BAE50E5EB-270E-00A1-D8C5-BDE4EDCABD6A%7D\/%7BAE50E5EB-270E-00A1-D8C5-BDE4EDCABD6A%7D_650X450.jpg\" alt=\"CSU; escola de tempo integral; pra\u00e7a\" width=\"650\" height=\"450\" \/><\/a><\/p>\n<p class=\"bg-primary\">Conforme a Secretaria de Educa\u00e7\u00e3o da Bahia (SEC BA), a unidade vai receber os estudantes matriculados no Ensino M\u00e9dio, oriundos de outras escolas da rede p\u00fablica estadual.<\/p>\n<\/div>\n<p>Inserido nesse rol de melhorias, o Centro Estadual de Educa\u00e7\u00e3o Profissional do Chocolate Nelson Schaun (CEEP do Chocolate) passou por reforma e amplia\u00e7\u00e3o, que inclu\u00edram constru\u00e7\u00e3o de salas, refeit\u00f3rio, piscina semiol\u00edmpica, campo society, pista de atletismo e cobertura da quadra poliesportiva. A expans\u00e3o vai beneficiar os mais de 1.800 estudantes deste estabelecimento de ensino.<\/p>\n","protected":false},"excerpt":{"rendered":"<p>&nbsp; Uma estrutura gigantesca que representa um divisor de \u00e1guas para a Educa\u00e7\u00e3o em Ilh\u00e9us. A escola de tempo integral, erguida no Centro Social Urbano (CSU), na Barra do Ita\u00edpe, \u00e9 mais um investimento promissor para a cidade, fruto da parceria exitosa com o Governo do Estado. Acompanhado do vice-prefeito Bebeto Galv\u00e3o, secret\u00e1rios, vereadores e [&hellip;]<\/p>\n","protected":false},"author":2,"featured_media":0,"comment_status":"open","ping_status":"open","sticky":false,"template":"","format":"standard","meta":{"_links_to":"","_links_to_target":""},"categories":[7,9,8,1],"tags":[],"_links":{"self":[{"href":"https:\/\/www.ilheusnoticias.net.br\/v1\/wp-json\/wp\/v2\/posts\/31324"}],"collection":[{"href":"https:\/\/www.ilheusnoticias.net.br\/v1\/wp-json\/wp\/v2\/posts"}],"about":[{"href":"https:\/\/www.ilheusnoticias.net.br\/v1\/wp-json\/wp\/v2\/types\/post"}],"author":[{"embeddable":true,"href":"https:\/\/www.ilheusnoticias.net.br\/v1\/wp-json\/wp\/v2\/users\/2"}],"replies":[{"embeddable":true,"href":"https:\/\/www.ilheusnoticias.net.br\/v1\/wp-json\/wp\/v2\/comments?post=31324"}],"version-history":[{"count":1,"href":"https:\/\/www.ilheusnoticias.net.br\/v1\/wp-json\/wp\/v2\/posts\/31324\/revisions"}],"predecessor-version":[{"id":31325,"href":"https:\/\/www.ilheusnoticias.net.br\/v1\/wp-json\/wp\/v2\/posts\/31324\/revisions\/31325"}],"wp:attachment":[{"href":"https:\/\/www.ilheusnoticias.net.br\/v1\/wp-json\/wp\/v2\/media?parent=31324"}],"wp:term":[{"taxonomy":"category","embeddable":true,"href":"https:\/\/www.ilheusnoticias.net.br\/v1\/wp-json\/wp\/v2\/categories?post=31324"},{"taxonomy":"post_tag","embeddable":true,"href":"https:\/\/www.ilheusnoticias.net.br\/v1\/wp-json\/wp\/v2\/tags?post=31324"}],"curies":[{"name":"wp","href":"https:\/\/api.w.org\/{rel}","templated":true}]}}