{"id":31320,"date":"2023-03-16T11:48:27","date_gmt":"2023-03-16T14:48:27","guid":{"rendered":"https:\/\/www.ilheusnoticias.net.br\/v1\/?p=31320"},"modified":"2023-03-16T11:48:27","modified_gmt":"2023-03-16T14:48:27","slug":"anderson-torres-presta-depoimento-em-acao-no-tse-que-pode-tornar-bolsonaro-inelegivel","status":"publish","type":"post","link":"https:\/\/www.ilheusnoticias.net.br\/v1\/2023\/03\/16\/anderson-torres-presta-depoimento-em-acao-no-tse-que-pode-tornar-bolsonaro-inelegivel\/","title":{"rendered":"Anderson Torres presta depoimento em a\u00e7\u00e3o no TSE que pode tornar Bolsonaro ineleg\u00edvel"},"content":{"rendered":"<div class=\"row content-head non-featured \" style=\"box-sizing: inherit; margin: 64px auto 0px; padding: 0px; border: 0px; font-variant-numeric: inherit; font-variant-east-asian: inherit; font-variant-alternates: inherit; font-stretch: inherit; font-size: 18px; line-height: inherit; font-family: var(--font-family-display),var(--font-family-display-fallback); font-optical-sizing: inherit; font-kerning: inherit; font-feature-settings: inherit; font-variation-settings: inherit; vertical-align: initial; max-width: 85rem; width: 55.5rem; color: #333333; background-color: #ffffff;\">\n<div class=\"title\" style=\"box-sizing: inherit; margin: 0px; padding: 0px; border: 0px; font: inherit; vertical-align: initial;\" data-block-type=\"title\" data-block-id=\"0\">\n<h1 class=\"content-head__title\" style=\"box-sizing: inherit; margin: 0px; padding: 0px; border: 0px; font-style: inherit; font-variant: inherit; font-weight: var(--font-weight-bold); font-stretch: inherit; font-size: var(--font-size-110-responsive-display); line-height: var(--font-line-height-compact); font-family: var(--font-family-display),var(--font-family-display-fallback); font-optical-sizing: inherit; font-kerning: inherit; font-feature-settings: var(--font-feature-settings-display-roman); font-variation-settings: var(--font-variation-settings-display-normal-roman); vertical-align: initial; color: #111111; letter-spacing: var(--font-size-110-responsive-display-letter-spacing);\"><span style=\"color: #555555; font-family: var(--font-family-book),var(--font-family-book-fallback); font-size: var(--font-size-60-responsive-book); font-style: inherit; font-variant-ligatures: inherit; font-variant-caps: inherit; font-weight: inherit; letter-spacing: var(--font-size-60-responsive-book-letter-spacing);\">Procedimento apura conduta de ex-presidente em reuni\u00e3o com embaixadores, na qual questionou urnas e sistema eleitoral sem provas. TV Globo apurou que ex-ministro respondeu \u00e0s perguntas sobre minuta de decreto golpista.<\/span><\/h1>\n<\/div>\n<\/div>\n<div class=\"content__signa-share\" style=\"box-sizing: inherit; margin: 0px auto; padding: 0px; border: 0px; font-variant-numeric: inherit; font-variant-east-asian: inherit; font-variant-alternates: inherit; font-stretch: inherit; font-size: 18px; line-height: inherit; font-family: opensans, helvetica, arial, sans-serif; font-optical-sizing: inherit; font-kerning: inherit; font-feature-settings: inherit; font-variation-settings: inherit; vertical-align: initial; width: 55.5rem; display: flex; justify-content: space-between; color: #333333; background-color: #ffffff;\">\n<div class=\"content__signature\" style=\"box-sizing: inherit; margin: 2.5rem 2.5rem 2.5rem 0px; padding: 0px; border: 0px; font-style: inherit; font-variant: inherit; font-weight: inherit; font-stretch: inherit; font-size: inherit; line-height: inherit; font-family: var(--font-family-display),var(--font-family-display-fallback); font-optical-sizing: inherit; font-kerning: inherit; font-feature-settings: inherit; font-variation-settings: inherit; vertical-align: initial; display: flex;\">\n<div class=\"content-publication-data\" style=\"box-sizing: inherit; margin: 0px; padding: 0px; border: 0px; font: inherit; vertical-align: initial; display: flex; align-items: center;\">\n<div class=\"content-publication-data__text\" style=\"box-sizing: inherit; margin: 0px; padding: 0px; border: 0px; font: inherit; vertical-align: initial;\">\n<p class=\"content-publication-data__from\" style=\"box-sizing: inherit; margin: 0 0 var(--spacing-20); padding: 0px; border: 0px; font-style: inherit; font-variant: inherit; font-weight: var(--font-weight-bold); font-stretch: inherit; font-size: var(--font-size-40-responsive-book); line-height: var(--font-line-height-compact); font-family: var(--font-family-book),var(--font-family-book-fallback); font-optical-sizing: inherit; font-kerning: inherit; font-feature-settings: var(--font-feature-settings-book-roman); font-variation-settings: var(--font-variation-settings-book-normal-roman); vertical-align: initial; color: #555555; letter-spacing: var(--font-size-40-responsive-book-letter-spacing);\" title=\"Luiz Felipe Barbi\u00e9ri e M\u00e1rcio Falc\u00e3o, g1 e TV Globo\">Por Luiz Felipe Barbi\u00e9ri e M\u00e1rcio Falc\u00e3o, g1 e TV Globo<\/p>\n<p class=\"content-publication-data__updated\" style=\"box-sizing: inherit; margin: 0px; padding: 0px; border: 0px; font-style: inherit; font-variant: inherit; font-weight: inherit; font-stretch: inherit; font-size: var(--font-size-40-responsive-book); line-height: inherit; font-family: var(--font-family-book),var(--font-family-book-fallback); font-optical-sizing: inherit; font-kerning: inherit; font-feature-settings: var(--font-feature-settings-book-roman); font-variation-settings: var(--font-variation-settings-book-normal-roman); vertical-align: initial; color: #555555; letter-spacing: var(--font-size-40-responsive-book-letter-spacing);\"><time style=\"box-sizing: inherit; margin: 0px; padding: 0px; border: 0px; font: inherit; vertical-align: initial;\" datetime=\"2023-03-16T14:00:19.032Z\">16\/03\/2023 11h00\u00a0<\/time><span class=\"content-publication-data__updated-relative\" style=\"box-sizing: inherit; margin: 0px; padding: 0px; border: 0px; font: inherit; vertical-align: initial; opacity: 1; transition: opacity 0.2s ease-in-out 0s;\">\u00a0<time style=\"box-sizing: inherit; margin: 0px; padding: 0px; border: 0px; font: inherit; vertical-align: initial;\" datetime=\"2023-03-16T14:30:15.553Z\">Atualizado\u00a0<time style=\"box-sizing: inherit; margin: 0px; padding: 0px; border: 0px; font: inherit; vertical-align: initial;\" datetime=\"2023-03-16T14:30:15.553Z\">h\u00e1 16 minutos<\/time><\/time><\/span><\/p>\n<\/div>\n<\/div>\n<\/div>\n<div class=\"content__share-bar content__share-bar--cloned\" style=\"box-sizing: inherit; margin: 2.5rem -0.8125rem; padding: 0px; border: 0px; font: inherit; vertical-align: initial; height: 3rem; min-width: 18rem; display: flex; align-items: center; justify-content: flex-end;\" data-position=\"upper\"><\/div>\n<\/div>\n<hr class=\"content__divider \" style=\"box-sizing: inherit; border-right: 0px; border-bottom: 0px; border-left: 0px; border-image: initial; border-top-style: solid; border-top-color: #cccccc; margin: 0px auto 4rem; width: 55.5rem; color: #333333; font-family: opensans, helvetica, arial, sans-serif; font-size: 18px; background-color: #ffffff;\" \/>\n<div class=\"mc-article-body\" style=\"box-sizing: inherit; margin: 0px; padding: 0px; border: 0px; font-variant-numeric: inherit; font-variant-east-asian: inherit; font-variant-alternates: inherit; font-stretch: inherit; font-size: 18px; line-height: inherit; font-family: opensans, helvetica, arial, sans-serif; font-optical-sizing: inherit; font-kerning: inherit; font-feature-settings: inherit; font-variation-settings: inherit; vertical-align: initial; color: #333333; background-color: #ffffff;\">\n<article style=\"box-sizing: inherit; margin: 0px; padding: 0px; border: 0px; font: inherit; vertical-align: initial;\">\n<div id=\"chunk-9f22e\" style=\"box-sizing: inherit; margin: 0px; padding: 0px; border: 0px; font: inherit; vertical-align: initial;\">\n<div class=\"row medium-uncollapsed content-media content-photo\" style=\"box-sizing: inherit; margin: 2.5rem auto; padding: 0px; border: 0px; font: inherit; vertical-align: initial; max-width: 85rem; clear: both;\" data-block-type=\"backstage-photo\" data-block-id=\"1\">\n<div class=\"mc-column content-media__container\" style=\"box-sizing: inherit; margin: 0px auto; padding: 0px 1rem; border: 0px; font: inherit; vertical-align: initial; max-width: 42.5rem; width: 680px; float: none;\">\n<div class=\"content-media-container glb-skeleton-box\" style=\"box-sizing: inherit; margin: 0px; padding: 431.992px 0px 0px; border: 0px; font: inherit; vertical-align: initial; --skeleton-beam: linear-gradient(90deg,rgba(255,255,255,0) 0,rgba(255,255,255,0.7) 50%,rgba(255,255,255,0) 100%); width: var(--skeleton-width,100px); min-height: var(--skeleton-height,100px); background-color: #eeeeee; background-image: var(--skeleton-beam); background-size: 95% 100%; background-repeat: no-repeat; background-position: -1596.06% 0px; animation: 1s linear 0s infinite normal none running bg-skeleton-box; position: relative; --skeleton-width: 100%; --skeleton-height: auto;\">\n<figure class=\"content-media-figure\" style=\"box-sizing: inherit; margin: 0px; padding: 0px; border: 0px; font: inherit; vertical-align: initial; position: absolute; left: 0px; top: 0px; width: 648.008px; height: auto;\"><img class=\"i-amphtml-fill-content i-amphtml-replaced-content\" style=\"box-sizing: inherit; margin: auto; padding: 0px !important; border: none !important; font: inherit; vertical-align: initial; display: block; height: 0px; max-height: 100%; max-width: 100%; min-height: 100%; min-width: 100%; width: 0px; position: absolute; inset: 0px;\" src=\"https:\/\/s2.glbimg.com\/GOyxNwQTNAqmvxFt1pKlA3YjChk=\/0x0:2313x1542\/984x0\/smart\/filters:strip_icc()\/i.s3.glbimg.com\/v1\/AUTH_59edd422c0c84a879bd37670ae4f538a\/internal_photos\/bs\/2023\/B\/E\/tnCxiJTtqXjDb1VNcmvA\/2023-01-11t100805z-1601388385-rc2jsu9493ai-rtrmadp-3-brazil-politics-security.jpg\" sizes=\"(max-width: 1707px) 648px, 100vw\" srcset=\"https:\/\/s2.glbimg.com\/7snI-Hk-iFj8vfGheXDkA55CLSo=\/0x0:2313x1542\/1000x0\/smart\/filters:strip_icc()\/i.s3.glbimg.com\/v1\/AUTH_59edd422c0c84a879bd37670ae4f538a\/internal_photos\/bs\/2023\/B\/E\/tnCxiJTtqXjDb1VNcmvA\/2023-01-11t100805z-1601388385-rc2jsu9493ai-rtrmadp-3-brazil-politics-security.jpg 1000w, https:\/\/s2.glbimg.com\/GOyxNwQTNAqmvxFt1pKlA3YjChk=\/0x0:2313x1542\/984x0\/smart\/filters:strip_icc()\/i.s3.glbimg.com\/v1\/AUTH_59edd422c0c84a879bd37670ae4f538a\/internal_photos\/bs\/2023\/B\/E\/tnCxiJTtqXjDb1VNcmvA\/2023-01-11t100805z-1601388385-rc2jsu9493ai-rtrmadp-3-brazil-politics-security.jpg 984w, https:\/\/s2.glbimg.com\/MmctQQBLAPb4Wc8RgzPj4bDtCNY=\/0x0:2313x1542\/640x0\/smart\/filters:strip_icc()\/i.s3.glbimg.com\/v1\/AUTH_59edd422c0c84a879bd37670ae4f538a\/internal_photos\/bs\/2023\/B\/E\/tnCxiJTtqXjDb1VNcmvA\/2023-01-11t100805z-1601388385-rc2jsu9493ai-rtrmadp-3-brazil-politics-security.jpg 640w, https:\/\/s2.glbimg.com\/UkH8gThB60NU6GSmDj2Ii4_bRko=\/0x0:2313x1542\/600x0\/smart\/filters:strip_icc()\/i.s3.glbimg.com\/v1\/AUTH_59edd422c0c84a879bd37670ae4f538a\/internal_photos\/bs\/2023\/B\/E\/tnCxiJTtqXjDb1VNcmvA\/2023-01-11t100805z-1601388385-rc2jsu9493ai-rtrmadp-3-brazil-politics-security.jpg 600w\" alt=\"Anderson Torres em foto de 15 de junho de 2022, quando ainda era ministro da Justi\u00e7a do governo Bolsonaro. \u2014 Foto:  REUTERS\/Adriano Machado\/File Photo\" \/><\/figure>\n<\/div>\n<p class=\"content-media__description \" style=\"box-sizing: inherit; margin: 1rem 0px 0px; padding: 0px; border: 0px; font-style: inherit; font-variant: inherit; font-weight: inherit; font-stretch: inherit; font-size: 0.75rem; line-height: 1rem; font-family: inherit; font-optical-sizing: inherit; font-kerning: inherit; font-feature-settings: inherit; font-variation-settings: inherit; vertical-align: initial; color: #555555;\">Anderson Torres em foto de 15 de junho de 2022, quando ainda era ministro da Justi\u00e7a do governo Bolsonaro. \u2014 Foto: REUTERS\/Adriano Machado\/File Photo<\/p>\n<\/div>\n<\/div>\n<\/div>\n<div id=\"chunk-2o7em\" style=\"box-sizing: inherit; margin: 0px; padding: 0px; border: 0px; font: inherit; vertical-align: initial;\">\n<div class=\"mc-column mc-side-item__container\" style=\"box-sizing: inherit; margin: 0px auto; padding: 0px 1rem; border: 0px; font: inherit; vertical-align: initial; max-width: none; width: 1600px; float: none; position: relative; top: 0.5rem;\" data-block-type=\"ads\" data-block-id=\"2\">\n<div class=\"mc-side-item mc-side-item--right content-ads content-ads--side-ad\" style=\"box-sizing: inherit; margin: 0px 391.992px 0px 65.332px; padding: 0px; border: 0px; font: inherit; vertical-align: initial; float: right; width: 300px; height: 280px;\">\n<div id=\"banner_materia1\" class=\"tag-manager-publicidade-container tag-manager-publicidade-banner_materia1 tag-manager-publicidade-container--carregado tag-manager-publicidade-container--visivel\" style=\"box-sizing: inherit; margin: 0px 0px 30px; padding: 0px; border: 0px; font: inherit; vertical-align: initial; position: relative; background-clip: content-box; background-color: #efefef;\" data-google-query-id=\"CKfF6bXY4P0CFSpPuAQdm6MJBw\">\n<div id=\"google_ads_iframe_\/95377733\/tvg_G1\/Politica_0__container__\" style=\"box-sizing: inherit; margin: auto; padding: 0px; border: 0pt none; font: inherit; vertical-align: initial; text-align: center; width: 300px; height: 250px;\"><iframe id=\"google_ads_iframe_\/95377733\/tvg_G1\/Politica_0\" style=\"box-sizing: inherit; margin: 0px; padding: 0px; border-width: 0px; border-style: initial; font: inherit; vertical-align: bottom;\" tabindex=\"0\" title=\"3rd party ad content\" role=\"region\" name=\"google_ads_iframe_\/95377733\/tvg_G1\/Politica_0\" width=\"300\" height=\"250\" frameborder=\"0\" marginwidth=\"0\" marginheight=\"0\" scrolling=\"no\" aria-label=\"Advertisement\" data-load-complete=\"true\" data-google-container-id=\"1\"><\/iframe><\/div>\n<\/div>\n<\/div>\n<\/div>\n<\/div>\n<div id=\"chunk-6r7ua\" style=\"box-sizing: inherit; margin: 0px; padding: 0px; border: 0px; font: inherit; vertical-align: initial;\">\n<div class=\"mc-column content-text active-extra-styles \" style=\"box-sizing: inherit; padding: 0px 1rem; border: 0px; font-style: inherit; font-variant: inherit; font-weight: inherit; font-stretch: inherit; font-size: var(--font-size-60-responsive-book); line-height: var(--font-line-height-spaced); font-family: var(--font-family-book),var(--font-family-book-fallback); font-optical-sizing: inherit; font-kerning: inherit; font-feature-settings: var(--font-feature-settings-book-roman); font-variation-settings: var(--font-variation-settings-book-normal-roman); vertical-align: initial; max-width: 42.5rem; width: 680px; float: none; letter-spacing: var(--font-size-60-responsive-book-letter-spacing); overflow-wrap: break-word; margin: 0px auto var(--spacing-50) auto;\" data-block-type=\"unstyled\" data-block-weight=\"33\" data-block-id=\"3\">\n<p class=\"content-text__container \" style=\"box-sizing: inherit; margin: 0px; padding: 0px; border: 0px; font: inherit; vertical-align: initial;\" data-track-category=\"Link no Texto\" data-track-links=\"\">O ex-ministro da Justi\u00e7a\u00a0<a class=\"\" style=\"box-sizing: inherit; margin: 0px; padding: 0px; border: 0px; font-style: inherit; font-variant: inherit; font-weight: var(--font-weight-bold); font-stretch: inherit; font-size: inherit; line-height: inherit; font-family: inherit; font-optical-sizing: inherit; font-kerning: inherit; font-feature-settings: inherit; font-variation-settings: inherit; vertical-align: initial; text-decoration-line: none; color: #c4170c;\" href=\"https:\/\/g1.globo.com\/tudo-sobre\/anderson-torres\/\">Anderson Torres<\/a>\u00a0prestou depoimento, nesta quinta-feira (16), no \u00e2mbito de uma a\u00e7\u00e3o que tramita no\u00a0<a class=\"\" style=\"box-sizing: inherit; margin: 0px; padding: 0px; border: 0px; font-style: inherit; font-variant: inherit; font-weight: var(--font-weight-bold); font-stretch: inherit; font-size: inherit; line-height: inherit; font-family: inherit; font-optical-sizing: inherit; font-kerning: inherit; font-feature-settings: inherit; font-variation-settings: inherit; vertical-align: initial; text-decoration-line: none; color: #c4170c;\" href=\"https:\/\/g1.globo.com\/tudo-sobre\/tribunal-superior-eleitoral\/\">Tribunal Superior Eleitoral<\/a>\u00a0(TSE) e que pode tornar o ex-presidente Jair Bolsonaro (PL) ineleg\u00edvel.<\/p>\n<\/div>\n<\/div>\n<div class=\"wall protected-content\" style=\"box-sizing: inherit; margin: 0px; padding: 0px; border: 0px; font: inherit; vertical-align: initial;\">\n<div id=\"chunk-88bct\" style=\"box-sizing: inherit; margin: 0px; padding: 0px; border: 0px; font: inherit; vertical-align: initial;\">\n<div class=\"mc-column content-text active-extra-styles \" style=\"box-sizing: inherit; padding: 0px 1rem; border: 0px; font-style: inherit; font-variant: inherit; font-weight: inherit; font-stretch: inherit; font-size: var(--font-size-60-responsive-book); line-height: var(--font-line-height-spaced); font-family: var(--font-family-book),var(--font-family-book-fallback); font-optical-sizing: inherit; font-kerning: inherit; font-feature-settings: var(--font-feature-settings-book-roman); font-variation-settings: var(--font-variation-settings-book-normal-roman); vertical-align: initial; max-width: 42.5rem; width: 680px; float: none; letter-spacing: var(--font-size-60-responsive-book-letter-spacing); overflow-wrap: break-word; margin: 0px auto var(--spacing-50) auto;\" data-block-type=\"unstyled\" data-block-weight=\"35\" data-block-id=\"4\">\n<p class=\"content-text__container \" style=\"box-sizing: inherit; margin: 0px; padding: 0px; border: 0px; font: inherit; vertical-align: initial;\" data-track-category=\"Link no Texto\" data-track-links=\"\">A A\u00e7\u00e3o de Investiga\u00e7\u00e3o Judicial Eleitoral (AIJE),\u00a0<a class=\"\" style=\"box-sizing: inherit; margin: 0px; padding: 0px; border: 0px; font-style: inherit; font-variant: inherit; font-weight: var(--font-weight-bold); font-stretch: inherit; font-size: inherit; line-height: inherit; font-family: inherit; font-optical-sizing: inherit; font-kerning: inherit; font-feature-settings: inherit; font-variation-settings: inherit; vertical-align: initial; text-decoration-line: none; color: #c4170c;\" href=\"https:\/\/g1.globo.com\/politica\/eleicoes\/2022\/noticia\/2022\/08\/22\/pdt-aciona-tse-contra-bolsonaro-e-braga-netto-por-pedidos-de-voto-em-live-no-planalto.ghtml\">apresentada pelo PDT<\/a>, questiona uma\u00a0<a class=\"\" style=\"box-sizing: inherit; margin: 0px; padding: 0px; border: 0px; font-style: inherit; font-variant: inherit; font-weight: var(--font-weight-bold); font-stretch: inherit; font-size: inherit; line-height: inherit; font-family: inherit; font-optical-sizing: inherit; font-kerning: inherit; font-feature-settings: inherit; font-variation-settings: inherit; vertical-align: initial; text-decoration-line: none; color: #c4170c;\" href=\"https:\/\/g1.globo.com\/politica\/noticia\/2022\/07\/18\/bolsonaro-reune-embaixadores-para-repetir-sem-provas-suspeitas-ja-esclarecidas-sobre-urnas.ghtml\">reuni\u00e3o que Bolsonaro fez com embaixadores<\/a>, em julho de 2022, na qual realizou ataques sem provas \u00e0s urnas eletr\u00f4nicas e ao sistema eleitoral.<\/p>\n<\/div>\n<\/div>\n<div id=\"chunk-19ug2\" style=\"box-sizing: inherit; margin: 0px; padding: 0px; border: 0px; font: inherit; vertical-align: initial;\">\n<div class=\"mc-column content-text active-extra-styles \" style=\"box-sizing: inherit; padding: 0px 1rem; border: 0px; font-style: inherit; font-variant: inherit; font-weight: inherit; font-stretch: inherit; font-size: var(--font-size-60-responsive-book); line-height: var(--font-line-height-spaced); font-family: var(--font-family-book),var(--font-family-book-fallback); font-optical-sizing: inherit; font-kerning: inherit; font-feature-settings: var(--font-feature-settings-book-roman); font-variation-settings: var(--font-variation-settings-book-normal-roman); vertical-align: initial; max-width: 42.5rem; width: 680px; float: none; letter-spacing: var(--font-size-60-responsive-book-letter-spacing); overflow-wrap: break-word; margin: 0px auto var(--spacing-50) auto;\" data-block-type=\"unstyled\" data-block-weight=\"2\" data-block-id=\"5\">\n<p class=\"content-text__container \" style=\"box-sizing: inherit; margin: 0px; padding: 0px; border: 0px; font: inherit; vertical-align: initial;\" data-track-category=\"Link no Texto\" data-track-links=\"\"><span style=\"box-sizing: inherit; margin: 0px; padding: 0px; border: 0px; font-style: inherit; font-variant: inherit; font-weight: var(--font-weight-bold); font-stretch: inherit; font-size: inherit; line-height: inherit; font-family: inherit; font-optical-sizing: inherit; font-kerning: inherit; font-feature-settings: inherit; font-variation-settings: inherit; vertical-align: initial;\">LEIA TAMB\u00c9M:<\/span><\/p>\n<\/div>\n<\/div>\n<div class=\"mc-column content-text active-extra-styles\" style=\"box-sizing: inherit; padding: 0px 1rem; border: 0px; font-style: inherit; font-variant: inherit; font-weight: inherit; font-stretch: inherit; font-size: var(--font-size-60-responsive-book); line-height: var(--font-line-height-spaced); font-family: var(--font-family-book),var(--font-family-book-fallback); font-optical-sizing: inherit; font-kerning: inherit; font-feature-settings: var(--font-feature-settings-book-roman); font-variation-settings: var(--font-variation-settings-book-normal-roman); vertical-align: initial; max-width: 42.5rem; width: 680px; float: none; letter-spacing: var(--font-size-60-responsive-book-letter-spacing); overflow-wrap: break-word; margin: 0px auto var(--spacing-50) auto;\" data-block-type=\"raw\" data-block-weight=\"49\" data-block-id=\"6\">\n<p class=\"content-text__container\" style=\"box-sizing: inherit; margin: 0px; padding: 0px; border: 0px; font: inherit; vertical-align: initial;\">\n<ul class=\"content-unordered-list\" style=\"box-sizing: inherit; margin: 0px; padding: 0px; border: 0px; font: inherit; vertical-align: initial; list-style: none;\">\n<li style=\"box-sizing: inherit; border: 0px; font-style: inherit; font-variant: inherit; font-weight: inherit; font-stretch: inherit; font-size: var(--font-size-60-responsive-book); line-height: inherit; font-family: var(--font-family-book),var(--font-family-book-fallback); font-optical-sizing: inherit; font-kerning: inherit; font-feature-settings: var(--font-feature-settings-book-roman); font-variation-settings: var(--font-variation-settings-book-normal-roman); vertical-align: initial; position: relative; letter-spacing: var(--font-size-60-responsive-book-letter-spacing); padding: 0px 0px 0px var(--spacing-50); margin: 0px 0px var(--spacing-30) 0px;\"><a class=\"\" style=\"box-sizing: inherit; margin: 0px; padding: 0px; border: 0px; font-style: inherit; font-variant: inherit; font-weight: var(--font-weight-bold); font-stretch: inherit; font-size: inherit; line-height: inherit; font-family: inherit; font-optical-sizing: inherit; font-kerning: inherit; font-feature-settings: inherit; font-variation-settings: inherit; vertical-align: initial; text-decoration-line: none; color: #c4170c;\" href=\"https:\/\/g1.globo.com\/politica\/noticia\/2023\/01\/13\/o-que-e-estado-de-defesa-e-por-que-a-minuta-de-anderson-torres-pode-ser-considerada-golpista-e-inconstitucional.ghtml\">O que \u00e9 estado de defesa e por que a minuta de Anderson Torres pode ser considerada golpista e inconstitucional<\/a><\/li>\n<li style=\"box-sizing: inherit; border: 0px; font-style: inherit; font-variant: inherit; font-weight: inherit; font-stretch: inherit; font-size: var(--font-size-60-responsive-book); line-height: inherit; font-family: var(--font-family-book),var(--font-family-book-fallback); font-optical-sizing: inherit; font-kerning: inherit; font-feature-settings: var(--font-feature-settings-book-roman); font-variation-settings: var(--font-variation-settings-book-normal-roman); vertical-align: initial; position: relative; letter-spacing: var(--font-size-60-responsive-book-letter-spacing); padding: 0px 0px 0px var(--spacing-50); margin: 0px 0px var(--spacing-30) 0px;\"><a class=\"\" style=\"box-sizing: inherit; margin: 0px; padding: 0px; border: 0px; font-style: inherit; font-variant: inherit; font-weight: var(--font-weight-bold); font-stretch: inherit; font-size: inherit; line-height: inherit; font-family: inherit; font-optical-sizing: inherit; font-kerning: inherit; font-feature-settings: inherit; font-variation-settings: inherit; vertical-align: initial; text-decoration-line: none; color: #c4170c;\" href=\"https:\/\/g1.globo.com\/politica\/noticia\/2023\/02\/14\/tse-rejeita-recurso-da-defesa-de-bolsonaro-para-tirar-minuta-do-golpe-de-investigacoes.ghtml\">TSE rejeita recurso da defesa de Bolsonaro e mant\u00e9m minuta do golpe em investiga\u00e7\u00e3o contra o ex-presidente<\/a><\/li>\n<li style=\"box-sizing: inherit; margin: 0px; border: 0px; font-style: inherit; font-variant: inherit; font-weight: inherit; font-stretch: inherit; font-size: var(--font-size-60-responsive-book); line-height: inherit; font-family: var(--font-family-book),var(--font-family-book-fallback); font-optical-sizing: inherit; font-kerning: inherit; font-feature-settings: var(--font-feature-settings-book-roman); font-variation-settings: var(--font-variation-settings-book-normal-roman); vertical-align: initial; position: relative; letter-spacing: var(--font-size-60-responsive-book-letter-spacing); padding: 0px 0px 0px var(--spacing-50);\">Anderson Torres decide n\u00e3o depor na CPI dos Atos Antidemocr\u00e1ticos, disse.<\/li>\n<li style=\"box-sizing: inherit; margin: 0px; border: 0px; font-style: inherit; font-variant: inherit; font-weight: inherit; font-stretch: inherit; font-size: var(--font-size-60-responsive-book); line-height: inherit; font-family: var(--font-family-book),var(--font-family-book-fallback); font-optical-sizing: inherit; font-kerning: inherit; font-feature-settings: var(--font-feature-settings-book-roman); font-variation-settings: var(--font-variation-settings-book-normal-roman); vertical-align: initial; position: relative; letter-spacing: var(--font-size-60-responsive-book-letter-spacing); padding: 0px 0px 0px var(--spacing-50);\">Segundo apurou a\u00a0<span style=\"font-family: inherit; font-size: inherit; font-style: inherit; font-variant: inherit; font-weight: var(--font-weight-bold); letter-spacing: var(--font-size-60-responsive-book-letter-spacing); box-sizing: inherit; margin: 0px; padding: 0px; border: 0px; font-stretch: inherit; line-height: inherit; font-optical-sizing: inherit; font-kerning: inherit; font-feature-settings: inherit; font-variation-settings: inherit; vertical-align: initial;\">TV Globo<\/span><span style=\"font-family: inherit; font-size: inherit; font-style: inherit; font-variant-ligatures: inherit; font-variant-caps: inherit; font-weight: inherit; letter-spacing: var(--font-size-60-responsive-book-letter-spacing);\">,\u00a0<\/span><span class=\"highlight highlighted\" style=\"font: inherit; letter-spacing: var(--font-size-60-responsive-book-letter-spacing); box-sizing: inherit; margin: 0px; padding: 0px; border: 0px; vertical-align: initial; background-image: linear-gradient(90deg,rgba(255,255,255,0) 50%,var(--text-highlight-color,#fe9) 0); background-size: 200%; background-position: -100% center; transition: background-position 0.8s ease 0s;\">Torres respondeu \u00e0s perguntas<\/span><span style=\"font-family: inherit; font-size: inherit; font-style: inherit; font-variant-ligatures: inherit; font-variant-caps: inherit; font-weight: inherit; letter-spacing: var(--font-size-60-responsive-book-letter-spacing);\">. O depoimento do ministro foi pedido pelo corregedor-geral eleitoral, ministro Benedito Gon\u00e7alves, para esclarecer uma minuta com teor golpista encontrada na casa dele (<\/span><span style=\"font-family: inherit; font-size: inherit; font-style: inherit; font-variant: inherit; font-weight: var(--font-weight-bold); letter-spacing: var(--font-size-60-responsive-book-letter-spacing); box-sizing: inherit; margin: 0px; padding: 0px; border: 0px; font-stretch: inherit; line-height: inherit; font-optical-sizing: inherit; font-kerning: inherit; font-feature-settings: inherit; font-variation-settings: inherit; vertical-align: initial;\">veja detalhes abaixo<\/span><span style=\"font-family: inherit; font-size: inherit; font-style: inherit; font-variant-ligatures: inherit; font-variant-caps: inherit; font-weight: inherit; letter-spacing: var(--font-size-60-responsive-book-letter-spacing);\">).<\/span><\/li>\n<\/ul>\n<\/div>\n<div id=\"chunk-7cfmq\" style=\"box-sizing: inherit; margin: 0px; padding: 0px; border: 0px; font: inherit; vertical-align: initial;\">\n<div class=\"mc-column content-text active-extra-styles \" style=\"box-sizing: inherit; padding: 0px 1rem; border: 0px; font-style: inherit; font-variant: inherit; font-weight: inherit; font-stretch: inherit; font-size: var(--font-size-60-responsive-book); line-height: var(--font-line-height-spaced); font-family: var(--font-family-book),var(--font-family-book-fallback); font-optical-sizing: inherit; font-kerning: inherit; font-feature-settings: var(--font-feature-settings-book-roman); font-variation-settings: var(--font-variation-settings-book-normal-roman); vertical-align: initial; max-width: 42.5rem; width: 680px; float: none; letter-spacing: var(--font-size-60-responsive-book-letter-spacing); overflow-wrap: break-word; margin: 0px auto var(--spacing-50) auto;\" data-block-type=\"unstyled\" data-block-weight=\"41\" data-block-id=\"9\">\n<p class=\"content-text__container \" style=\"box-sizing: inherit; margin: 0px; padding: 0px; border: 0px; font: inherit; vertical-align: initial;\" data-track-category=\"Link no Texto\" data-track-links=\"\">O ex-ministro foi ouvido por videoconfer\u00eancia.\u00a0<a class=\"\" style=\"box-sizing: inherit; margin: 0px; padding: 0px; border: 0px; font-style: inherit; font-variant: inherit; font-weight: var(--font-weight-bold); font-stretch: inherit; font-size: inherit; line-height: inherit; font-family: inherit; font-optical-sizing: inherit; font-kerning: inherit; font-feature-settings: inherit; font-variation-settings: inherit; vertical-align: initial; text-decoration-line: none; color: #c4170c;\" href=\"https:\/\/g1.globo.com\/politica\/noticia\/2023\/03\/01\/moraes-nega-recurso-da-defesa-e-mantem-prisao-do-ex-ministro-anderson-torres.ghtml\">Torres est\u00e1 preso no 4\u00ba Batalh\u00e3o da Pol\u00edcia Militar<\/a>\u00a0do Distrito Federal por determina\u00e7\u00e3o do Supremo Tribunal Federal (STF),\u00a0<a class=\"\" style=\"box-sizing: inherit; margin: 0px; padding: 0px; border: 0px; font-style: inherit; font-variant: inherit; font-weight: var(--font-weight-bold); font-stretch: inherit; font-size: inherit; line-height: inherit; font-family: inherit; font-optical-sizing: inherit; font-kerning: inherit; font-feature-settings: inherit; font-variation-settings: inherit; vertical-align: initial; text-decoration-line: none; color: #c4170c;\" href=\"https:\/\/g1.globo.com\/jornal-nacional\/noticia\/2023\/01\/14\/anderson-torres-e-preso-apos-desembarcar-em-brasilia-e-passa-por-audiencia-de-custodia.ghtml\">em um inqu\u00e9rito que apura os ataques \u00e0s sedes dos Tr\u00eas Poderes em 8 de janeiro<\/a>.<\/p>\n<\/div>\n<\/div>\n<div class=\"mc-column content-text active-extra-styles\" style=\"box-sizing: inherit; padding: 0px 1rem; border: 0px; font-style: inherit; font-variant: inherit; font-weight: inherit; font-stretch: inherit; font-size: var(--font-size-60-responsive-book); line-height: var(--font-line-height-spaced); font-family: var(--font-family-book),var(--font-family-book-fallback); font-optical-sizing: inherit; font-kerning: inherit; font-feature-settings: var(--font-feature-settings-book-roman); font-variation-settings: var(--font-variation-settings-book-normal-roman); vertical-align: initial; max-width: 42.5rem; width: 680px; float: none; letter-spacing: var(--font-size-60-responsive-book-letter-spacing); overflow-wrap: break-word; margin: 0px auto var(--spacing-50) auto;\" data-block-type=\"raw\" data-block-weight=\"1\" data-block-id=\"10\">\n<p class=\"content-text__container\" style=\"box-sizing: inherit; margin: 0px; padding: 0px; border: 0px; font: inherit; vertical-align: initial;\">\n<div class=\"content-intertitle\" style=\"box-sizing: inherit; padding: 0px; border: 0px; font-style: inherit; font-variant: inherit; font-weight: var(--font-weight-bold); font-stretch: inherit; font-size: var(--font-size-80-responsive-display); line-height: var(--font-line-height-compact); font-family: var(--font-family-display),var(--font-family-display-fallback); font-optical-sizing: inherit; font-kerning: inherit; font-feature-settings: var(--font-feature-settings-display-roman); font-variation-settings: var(--font-variation-settings-display-normal-roman); vertical-align: initial; color: #111111; letter-spacing: var(--font-size-80-responsive-display-letter-spacing); margin: var(--spacing-40) 0px -0.5rem 0px;\">\n<h2 style=\"box-sizing: inherit; margin: 0px; padding: 0px; border: 0px; font: inherit; vertical-align: initial;\">Minuta<\/h2>\n<\/div>\n<p style=\"box-sizing: inherit; margin: 0px; padding: 0px; border: 0px; font: inherit; vertical-align: initial;\">\n<\/div>\n<div id=\"chunk-76ae\" style=\"box-sizing: inherit; margin: 0px; padding: 0px; border: 0px; font: inherit; vertical-align: initial;\">\n<div class=\"mc-column content-text active-extra-styles \" style=\"box-sizing: inherit; padding: 0px 1rem; border: 0px; font-style: inherit; font-variant: inherit; font-weight: inherit; font-stretch: inherit; font-size: var(--font-size-60-responsive-book); line-height: var(--font-line-height-spaced); font-family: var(--font-family-book),var(--font-family-book-fallback); font-optical-sizing: inherit; font-kerning: inherit; font-feature-settings: var(--font-feature-settings-book-roman); font-variation-settings: var(--font-variation-settings-book-normal-roman); vertical-align: initial; max-width: 42.5rem; width: 680px; float: none; letter-spacing: var(--font-size-60-responsive-book-letter-spacing); overflow-wrap: break-word; margin: 0px auto var(--spacing-50) auto;\" data-block-type=\"unstyled\" data-block-weight=\"32\" data-block-id=\"11\">\n<p class=\"content-text__container \" style=\"box-sizing: inherit; margin: 0px; padding: 0px; border: 0px; font: inherit; vertical-align: initial;\" data-track-category=\"Link no Texto\" data-track-links=\"\">A PF encontrou na resid\u00eancia de o ex-ministro\u00a0<a class=\"\" style=\"box-sizing: inherit; margin: 0px; padding: 0px; border: 0px; font-style: inherit; font-variant: inherit; font-weight: var(--font-weight-bold); font-stretch: inherit; font-size: inherit; line-height: inherit; font-family: inherit; font-optical-sizing: inherit; font-kerning: inherit; font-feature-settings: inherit; font-variation-settings: inherit; vertical-align: initial; text-decoration-line: none; color: #c4170c;\" href=\"https:\/\/g1.globo.com\/politica\/noticia\/2023\/02\/02\/em-depoimento-a-pf-anderson-torres-diz-que-minuta-do-golpe-era-documento-descartavel-e-sem-viabilidade-juridica.ghtml\">a minuta de um decreto para instaurar estado de defesa na sede do TSE<\/a>. O objetivo era mudar o resultado das elei\u00e7\u00f5es de 2022.<\/p>\n<\/div>\n<\/div>\n<div style=\"box-sizing: inherit; margin: 0px; padding: 0px; border: 0px; font: inherit; vertical-align: initial;\" data-track-category=\"multicontent\" data-track-action=\"ultimo chunk conteudo\" data-track-noninteraction=\"false\" data-track-scroll=\"view\">\n<div id=\"chunk-5g9e0\" style=\"box-sizing: inherit; margin: 0px; padding: 0px; border: 0px; font: inherit; vertical-align: initial;\">\n<div class=\"mc-column content-text active-extra-styles \" style=\"box-sizing: inherit; padding: 0px 1rem; border: 0px; font-style: inherit; font-variant: inherit; font-weight: inherit; font-stretch: inherit; font-size: var(--font-size-60-responsive-book); line-height: var(--font-line-height-spaced); font-family: var(--font-family-book),var(--font-family-book-fallback); font-optical-sizing: inherit; font-kerning: inherit; font-feature-settings: var(--font-feature-settings-book-roman); font-variation-settings: var(--font-variation-settings-book-normal-roman); vertical-align: initial; max-width: 42.5rem; width: 680px; float: none; letter-spacing: var(--font-size-60-responsive-book-letter-spacing); overflow-wrap: break-word; margin: 0px auto var(--spacing-50) auto;\" data-block-type=\"unstyled\" data-block-weight=\"42\" data-block-id=\"12\">\n<p class=\"content-text__container \" style=\"box-sizing: inherit; margin: 0px; padding: 0px; border: 0px; font: inherit; vertical-align: initial;\" data-track-category=\"Link no Texto\" data-track-links=\"\">O documento \u2013 considerado inconstitucional por especialistas \u2013 foi\u00a0<a class=\"\" style=\"box-sizing: inherit; margin: 0px; padding: 0px; border: 0px; font-style: inherit; font-variant: inherit; font-weight: var(--font-weight-bold); font-stretch: inherit; font-size: inherit; line-height: inherit; font-family: inherit; font-optical-sizing: inherit; font-kerning: inherit; font-feature-settings: inherit; font-variation-settings: inherit; vertical-align: initial; text-decoration-line: none; color: #c4170c;\" href=\"https:\/\/g1.globo.com\/politica\/noticia\/2023\/01\/13\/leia-a-integra-da-minuta-de-decreto-para-instaurar-estado-de-defesa-encontrada-na-casa-de-torres.ghtml\">encontrado pela Pol\u00edcia Federal<\/a>\u00a0durante uma opera\u00e7\u00e3o de busca e apreens\u00e3o.\u00a0<a class=\"\" style=\"box-sizing: inherit; margin: 0px; padding: 0px; border: 0px; font-style: inherit; font-variant: inherit; font-weight: var(--font-weight-bold); font-stretch: inherit; font-size: inherit; line-height: inherit; font-family: inherit; font-optical-sizing: inherit; font-kerning: inherit; font-feature-settings: inherit; font-variation-settings: inherit; vertical-align: initial; text-decoration-line: none; color: #c4170c;\" href=\"https:\/\/g1.globo.com\/politica\/noticia\/2023\/01\/16\/corregedor-do-tse-inclui-minuta-de-decreto-de-estado-de-defesa-em-acao-ja-aberta-contra-bolsonaro-no-tse.ghtml\">O material foi anexado \u00e0 a\u00e7\u00e3o que tramita contra Bolsonaro<\/a>\u00a0na Corte, que questiona a conduta do ex-presidente na reuni\u00e3o com embaixadores.<\/p>\n<\/div>\n<\/div>\n<\/div>\n<\/div>\n<\/article>\n<\/div>\n","protected":false},"excerpt":{"rendered":"<p>Procedimento apura conduta de ex-presidente em reuni\u00e3o com embaixadores, na qual questionou urnas e sistema eleitoral sem provas. TV Globo apurou que ex-ministro respondeu \u00e0s perguntas sobre minuta de decreto golpista. Por Luiz Felipe Barbi\u00e9ri e M\u00e1rcio Falc\u00e3o, g1 e TV Globo 16\/03\/2023 11h00\u00a0\u00a0Atualizado\u00a0h\u00e1 16 minutos Anderson Torres em foto de 15 de junho de [&hellip;]<\/p>\n","protected":false},"author":2,"featured_media":0,"comment_status":"open","ping_status":"open","sticky":false,"template":"","format":"standard","meta":{"_links_to":"","_links_to_target":""},"categories":[7,9,8,1,5],"tags":[],"_links":{"self":[{"href":"https:\/\/www.ilheusnoticias.net.br\/v1\/wp-json\/wp\/v2\/posts\/31320"}],"collection":[{"href":"https:\/\/www.ilheusnoticias.net.br\/v1\/wp-json\/wp\/v2\/posts"}],"about":[{"href":"https:\/\/www.ilheusnoticias.net.br\/v1\/wp-json\/wp\/v2\/types\/post"}],"author":[{"embeddable":true,"href":"https:\/\/www.ilheusnoticias.net.br\/v1\/wp-json\/wp\/v2\/users\/2"}],"replies":[{"embeddable":true,"href":"https:\/\/www.ilheusnoticias.net.br\/v1\/wp-json\/wp\/v2\/comments?post=31320"}],"version-history":[{"count":1,"href":"https:\/\/www.ilheusnoticias.net.br\/v1\/wp-json\/wp\/v2\/posts\/31320\/revisions"}],"predecessor-version":[{"id":31321,"href":"https:\/\/www.ilheusnoticias.net.br\/v1\/wp-json\/wp\/v2\/posts\/31320\/revisions\/31321"}],"wp:attachment":[{"href":"https:\/\/www.ilheusnoticias.net.br\/v1\/wp-json\/wp\/v2\/media?parent=31320"}],"wp:term":[{"taxonomy":"category","embeddable":true,"href":"https:\/\/www.ilheusnoticias.net.br\/v1\/wp-json\/wp\/v2\/categories?post=31320"},{"taxonomy":"post_tag","embeddable":true,"href":"https:\/\/www.ilheusnoticias.net.br\/v1\/wp-json\/wp\/v2\/tags?post=31320"}],"curies":[{"name":"wp","href":"https:\/\/api.w.org\/{rel}","templated":true}]}}