{"id":31318,"date":"2023-03-16T11:45:59","date_gmt":"2023-03-16T14:45:59","guid":{"rendered":"https:\/\/www.ilheusnoticias.net.br\/v1\/?p=31318"},"modified":"2023-03-16T11:45:59","modified_gmt":"2023-03-16T14:45:59","slug":"bolsa-presenca-reforca-a-seguranca-alimentar-e-movimenta-a-economia-na-bahia","status":"publish","type":"post","link":"https:\/\/www.ilheusnoticias.net.br\/v1\/2023\/03\/16\/bolsa-presenca-reforca-a-seguranca-alimentar-e-movimenta-a-economia-na-bahia\/","title":{"rendered":"Bolsa Presen\u00e7a refor\u00e7a a seguran\u00e7a alimentar e movimenta a economia na Bahia"},"content":{"rendered":"<div class=\"Post\">\n<div class=\"Post-body\">\n<div class=\"Post-inner article\"><\/div>\n<\/div>\n<\/div>\n<div class=\"Post\">\n<div class=\"Post-body\">\n<div class=\"Post-inner article\">\n<div class=\"PostHeaderIcons metadata-icons\"><img src=\"http:\/\/www.blogdothame.blog.br\/v1\/wp-content\/uploads\/2023\/03\/Delival-Santos.jpeg\" \/><\/div>\n<div class=\"PostContent\">\n<div id=\"attachment_147697\" class=\"wp-caption aligncenter\">\n<p id=\"caption-attachment-147697\" class=\"wp-caption-text\">Delival Santos<\/p>\n<\/div>\n<p>O Programa Bolsa Presen\u00e7a refor\u00e7a a seguran\u00e7a alimentar das fam\u00edlias dos estudantes da rede estadual de ensino inscritas no Cad\u00danico e em condi\u00e7\u00e3o de vulnerabilidade socioecon\u00f4mica. Cada fam\u00edlia beneficiada recebe R$ 150 por m\u00eas, acrescidos de R$ 50 a partir do segundo aluno matriculado, para assegurar que eles permane\u00e7am na escola. Al\u00e9m disso, o valor destinado tamb\u00e9m ajuda a movimentar a economia no Estado. Para este ano, o Governo da Bahia destinou R$ 700 milh\u00f5es ao Bolsa Presen\u00e7a e, nesta quarta-feira (15), mais de 298 mil estudantes da rede estadual de ensino receberam o primeiro cr\u00e9dito do programa referente ao ano letivo 2023.<\/p>\n<div id=\"attachment_147698\" class=\"wp-caption aligncenter\" style=\"width: 409px;\"><img loading=\"lazy\" class=\"\" src=\"http:\/\/www.blogdothame.blog.br\/v1\/wp-content\/uploads\/2023\/03\/Jamile-Silveira-Correia.jpeg\" width=\"409\" height=\"308\" \/><\/p>\n<p id=\"caption-attachment-147698\" class=\"wp-caption-text\">Jamile Silveira Correia<\/p>\n<\/div>\n<p>Este \u00e9 o caso da operadora de telemarketing, atualmente desempregada, Jamile Silveira Correia, 39, m\u00e3e do estudante Luis Eduardo de Souza, que cursa o 8\u00ba ano, no Col\u00e9gio Estadual de Tempo Integral S\u00e3o Daniel Comboni, em Salvador. \u201cMinha fam\u00edlia \u00e9 benefici\u00e1ria desde o in\u00edcio do programa e continuamos a receber o valor at\u00e9 hoje. O Bolsa Presen\u00e7a vem transformando as nossas vidas, pois ajuda a complementar a renda familiar com a compra de alimentos. Acho esse programa muito importante, porque ajuda muitas fam\u00edlias como a nossa\u201d, disse.<\/p>\n<\/div>\n<\/div>\n<\/div>\n<\/div>\n","protected":false},"excerpt":{"rendered":"<p>Delival Santos O Programa Bolsa Presen\u00e7a refor\u00e7a a seguran\u00e7a alimentar das fam\u00edlias dos estudantes da rede estadual de ensino inscritas no Cad\u00danico e em condi\u00e7\u00e3o de vulnerabilidade socioecon\u00f4mica. Cada fam\u00edlia beneficiada recebe R$ 150 por m\u00eas, acrescidos de R$ 50 a partir do segundo aluno matriculado, para assegurar que eles permane\u00e7am na escola. Al\u00e9m disso, [&hellip;]<\/p>\n","protected":false},"author":2,"featured_media":0,"comment_status":"open","ping_status":"open","sticky":false,"template":"","format":"standard","meta":{"_links_to":"","_links_to_target":""},"categories":[7,9,8,1],"tags":[],"_links":{"self":[{"href":"https:\/\/www.ilheusnoticias.net.br\/v1\/wp-json\/wp\/v2\/posts\/31318"}],"collection":[{"href":"https:\/\/www.ilheusnoticias.net.br\/v1\/wp-json\/wp\/v2\/posts"}],"about":[{"href":"https:\/\/www.ilheusnoticias.net.br\/v1\/wp-json\/wp\/v2\/types\/post"}],"author":[{"embeddable":true,"href":"https:\/\/www.ilheusnoticias.net.br\/v1\/wp-json\/wp\/v2\/users\/2"}],"replies":[{"embeddable":true,"href":"https:\/\/www.ilheusnoticias.net.br\/v1\/wp-json\/wp\/v2\/comments?post=31318"}],"version-history":[{"count":1,"href":"https:\/\/www.ilheusnoticias.net.br\/v1\/wp-json\/wp\/v2\/posts\/31318\/revisions"}],"predecessor-version":[{"id":31319,"href":"https:\/\/www.ilheusnoticias.net.br\/v1\/wp-json\/wp\/v2\/posts\/31318\/revisions\/31319"}],"wp:attachment":[{"href":"https:\/\/www.ilheusnoticias.net.br\/v1\/wp-json\/wp\/v2\/media?parent=31318"}],"wp:term":[{"taxonomy":"category","embeddable":true,"href":"https:\/\/www.ilheusnoticias.net.br\/v1\/wp-json\/wp\/v2\/categories?post=31318"},{"taxonomy":"post_tag","embeddable":true,"href":"https:\/\/www.ilheusnoticias.net.br\/v1\/wp-json\/wp\/v2\/tags?post=31318"}],"curies":[{"name":"wp","href":"https:\/\/api.w.org\/{rel}","templated":true}]}}