{"id":31316,"date":"2023-03-16T11:02:49","date_gmt":"2023-03-16T14:02:49","guid":{"rendered":"https:\/\/www.ilheusnoticias.net.br\/v1\/?p=31316"},"modified":"2023-03-16T11:02:49","modified_gmt":"2023-03-16T14:02:49","slug":"lula-lanca-pronasci-ii-com-foco-na-protecao-de-mulheres-e-jovens-da-periferia","status":"publish","type":"post","link":"https:\/\/www.ilheusnoticias.net.br\/v1\/2023\/03\/16\/lula-lanca-pronasci-ii-com-foco-na-protecao-de-mulheres-e-jovens-da-periferia\/","title":{"rendered":"Lula lan\u00e7a Pronasci II com foco na prote\u00e7\u00e3o de mulheres e jovens da periferia"},"content":{"rendered":"<div class=\"Post\">\n<div class=\"Post-body\">\n<div class=\"Post-inner article\">\n<div class=\"PostFooterIcons metadata-icons\"><\/div>\n<\/div>\n<\/div>\n<\/div>\n<div class=\"Post\">\n<div class=\"Post-body\">\n<div class=\"Post-inner article\">\n<div class=\"PostHeaderIcons metadata-icons\"><\/div>\n<div class=\"PostContent\">\n<div id=\"attachment_147720\" class=\"wp-caption aligncenter\"><img src=\"http:\/\/www.blogdothame.blog.br\/v1\/wp-content\/uploads\/2023\/03\/lula-pronasci.jpeg\" \/><\/p>\n<p id=\"caption-attachment-147720\" class=\"wp-caption-text\">Lula: \u201cQuando voc\u00ea necessita de muita pol\u00edcia \u00e9 sinal que falta Estado\u201d(Foto: Ricardo Stuckert\/PR)<\/p>\n<\/div>\n<p>O presidente Lula participou, nesta quarta-feira (15), da cerim\u00f4nia de recria\u00e7\u00e3o do Programa Nacional de Seguran\u00e7a P\u00fablica com Cidadania (Pronasci).\u00a0\u00a0Criada em 2007 pelo pr\u00f3prio Lula, a iniciativa revolucionou as estrat\u00e9gias de combate \u00e0 viol\u00eancia apostando tanto na capacita\u00e7\u00e3o de policiais quanto no apoio \u00e0s comunidades mais pobres por meio de projetos sociais, culturais e esportivos para a juventude.<\/p>\n<p>\u201cNunca consegui entender por que o Pronasci acabou. Ele era um projeto de seguran\u00e7a p\u00fablica que n\u00e3o pensava s\u00f3 na pol\u00edcia, mas tamb\u00e9m no papel do Estado. No que o Estado pode fazer para a gente precisar menos de pol\u00edcia, porque quando voc\u00ea necessita de muita pol\u00edcia \u00e9 sinal de falta Estado\u201d, afirmou o presidente.<\/p>\n<p>Lula lamentou que as periferias sejam ainda locais onde o Estado s\u00f3 est\u00e1 presente com a pol\u00edcia, deixando de fornecer sa\u00fade, educa\u00e7\u00e3o, lazer, cultura e esportes. \u201cE temos que trabalhar muito pela periferia, que \u00e9 onde est\u00e1\u00a0grande parte da nossa juventude, com potencial extraordin\u00e1rio, mas muitas vezes sem condi\u00e7\u00f5es de sobreviver.\u201d<\/p>\n<p>\u201cPrograma que transformou vidas\u201d<\/p>\n<\/div>\n<\/div>\n<\/div>\n<\/div>\n","protected":false},"excerpt":{"rendered":"<p>Lula: \u201cQuando voc\u00ea necessita de muita pol\u00edcia \u00e9 sinal que falta Estado\u201d(Foto: Ricardo Stuckert\/PR) O presidente Lula participou, nesta quarta-feira (15), da cerim\u00f4nia de recria\u00e7\u00e3o do Programa Nacional de Seguran\u00e7a P\u00fablica com Cidadania (Pronasci).\u00a0\u00a0Criada em 2007 pelo pr\u00f3prio Lula, a iniciativa revolucionou as estrat\u00e9gias de combate \u00e0 viol\u00eancia apostando tanto na capacita\u00e7\u00e3o de policiais quanto [&hellip;]<\/p>\n","protected":false},"author":2,"featured_media":0,"comment_status":"open","ping_status":"open","sticky":false,"template":"","format":"standard","meta":{"_links_to":"","_links_to_target":""},"categories":[7,9,8,1],"tags":[],"_links":{"self":[{"href":"https:\/\/www.ilheusnoticias.net.br\/v1\/wp-json\/wp\/v2\/posts\/31316"}],"collection":[{"href":"https:\/\/www.ilheusnoticias.net.br\/v1\/wp-json\/wp\/v2\/posts"}],"about":[{"href":"https:\/\/www.ilheusnoticias.net.br\/v1\/wp-json\/wp\/v2\/types\/post"}],"author":[{"embeddable":true,"href":"https:\/\/www.ilheusnoticias.net.br\/v1\/wp-json\/wp\/v2\/users\/2"}],"replies":[{"embeddable":true,"href":"https:\/\/www.ilheusnoticias.net.br\/v1\/wp-json\/wp\/v2\/comments?post=31316"}],"version-history":[{"count":1,"href":"https:\/\/www.ilheusnoticias.net.br\/v1\/wp-json\/wp\/v2\/posts\/31316\/revisions"}],"predecessor-version":[{"id":31317,"href":"https:\/\/www.ilheusnoticias.net.br\/v1\/wp-json\/wp\/v2\/posts\/31316\/revisions\/31317"}],"wp:attachment":[{"href":"https:\/\/www.ilheusnoticias.net.br\/v1\/wp-json\/wp\/v2\/media?parent=31316"}],"wp:term":[{"taxonomy":"category","embeddable":true,"href":"https:\/\/www.ilheusnoticias.net.br\/v1\/wp-json\/wp\/v2\/categories?post=31316"},{"taxonomy":"post_tag","embeddable":true,"href":"https:\/\/www.ilheusnoticias.net.br\/v1\/wp-json\/wp\/v2\/tags?post=31316"}],"curies":[{"name":"wp","href":"https:\/\/api.w.org\/{rel}","templated":true}]}}