{"id":31314,"date":"2023-03-16T11:00:50","date_gmt":"2023-03-16T14:00:50","guid":{"rendered":"https:\/\/www.ilheusnoticias.net.br\/v1\/?p=31314"},"modified":"2023-03-16T11:00:50","modified_gmt":"2023-03-16T14:00:50","slug":"reuniao-do-conselho-municipal-de-transporte-de-ilheus-propoe-solucoes-para-melhoria-do-servico","status":"publish","type":"post","link":"https:\/\/www.ilheusnoticias.net.br\/v1\/2023\/03\/16\/reuniao-do-conselho-municipal-de-transporte-de-ilheus-propoe-solucoes-para-melhoria-do-servico\/","title":{"rendered":"Reuni\u00e3o do Conselho Municipal de Transporte de Ilh\u00e9us prop\u00f5e solu\u00e7\u00f5es para melhoria do servi\u00e7o"},"content":{"rendered":"<div class=\"imagem thumbnail col-xs-12 col-sm-8 col-md-6 col-lg-6 imagem-materia\"><a class=\"fresco\" title=\"\" href=\"https:\/\/portalfacilarquivos.blob.core.windows.net\/uploads\/ILHEUS\/imgOrig\/%7B758A4E78-CEAC-EEA7-0CC4-CA3E0BEC3E47%7D.jpeg\" data-fresco-caption=\"\"><img loading=\"lazy\" title=\"\" src=\"https:\/\/portalfacilarquivos.blob.core.windows.net\/uploads\/ILHEUS\/img\/%7B758A4E78-CEAC-EEA7-0CC4-CA3E0BEC3E47%7D\/%7B758A4E78-CEAC-EEA7-0CC4-CA3E0BEC3E47%7D_650X450.jpeg\" alt=\"conselho de transporte\" width=\"650\" height=\"450\" \/><\/a><\/p>\n<p class=\"bg-primary\">Discutir as principais demandas da popula\u00e7\u00e3o referentes ao sistema de transporte p\u00fablico em Ilh\u00e9us foi o ponto alto da reuni\u00e3o convocada pelo Conselho Municipal de Tr\u00e2nsito e Transporte (COMUTRAN), na tarde desta quarta-feira (15), no audit\u00f3rio do Centro Administrativo da Conquista. O encontro contou com a presen\u00e7a de representantes da Prefeitura, das empresas concession\u00e1rias do servi\u00e7o, estudantes e membros da sociedade civil organizada.<\/p>\n<\/div>\n<p>A pauta girou em torno de assuntos que v\u00e3o desde reivindica\u00e7\u00f5es dos usu\u00e1rios at\u00e9 a\u00e7\u00f5es voltadas \u00e0 integra\u00e7\u00e3o do sistema.<\/p>\n<p>\u201cN\u00f3s fizemos um panorama dos modais de transporte, informando a situa\u00e7\u00e3o do servi\u00e7o e de forma conjunta iremos propor solu\u00e7\u00f5es. \u00c9 um entendimento que passa por diversas entidades da cidade, que visa, entre outras coisas, p\u00f4r fim \u00e0 situa\u00e7\u00e3o problem\u00e1tica. O Governo Federal dar\u00e1 um incremento ao setor, com o objetivo de subsidiar o servi\u00e7o em todo o Brasil para que o sistema n\u00e3o entre em colapso\u201d, explicou Valci Serpa, diretor-geral da Autarquia de Transporte e Tr\u00e2nsito (Sutram).<\/p>\n<p>Na ocasi\u00e3o, foram abordados temas que abrangem a quest\u00e3o da mobilidade urbana e redu\u00e7\u00e3o da frota que circula na zona rural do munic\u00edpio, uma das reclama\u00e7\u00f5es mais recorrentes da popula\u00e7\u00e3o.<\/p>\n<p>&nbsp;<\/p>\n<div class=\"imagem thumbnail col-xs-12 col-sm-8 col-md-6 col-lg-6 imagem-materia\"><a class=\"fresco\" title=\"\" href=\"https:\/\/portalfacilarquivos.blob.core.windows.net\/uploads\/ILHEUS\/imgOrig\/%7BEE34A6CC-3AC4-6ADD-AEB2-DEDBBD48E0DC%7D.jpeg\" data-fresco-caption=\"\"><img loading=\"lazy\" title=\"\" src=\"https:\/\/portalfacilarquivos.blob.core.windows.net\/uploads\/ILHEUS\/img\/%7BEE34A6CC-3AC4-6ADD-AEB2-DEDBBD48E0DC%7D\/%7BEE34A6CC-3AC4-6ADD-AEB2-DEDBBD48E0DC%7D_650X450.jpeg\" alt=\"conselho transito\" width=\"650\" height=\"450\" \/><\/a><\/p>\n<p class=\"bg-primary\">\u201cEstamos discutindo assuntos pertinentes \u00e0 cidade e isso ser\u00e1 uma const\u00e2ncia. Sabemos que existem muitos problemas, mas com di\u00e1logo vamos propor solu\u00e7\u00f5es. O Conselho \u00e9 o \u00f3rg\u00e3o representativo da comunidade. Buscamos o entendimento de todas as partes para avan\u00e7ar na busca por melhorias\u201d, esclareceu Jailson Nascimento, presidente do COMUTRAN.<\/p>\n<\/div>\n<p>Nascimento reiterou que as necessidades do munic\u00edpio ser\u00e3o discutidas e avaliadas em prol da qualidade do servi\u00e7o em todas as localidades. A reativa\u00e7\u00e3o do COMUTRAN, realizada no m\u00eas passado, representa avan\u00e7o significativo para a efetiva\u00e7\u00e3o de um sistema coeso, que se preocupa em oferecer um servi\u00e7o de qualidade aos usu\u00e1rios do transporte p\u00fablico de Ilh\u00e9us.<\/p>\n","protected":false},"excerpt":{"rendered":"<p>Discutir as principais demandas da popula\u00e7\u00e3o referentes ao sistema de transporte p\u00fablico em Ilh\u00e9us foi o ponto alto da reuni\u00e3o convocada pelo Conselho Municipal de Tr\u00e2nsito e Transporte (COMUTRAN), na tarde desta quarta-feira (15), no audit\u00f3rio do Centro Administrativo da Conquista. O encontro contou com a presen\u00e7a de representantes da Prefeitura, das empresas concession\u00e1rias do [&hellip;]<\/p>\n","protected":false},"author":2,"featured_media":0,"comment_status":"open","ping_status":"open","sticky":false,"template":"","format":"standard","meta":{"_links_to":"","_links_to_target":""},"categories":[7,9,8,1],"tags":[],"_links":{"self":[{"href":"https:\/\/www.ilheusnoticias.net.br\/v1\/wp-json\/wp\/v2\/posts\/31314"}],"collection":[{"href":"https:\/\/www.ilheusnoticias.net.br\/v1\/wp-json\/wp\/v2\/posts"}],"about":[{"href":"https:\/\/www.ilheusnoticias.net.br\/v1\/wp-json\/wp\/v2\/types\/post"}],"author":[{"embeddable":true,"href":"https:\/\/www.ilheusnoticias.net.br\/v1\/wp-json\/wp\/v2\/users\/2"}],"replies":[{"embeddable":true,"href":"https:\/\/www.ilheusnoticias.net.br\/v1\/wp-json\/wp\/v2\/comments?post=31314"}],"version-history":[{"count":1,"href":"https:\/\/www.ilheusnoticias.net.br\/v1\/wp-json\/wp\/v2\/posts\/31314\/revisions"}],"predecessor-version":[{"id":31315,"href":"https:\/\/www.ilheusnoticias.net.br\/v1\/wp-json\/wp\/v2\/posts\/31314\/revisions\/31315"}],"wp:attachment":[{"href":"https:\/\/www.ilheusnoticias.net.br\/v1\/wp-json\/wp\/v2\/media?parent=31314"}],"wp:term":[{"taxonomy":"category","embeddable":true,"href":"https:\/\/www.ilheusnoticias.net.br\/v1\/wp-json\/wp\/v2\/categories?post=31314"},{"taxonomy":"post_tag","embeddable":true,"href":"https:\/\/www.ilheusnoticias.net.br\/v1\/wp-json\/wp\/v2\/tags?post=31314"}],"curies":[{"name":"wp","href":"https:\/\/api.w.org\/{rel}","templated":true}]}}