{"id":31309,"date":"2023-03-16T10:56:40","date_gmt":"2023-03-16T13:56:40","guid":{"rendered":"https:\/\/www.ilheusnoticias.net.br\/v1\/?p=31309"},"modified":"2023-03-16T10:56:40","modified_gmt":"2023-03-16T13:56:40","slug":"seduc-divulga-resultado-final-da-selecao-para-contratacao-de-profissionais-da-educacao-em-ilheus","status":"publish","type":"post","link":"https:\/\/www.ilheusnoticias.net.br\/v1\/2023\/03\/16\/seduc-divulga-resultado-final-da-selecao-para-contratacao-de-profissionais-da-educacao-em-ilheus\/","title":{"rendered":"Seduc divulga resultado final da sele\u00e7\u00e3o para contrata\u00e7\u00e3o de profissionais da educa\u00e7\u00e3o em Ilh\u00e9us"},"content":{"rendered":"<div class=\"imagem thumbnail col-xs-12 col-sm-8 col-md-6 col-lg-6 imagem-materia\"><a class=\"fresco\" title=\"\" href=\"https:\/\/portalfacilarquivos.blob.core.windows.net\/uploads\/ILHEUS\/imgOrig\/%7B0AAAE71B-C0EE-DC44-563B-C3E81BD8388D%7D.jpeg\" data-fresco-caption=\"\"><img loading=\"lazy\" title=\"\" src=\"https:\/\/portalfacilarquivos.blob.core.windows.net\/uploads\/ILHEUS\/img\/%7B0AAAE71B-C0EE-DC44-563B-C3E81BD8388D%7D\/%7B0AAAE71B-C0EE-DC44-563B-C3E81BD8388D%7D_650X450.jpeg\" alt=\"Educa\u00e7\u00e3o Municipal\" width=\"650\" height=\"450\" \/><\/a><\/p>\n<p class=\"bg-primary\">A Secretaria da Educa\u00e7\u00e3o (Seduc) publicou nesta quarta-feira (15), o resultado final do processo seletivo para contrata\u00e7\u00e3o tempor\u00e1ria de professores e profissionais n\u00e3o docentes. Os aprovados ser\u00e3o contratados para ocupar as vagas atualmente existentes no quadro de servidores, ficando os demais inclu\u00eddos no cadastro de reserva, podendo ser chamados a qualquer tempo dentro do prazo de validade do certame, conforme for a demanda por profissionais.<\/p>\n<\/div>\n<p><strong><a href=\"https:\/\/www.ilheus.ba.gov.br\/abrir_arquivo.aspx\/Resultado_final_da_selecao_?cdLocal=2&amp;arquivo={88A5A1B7-AEC2-225C-D8E4-EED0D480CAC5}.pdf\" target=\"_blank\" rel=\"noopener\">Clique aqui<\/a><\/strong>\u00a0e confira o resultado final do processo simplificado.<\/p>\n<p>No total, ser\u00e3o preenchidas 365 vagas para as \u00e1reas educacionais, entre docentes e n\u00e3o docentes. Os contratados atuar\u00e3o nas 53 escolas da rede municipal de ensino, dando suporte \u00e0s atividades pedag\u00f3gicas. Os aprovados dever\u00e3o comparecer ao Setor de Programa\u00e7\u00e3o e Pessoal da Seduc, localizado na Avenida Canavieiras, para assinar o contrato de admiss\u00e3o de acordo com a data e o hor\u00e1rio indicado abaixo.<\/p>\n<p><strong>Data de apresenta\u00e7\u00e3o:<\/strong>\u00a015\/03<\/p>\n<p><strong>Hor\u00e1rio:<\/strong>\u00a0das 9h \u00e0s 12h<\/p>\n<p><strong>Cargo:<\/strong>\u00a0de 001 a 006 (Docentes Anos Iniciais)<\/p>\n<p>&nbsp;<\/p>\n<p><strong>Data de apresenta\u00e7\u00e3o:<\/strong>\u00a015\/03<\/p>\n<p><strong>Hor\u00e1rio:<\/strong>\u00a0das 13h \u00e0s 14h<\/p>\n<p><strong>Cargo:<\/strong>\u00a0de 016 a 024 (Ed. F\u00edsica e Letras com Ingl\u00eas)<\/p>\n<p>&nbsp;<\/p>\n<p><strong>Data de apresenta\u00e7\u00e3o:<\/strong>\u00a016\/03<\/p>\n<p><strong>Hor\u00e1rio:\u00a0<\/strong>das 9h \u00e0s 11h<\/p>\n<p><strong>Cargo:<\/strong>\u00a0de 007 a 015 (Supervisor\/ Orientador e Int\u00e9rprete de Libras)<\/p>\n<p>&nbsp;<\/p>\n<p><strong>Data de apresenta\u00e7\u00e3o:<\/strong>\u00a016\/03<\/p>\n<p><strong>Hor\u00e1rio:<\/strong>\u00a0das 11h \u00e0s 13h<\/p>\n<p><strong>Cargo:<\/strong>\u00a0de 025 a 047 (Matem\u00e1tica e Filosofia)<\/p>\n<p>&nbsp;<\/p>\n<p><strong>Data de apresenta\u00e7\u00e3o:\u00a0<\/strong>16\/03<\/p>\n<p><strong>Hor\u00e1rio:<\/strong>\u00a0das 13h \u00e0s 14h<\/p>\n<p><strong>Cargo:<\/strong>\u00a0de 048 a 052 (Merendeira e Auxiliar de Servi\u00e7os Gerais)<\/p>\n","protected":false},"excerpt":{"rendered":"<p>A Secretaria da Educa\u00e7\u00e3o (Seduc) publicou nesta quarta-feira (15), o resultado final do processo seletivo para contrata\u00e7\u00e3o tempor\u00e1ria de professores e profissionais n\u00e3o docentes. Os aprovados ser\u00e3o contratados para ocupar as vagas atualmente existentes no quadro de servidores, ficando os demais inclu\u00eddos no cadastro de reserva, podendo ser chamados a qualquer tempo dentro do prazo [&hellip;]<\/p>\n","protected":false},"author":2,"featured_media":0,"comment_status":"open","ping_status":"open","sticky":false,"template":"","format":"standard","meta":{"_links_to":"","_links_to_target":""},"categories":[7,9,8,1],"tags":[],"_links":{"self":[{"href":"https:\/\/www.ilheusnoticias.net.br\/v1\/wp-json\/wp\/v2\/posts\/31309"}],"collection":[{"href":"https:\/\/www.ilheusnoticias.net.br\/v1\/wp-json\/wp\/v2\/posts"}],"about":[{"href":"https:\/\/www.ilheusnoticias.net.br\/v1\/wp-json\/wp\/v2\/types\/post"}],"author":[{"embeddable":true,"href":"https:\/\/www.ilheusnoticias.net.br\/v1\/wp-json\/wp\/v2\/users\/2"}],"replies":[{"embeddable":true,"href":"https:\/\/www.ilheusnoticias.net.br\/v1\/wp-json\/wp\/v2\/comments?post=31309"}],"version-history":[{"count":1,"href":"https:\/\/www.ilheusnoticias.net.br\/v1\/wp-json\/wp\/v2\/posts\/31309\/revisions"}],"predecessor-version":[{"id":31310,"href":"https:\/\/www.ilheusnoticias.net.br\/v1\/wp-json\/wp\/v2\/posts\/31309\/revisions\/31310"}],"wp:attachment":[{"href":"https:\/\/www.ilheusnoticias.net.br\/v1\/wp-json\/wp\/v2\/media?parent=31309"}],"wp:term":[{"taxonomy":"category","embeddable":true,"href":"https:\/\/www.ilheusnoticias.net.br\/v1\/wp-json\/wp\/v2\/categories?post=31309"},{"taxonomy":"post_tag","embeddable":true,"href":"https:\/\/www.ilheusnoticias.net.br\/v1\/wp-json\/wp\/v2\/tags?post=31309"}],"curies":[{"name":"wp","href":"https:\/\/api.w.org\/{rel}","templated":true}]}}