{"id":31305,"date":"2023-03-15T08:44:16","date_gmt":"2023-03-15T11:44:16","guid":{"rendered":"https:\/\/www.ilheusnoticias.net.br\/v1\/?p=31305"},"modified":"2023-03-15T08:44:16","modified_gmt":"2023-03-15T11:44:16","slug":"imposto-de-renda-2023-prazo-comeca-nesta-quarta-veja-como-baixar-o-programa-e-fazer-a-declaracao","status":"publish","type":"post","link":"https:\/\/www.ilheusnoticias.net.br\/v1\/2023\/03\/15\/imposto-de-renda-2023-prazo-comeca-nesta-quarta-veja-como-baixar-o-programa-e-fazer-a-declaracao\/","title":{"rendered":"Imposto de Renda 2023: prazo come\u00e7a nesta quarta; veja como baixar o programa e fazer a declara\u00e7\u00e3o"},"content":{"rendered":"<div class=\"row content-head non-featured \">\n<div class=\"title\" data-block-type=\"title\" data-block-id=\"0\">\n<h1 class=\"content-head__title\"><span style=\"font-size: 16px;\">Per\u00edodo de entrega vai at\u00e9 31 de maio; Receita Federal espera receber at\u00e9 39,5 milh\u00f5es de declara\u00e7\u00f5es.<\/span><\/h1>\n<\/div>\n<\/div>\n<div class=\"content__signa-share\">\n<div class=\"content__signature\">\n<div class=\"content-publication-data\">\n<div class=\"content-publication-data__text\">\n<p class=\"content-publication-data__from\" title=\"Isabela Bolzani, g1\">Por Isabela Bolzani, g1<\/p>\n<\/div>\n<\/div>\n<\/div>\n<\/div>\n<div class=\"mc-article-body\">\n<article>\n<div id=\"chunk-3shmb\">\n<div class=\"row medium-uncollapsed content-media content-photo\" data-block-type=\"backstage-photo\" data-block-id=\"1\">\n<div class=\"column medium-22 large-20 medium-centered content-media__container\">\n<div class=\"content-media-container glb-skeleton-box\">\n<figure class=\"content-media-figure\"><img loading=\"lazy\" class=\"i-amphtml-fill-content i-amphtml-replaced-content\" src=\"https:\/\/s2.glbimg.com\/wLR-WSOYDKhZJiTNQKB3fYLB5g8=\/0x0:1920x1079\/1008x0\/smart\/filters:strip_icc()\/i.s3.glbimg.com\/v1\/AUTH_59edd422c0c84a879bd37670ae4f538a\/internal_photos\/bs\/2023\/u\/B\/iheqTAT8iSuCiXrnGIcw\/ir-abre-destaque.png\" srcset=\"\" alt=\"Imposto de Renda 2023: prazo come\u00e7a nesta quarta. \u2014 Foto: Arte \/ g1\" width=\"538\" height=\"302\" \/><\/figure>\n<\/div>\n<p class=\"content-media__description \">Imposto de Renda 2023: prazo come\u00e7a nesta quarta. \u2014 Foto: Arte \/ g1<\/p>\n<\/div>\n<\/div>\n<\/div>\n<div id=\"chunk-4nlr1\">\n<div class=\"mc-column content-text active-extra-styles \" data-block-type=\"unstyled\" data-block-weight=\"33\" data-block-id=\"3\">\n<p class=\"content-text__container \" data-track-category=\"Link no Texto\" data-track-links=\"\">O per\u00edodo para envio da declara\u00e7\u00e3o anual do Imposto de Renda 2023 \u00e0\u00a0<a class=\"\" href=\"https:\/\/g1.globo.com\/tudo-sobre\/receita-federal\/\">Receita Federal<\/a>\u00a0come\u00e7a nesta quarta-feira (15), \u00e0s 9h. A entrega neste ano vai at\u00e9 o dia 31 de maio.<\/p>\n<\/div>\n<\/div>\n<div class=\"wall protected-content\">\n<div id=\"chunk-3arrk\">\n<div class=\"mc-column content-text active-extra-styles \" data-block-type=\"unstyled\" data-block-weight=\"37\" data-block-id=\"4\">\n<p class=\"content-text__container \" data-track-category=\"Link no Texto\" data-track-links=\"\">O programa gerador do IR tamb\u00e9m j\u00e1 foi liberado para download pelo Fisco e\u00a0<a class=\"\" href=\"https:\/\/www.gov.br\/receitafederal\/pt-br\/assuntos\/meu-imposto-de-renda\/preenchimento\" target=\"_blank\" rel=\"noopener\">pode ser obtido aqui<\/a>. Vale ressaltar, no entanto, que as declara\u00e7\u00f5es online e para dispositivos m\u00f3veis possuem algumas limita\u00e7\u00f5es.\u00a0<em>(saiba mais abaixo)<\/em><\/p>\n<\/div>\n<\/div>\n<div id=\"chunk-4qr1j\">\n<div class=\"mc-column content-text active-extra-styles \" data-block-type=\"unstyled\" data-block-weight=\"41\" data-block-id=\"5\">\n<p class=\"content-text__container \" data-track-category=\"Link no Texto\" data-track-links=\"\">A Receita Federal espera um aumento de at\u00e9 8,8% no n\u00famero de declara\u00e7\u00f5es entregues neste ano em rela\u00e7\u00e3o a 2022, chegando aos\u00a0<a class=\"\" href=\"https:\/\/g1.globo.com\/economia\/imposto-de-renda\/noticia\/2023\/02\/27\/imposto-de-renda-2023-receita-federal-espera-receber-ate-395-milhoes-de-declaracoes.ghtml\">39,5 milh\u00f5es de documentos<\/a>. J\u00e1 as\u00a0<a class=\"\" href=\"https:\/\/g1.globo.com\/economia\/imposto-de-renda\/noticia\/2023\/02\/27\/imposto-de-renda-2023-receita-paga-restituicoes-em-cinco-lotes-1o-sera-liberado-em-31-de-maio.ghtml\">restitui\u00e7\u00f5es ser\u00e3o pagas em cinco lotes<\/a> a partir de 31 de maio.<\/p>\n<\/div>\n<\/div>\n<div class=\"mc-column content-text active-extra-styles\" data-block-type=\"raw\" data-block-weight=\"2\" data-block-id=\"8\">\n<div class=\"content-intertitle\">\n<h2>Declara\u00e7\u00e3o pr\u00e9-preenchida<\/h2>\n<\/div>\n<\/div>\n<div id=\"chunk-46e0a\">\n<div class=\"mc-column content-text active-extra-styles \" data-block-type=\"unstyled\" data-block-weight=\"25\" data-block-id=\"9\">\n<p class=\"content-text__container \" data-track-category=\"Link no Texto\" data-track-links=\"\">Entre as principais mudan\u00e7as anunciadas pela Receita est\u00e1 a possibilidade de o contribuinte utilizar a declara\u00e7\u00e3o pr\u00e9-preenchida j\u00e1 na abertura do prazo de entrega.<\/p>\n<\/div>\n<\/div>\n<div id=\"chunk-80b6i\">\n<div class=\"mc-column content-text active-extra-styles \" data-block-type=\"unstyled\" data-block-weight=\"51\" data-block-id=\"10\">\n<p class=\"content-text__container \" data-track-category=\"Link no Texto\" data-track-links=\"\">Como diz o nome, os dados do contribuinte s\u00e3o preenchidos a partir do que \u00e9 informado previamente na Declara\u00e7\u00e3o de Imposto de Renda Retido na Fonte (Dirf), entregue ao \u00f3rg\u00e3o por pessoas jur\u00eddicas pagadoras, empresas do ramo de im\u00f3veis e prestadores de servi\u00e7os de sa\u00fade at\u00e9 o final de fevereiro.<\/p>\n<\/div>\n<\/div>\n<div id=\"chunk-cc1gg\">\n<div class=\"mc-column content-text active-extra-styles \" data-block-type=\"unstyled\" data-block-weight=\"51\" data-block-id=\"11\">\n<p class=\"content-text__container \" data-track-category=\"Link no Texto\" data-track-links=\"\">Ainda assim, a Receita considera que o contribuinte ainda \u00e9 o respons\u00e1vel por confirmar, alterar, incluir ou excluir dados, se necess\u00e1rio. A declara\u00e7\u00e3o pr\u00e9-preenchida est\u00e1 dispon\u00edvel tanto pelo Programa Gerador de Declara\u00e7\u00e3o (PGD), via computador, quanto pela solu\u00e7\u00e3o Meu Imposto de Renda (online) ou em aplicativo para iOS ou Android.<\/p>\n<\/div>\n<\/div>\n<div id=\"chunk-d34tt\">\n<div class=\"mc-column content-text active-extra-styles \" data-block-type=\"unstyled\" data-block-weight=\"28\" data-block-id=\"12\">\n<p class=\"content-text__container \" data-track-category=\"Link no Texto\" data-track-links=\"\">Um ponto importante \u00e9 que a pr\u00e9-preenchida \u00e9 uma op\u00e7\u00e3o exclusiva para usu\u00e1rios dos n\u00edveis prata e ouro da conta Gov.br (<a class=\"\" href=\"https:\/\/g1.globo.com\/economia\/noticia\/2022\/03\/21\/como-abrir-uma-conta-govbr.ghtml\">veja aqui como abrir a sua<\/a>).<\/p>\n<\/div>\n<\/div>\n<div class=\"mc-column content-text active-extra-styles\" data-block-type=\"raw\" data-block-weight=\"35\" data-block-id=\"13\">\n<blockquote class=\"content-blockquote theme-border-color-primary-before\"><p>&#8220;A grande vantagem com o modelo seria a rapidez no preenchimento e o menor risco de incid\u00eancia de malha fina&#8221;, afirmou Ricardo Oliveira de Jesus, s\u00f3cio da ABordin Consultores, empresa que integra o Grupo CorpServices.<\/p><\/blockquote>\n<\/div>\n<div id=\"chunk-chd45\">\n<div class=\"mc-column content-text active-extra-styles \" data-block-type=\"unstyled\" data-block-weight=\"11\" data-block-id=\"15\">\n<p class=\"content-text__container \" data-track-category=\"Link no Texto\" data-track-links=\"\">Segundo o executivo,\u00a0<strong>as informa\u00e7\u00f5es que vir\u00e3o na declara\u00e7\u00e3o pr\u00e9-preenchida s\u00e3o<\/strong>:<\/p>\n<\/div>\n<\/div>\n<div class=\"mc-column content-text active-extra-styles\" data-block-type=\"raw\" data-block-weight=\"163\" data-block-id=\"16\">\n<ul class=\"content-unordered-list\">\n<li>Dados cadastrais, de dependentes, de fontes pagadoras e de bens e direitos;<\/li>\n<li>Rendimentos informados na Dirf, DIMOB e DMED;<\/li>\n<li>Carn\u00ea-le\u00e3o web;<\/li>\n<li>Contribui\u00e7\u00f5es em previd\u00eancia privada declaradas na e-financeira;<\/li>\n<li>Dados (informa\u00e7\u00f5es cadastrais e dados da aquisi\u00e7\u00e3o) dos im\u00f3veis adquiridos em 2022, desde que registrados em of\u00edcio de notas e reportados \u00e0 Receita via Declara\u00e7\u00e3o sobre Opera\u00e7\u00f5es Imobili\u00e1rias (DOI). As informa\u00e7\u00f5es relativas aos pagamentos realizados dever\u00e3o ser reportadas manualmente pelo contribuinte;<\/li>\n<li>Doa\u00e7\u00f5es efetuadas a entidades filantr\u00f3picas e reportadas em Declara\u00e7\u00e3o de Benef\u00edcios Fiscais (DBF), ser\u00e3o importadas automaticamente;<\/li>\n<li>Dados relativos a criptoativos, reportados por corretoras do setor;<\/li>\n<li>Atualiza\u00e7\u00e3o autom\u00e1tica dos saldos banc\u00e1rios em 31 de dezembro de 2022, desde que as informa\u00e7\u00f5es \u2014 como CNPJ, banco, conta e ag\u00eancia, por exemplo \u2014 estejam devidamente preenchidos na data base de 31 de dezembro de 2021;<\/li>\n<li>Inclus\u00e3o de contas banc\u00e1rias ou fundo de investimentos, novos ou n\u00e3o declarados anteriormente. Sobre este item haver\u00e1 especial aten\u00e7\u00e3o para que n\u00e3o corram duplicidade no lan\u00e7amento;<\/li>\n<li>Valor das restitui\u00e7\u00f5es recebidas em 2022<\/li>\n<\/ul>\n<\/div>\n<div class=\"mc-column content-text active-extra-styles\" data-block-type=\"raw\" data-block-weight=\"9\" data-block-id=\"17\">\n<div class=\"content-intertitle\">\n<h2><strong>Veja o passo a passo para fazer sua declara\u00e7\u00e3o:<\/strong><\/h2>\n<\/div>\n<\/div>\n<div id=\"chunk-fph6v\">\n<div class=\"mc-column content-text active-extra-styles \" data-block-type=\"unstyled\" data-block-weight=\"5\" data-block-id=\"18\">\n<p class=\"content-text__container \" data-track-category=\"Link no Texto\" data-track-links=\"\"><strong><span class=\"highlight highlighted\">1 &#8211; Baixe o programa<\/span><\/strong><\/p>\n<\/div>\n<\/div>\n<div id=\"chunk-93qqc\">\n<div class=\"mc-column content-text active-extra-styles \" data-block-type=\"unstyled\" data-block-weight=\"28\" data-block-id=\"19\">\n<p class=\"content-text__container \" data-track-category=\"Link no Texto\" data-track-links=\"\">Antes de come\u00e7ar, a fazer a declara\u00e7\u00e3o, instale o programa da Receita Federal.\u00a0<a class=\"\" href=\"https:\/\/g1.globo.com\/economia\/imposto-de-renda\/noticia\/2023\/03\/09\/imposto-de-renda-2023-como-baixar-o-programa.ghtml\">Veja como.<\/a> Os programas est\u00e3o dispon\u00edveis para download tanto pelo computador quanto pelo celu<\/p>\n<\/div>\n<\/div>\n<div id=\"chunk-6a8e3\">\n<div class=\"bs-video-block mc-column  content-media content-video\" data-block-type=\"backstage-video\" data-block-id=\"22\">\n<div class=\"content-media__container\">\n<p class=\"content-media__description\">Imposto de Renda 2023: Veja como baixar programa de declara\u00e7\u00e3o<\/p>\n<\/div>\n<\/div>\n<\/div>\n<div id=\"chunk-69si7\">\n<div class=\"mc-column content-text active-extra-styles \" data-block-type=\"unstyled\" data-block-weight=\"28\" data-block-id=\"23\">\n<p class=\"content-text__container \" data-track-category=\"Link no Texto\" data-track-links=\"\">Do computador, o contribuinte poder\u00e1 baixar vers\u00f5es de Windows, multiplataforma (zip) e outros (Mac, Linux, Solaris). J\u00e1 para celulares, os programas est\u00e3o dispon\u00edveis para Android e IOS.<\/p>\n<\/div>\n<\/div>\n<div id=\"chunk-6a0ft\">\n<div class=\"mc-column content-text active-extra-styles \" data-block-type=\"unstyled\" data-block-weight=\"36\" data-block-id=\"24\">\n<p class=\"content-text__container \" data-track-category=\"Link no Texto\" data-track-links=\"\">Para fazer o download, basta buscar &#8216;Meu Imposto de Renda&#8217; na loja de aplicativos do seu celular \u2014 segundo a Receita, mesmo quem j\u00e1 tem o aplicativo instalado de anos anteriores precisar\u00e1 baixar uma nova vers\u00e3o.<\/p>\n<\/div>\n<\/div>\n<div id=\"chunk-bp3q6\">\n<div class=\"mc-column content-text active-extra-styles \" data-block-type=\"unstyled\" data-block-weight=\"21\" data-block-id=\"25\">\n<p class=\"content-text__container \" data-track-category=\"Link no Texto\" data-track-links=\"\">A declara\u00e7\u00e3o tamb\u00e9m poder\u00e1 ser feita online, na p\u00e1gina &#8216;Meu Imposto de Renda&#8217;, acessando o portal e-Cac (<a class=\"\" href=\"https:\/\/cav.receita.fazenda.gov.br\/autenticacao\/login\/index\/107\" target=\"_blank\" rel=\"noopener\">clique aqui para acessar<\/a>).<\/p>\n<\/div>\n<\/div>\n<div id=\"chunk-esakv\">\n<div class=\"mc-column content-text active-extra-styles \" data-block-type=\"unstyled\" data-block-weight=\"18\" data-block-id=\"26\">\n<p class=\"content-text__container \" data-track-category=\"Link no Texto\" data-track-links=\"\"><strong>O contribuinte, por\u00e9m, n\u00e3o poder\u00e1 usar as op\u00e7\u00f5es de declara\u00e7\u00e3o online e por aplicativo caso tenha recebido rendimento<\/strong><\/p>\n<\/div>\n<\/div>\n<div class=\"mc-column content-text active-extra-styles\" data-block-type=\"raw\" data-block-weight=\"33\" data-block-id=\"28\">\n<ul class=\"content-unordered-list\">\n<li>tribut\u00e1vel ou n\u00e3o, superior a R$ 5 milh\u00f5es;<\/li>\n<li>do exterior;<\/li>\n<li>relativo a recupera\u00e7\u00e3o da parcela isenta da atividade rural;<\/li>\n<li>ou correspondente a lucro em venda de im\u00f3vel residencial para aquisi\u00e7\u00e3o de outro im\u00f3vel.<\/li>\n<\/ul>\n<\/div>\n<div id=\"chunk-492s4\">\n<div class=\"mc-column content-text active-extra-styles \" data-block-type=\"unstyled\" data-block-weight=\"3\" data-block-id=\"29\">\n<p class=\"content-text__container \" data-track-category=\"Link no Texto\" data-track-links=\"\"><strong><span class=\"highlight highlighted\">2 &#8211; Documenta\u00e7\u00e3o<\/span><\/strong><\/p>\n<\/div>\n<\/div>\n<div id=\"chunk-djmue\">\n<div class=\"mc-column content-text active-extra-styles \" data-block-type=\"unstyled\" data-block-weight=\"33\" data-block-id=\"30\">\n<p class=\"content-text__container \" data-track-category=\"Link no Texto\" data-track-links=\"\">Separe seus documentos. Voc\u00ea precisar\u00e1 ter em m\u00e3os informes de rendimentos da empresa em que trabalha, de institui\u00e7\u00f5es financeiras e de outras rendas recebidas no ano passado.\u00a0<strong>Veja a lista de documentos necess\u00e1rios:<\/strong><\/p>\n<\/div>\n<\/div>\n<div id=\"chunk-a36pu\">\n<div class=\"mc-column content-text active-extra-styles \" data-block-type=\"unstyled\" data-block-weight=\"1\" data-block-id=\"31\">\n<p class=\"content-text__container \" data-track-category=\"Link no Texto\" data-track-links=\"\"><strong>Renda<\/strong><\/p>\n<\/div>\n<\/div>\n<div class=\"mc-column content-text active-extra-styles\" data-block-type=\"raw\" data-block-weight=\"75\" data-block-id=\"32\">\n<ul class=\"content-unordered-list\">\n<li>Informes de rendimentos de institui\u00e7\u00f5es financeiras, inclusive corretora de valores;<\/li>\n<li>Informes de rendimentos de sal\u00e1rios, pr\u00f3-labore, distribui\u00e7\u00e3o de lucros, aposentadoria, pens\u00f5es etc.;<\/li>\n<li>Informes de rendimentos de alugu\u00e9is de bens m\u00f3veis e im\u00f3veis recebidos de jur\u00eddicas etc.;<\/li>\n<li>Informa\u00e7\u00f5es e documentos de outras rendas percebidas no exerc\u00edcio de 2021, tais como doa\u00e7\u00f5es, heran\u00e7as, dentre outras;<\/li>\n<li>Livro Caixa e DARFs de Carn\u00ea-Le\u00e3o;<\/li>\n<li>Informes de rendimentos de participa\u00e7\u00f5es de programas fiscais (Nota Fiscal Paulista, Nota Fiscal Paulistana, dentre outros).<\/li>\n<\/ul>\n<\/div>\n<div id=\"chunk-fhi0a\">\n<div class=\"mc-column content-text active-extra-styles \" data-block-type=\"unstyled\" data-block-weight=\"3\" data-block-id=\"33\">\n<p class=\"content-text__container \" data-track-category=\"Link no Texto\" data-track-links=\"\"><strong>Bens e direitos<\/strong><\/p>\n<\/div>\n<\/div>\n<div class=\"mc-column content-text active-extra-styles\" data-block-type=\"raw\" data-block-weight=\"39\" data-block-id=\"34\">\n<ul class=\"content-unordered-list\">\n<li>Documentos que comprovem a compra e venda de bens e direitos ocorridas em 2022;<\/li>\n<li>C\u00f3pia da matr\u00edcula do im\u00f3vel e\/ou escritura de compra e venda;<\/li>\n<li>Boleto do\u00a0<a class=\"\" href=\"https:\/\/g1.globo.com\/tudo-sobre\/iptu\/\">IPTU<\/a>;<\/li>\n<li>Documentos que comprovem a posi\u00e7\u00e3o acion\u00e1ria de cada empresa, se houver.<\/li>\n<\/ul>\n<\/div>\n<div id=\"chunk-1fvm\">\n<div class=\"mc-column content-text active-extra-styles \" data-block-type=\"unstyled\" data-block-weight=\"3\" data-block-id=\"35\">\n<p class=\"content-text__container \" data-track-category=\"Link no Texto\" data-track-links=\"\"><strong>D\u00edvidas e \u00f4nus<\/strong><\/p>\n<\/div>\n<\/div>\n<div class=\"mc-column content-text active-extra-styles\" data-block-type=\"raw\" data-block-weight=\"12\" data-block-id=\"36\">\n<ul class=\"content-unordered-list\">\n<li>Informa\u00e7\u00f5es e documentos de d\u00edvida e \u00f4nus contra\u00eddos e\/ou pagos em 2022.<\/li>\n<\/ul>\n<\/div>\n<div id=\"chunk-71ne2\">\n<div class=\"content-ads content-ads--reveal\" data-block-type=\"ads\" data-block-id=\"37\"><\/div>\n<\/div>\n<div id=\"chunk-bad4g\">\n<div class=\"mc-column content-text active-extra-styles \" data-block-type=\"unstyled\" data-block-weight=\"2\" data-block-id=\"38\">\n<p class=\"content-text__container \" data-track-category=\"Link no Texto\" data-track-links=\"\"><strong>Renda vari\u00e1vel<\/strong><\/p>\n<\/div>\n<\/div>\n<div class=\"mc-column content-text active-extra-styles\" data-block-type=\"raw\" data-block-weight=\"36\" data-block-id=\"39\">\n<ul class=\"content-unordered-list\">\n<li>Controle de compra e venda de a\u00e7\u00f5es, inclusive com a apura\u00e7\u00e3o mensal de imposto (indispens\u00e1vel para o c\u00e1lculo do Imposto de Renda sobre Renda Vari\u00e1vel);<\/li>\n<li>DARFs de Renda Vari\u00e1vel;<\/li>\n<li>Informes de rendimento auferido em renda vari\u00e1vel.<\/li>\n<\/ul>\n<\/div>\n<div id=\"chunk-6nkgd\">\n<div class=\"mc-column content-text active-extra-styles \" data-block-type=\"unstyled\" data-block-weight=\"4\" data-block-id=\"40\">\n<p class=\"content-text__container \" data-track-category=\"Link no Texto\" data-track-links=\"\"><strong>Pagamentos e dedu\u00e7\u00f5es efetuadas<\/strong><\/p>\n<\/div>\n<\/div>\n<div class=\"mc-column content-text active-extra-styles\" data-block-type=\"raw\" data-block-weight=\"72\" data-block-id=\"41\">\n<ul class=\"content-unordered-list\">\n<li>Recibos de pagamentos de plano de sa\u00fade (com CNPJ da empresa emissora);<\/li>\n<li>Despesas m\u00e9dicas e odontol\u00f3gicas em geral (com CNPJ da empresa emissora);<\/li>\n<li>Comprovantes de despesas com educa\u00e7\u00e3o (com CNPJ da empresa emissora, com a indica\u00e7\u00e3o do aluno);<\/li>\n<li>Comprovante de pagamento de previd\u00eancia social e privada (com CNPJ da empresa emissora);<\/li>\n<li>Recibos de doa\u00e7\u00f5es efetuadas;<\/li>\n<li>Recibos de empregada dom\u00e9stica (apenas uma), contendo n\u00famero NIT;<\/li>\n<li>Recibos de pagamentos efetuados a prestadores de servi\u00e7os.<\/li>\n<\/ul>\n<\/div>\n<div id=\"chunk-2ig4h\">\n<div class=\"mc-column content-text active-extra-styles \" data-block-type=\"unstyled\" data-block-weight=\"2\" data-block-id=\"42\">\n<p class=\"content-text__container \" data-track-category=\"Link no Texto\" data-track-links=\"\"><strong>Informa\u00e7\u00f5es gerais<\/strong><\/p>\n<\/div>\n<\/div>\n<div class=\"mc-column content-text active-extra-styles\" data-block-type=\"raw\" data-block-weight=\"43\" data-block-id=\"43\">\n<ul class=\"content-unordered-list\">\n<li>Nome,\u00a0<a class=\"\" href=\"https:\/\/g1.globo.com\/tudo-sobre\/cpf\">CPF<\/a>, grau de parentesco e data de nascimento dos dependentes;<\/li>\n<li>Endere\u00e7os atualizados;<\/li>\n<li>C\u00f3pia completa da \u00faltima Declara\u00e7\u00e3o de Imposto de Renda Pessoas F\u00edsica entregue;<\/li>\n<li>Dados da conta para restitui\u00e7\u00e3o ou d\u00e9bitos das cotas de imposto apurado, caso haja;<\/li>\n<li>Atividade profissional exercida atualmente.<\/li>\n<\/ul>\n<\/div>\n<div id=\"chunk-m8ac\">\n<div class=\"mc-column content-text active-extra-styles \" data-block-type=\"unstyled\" data-block-weight=\"35\" data-block-id=\"44\">\n<p class=\"content-text__container \" data-track-category=\"Link no Texto\" data-track-links=\"\">O contribuinte tamb\u00e9m pode precisar incluir informa\u00e7\u00f5es complementares sobre alguns tipos de bens \u2014 como im\u00f3veis e ve\u00edculos, por exemplo \u2014, al\u00e9m de dados de conta corrente e aplica\u00e7\u00f5es financeiras.\u00a0<strong>Veja quais s\u00e3o essas informa\u00e7\u00f5es:<\/strong><\/p>\n<\/div>\n<\/div>\n<div class=\"mc-column content-text active-extra-styles\" data-block-type=\"raw\" data-block-weight=\"44\" data-block-id=\"45\">\n<p class=\"content-text__container\">\n<ul class=\"content-unordered-list\">\n<li>Im\u00f3veis: data de aquisi\u00e7\u00e3o, \u00e1rea do im\u00f3vel, Inscri\u00e7\u00e3o municipal (IPTU), registro de inscri\u00e7\u00e3o no \u00f3rg\u00e3o p\u00fablico e registro no cart\u00f3rio de Im\u00f3veis;<\/li>\n<li>Ve\u00edculo, aeronaves e embarca\u00e7\u00f5es: n\u00famero do\u00a0<a class=\"\" href=\"https:\/\/g1.globo.com\/carros\/assuntos\/renavam\/\">Renavam<\/a>\u00a0e\/ou registro no correspondente \u00f3rg\u00e3o fiscalizador;<\/li>\n<li>Contas correntes e aplica\u00e7\u00f5es financeiras: CNPJ da institui\u00e7\u00e3o financeira.<\/li>\n<\/ul>\n<\/div>\n<div id=\"chunk-2vh7a\">\n<div class=\"mc-column content-text active-extra-styles \" data-block-type=\"unstyled\" data-block-weight=\"5\" data-block-id=\"47\">\n<p class=\"content-text__container \" data-track-category=\"Link no Texto\" data-track-links=\"\"><strong><span class=\"highlight highlighted\">3 &#8211; Declara\u00e7\u00e3o ou retifica\u00e7\u00e3o?<\/span><\/strong><\/p>\n<\/div>\n<\/div>\n<div id=\"chunk-bdh71\">\n<div class=\"mc-column content-text active-extra-styles \" data-block-type=\"unstyled\" data-block-weight=\"48\" data-block-id=\"48\">\n<p class=\"content-text__container \" data-track-category=\"Link no Texto\" data-track-links=\"\">Ao abrir o programa do IR 2023, clique na aba &#8216;nova&#8217; e escolha a op\u00e7\u00e3o \u201cDeclara\u00e7\u00e3o de ajuste anual\u201d. Depois, basta selecionar a op\u00e7\u00e3o &#8216;Iniciar Importando Declara\u00e7\u00e3o de 2022&#8217; se a sua declara\u00e7\u00e3o do ano passado estiver no mesmo computador. Caso contr\u00e1rio, clique em &#8216;Iniciar Declara\u00e7\u00e3o em Branco&#8217;.<\/p>\n<\/div>\n<\/div>\n<div id=\"chunk-7gc18\">\n<div class=\"mc-column content-text active-extra-styles \" data-block-type=\"unstyled\" data-block-weight=\"4\" data-block-id=\"49\">\n<p class=\"content-text__container \" data-track-category=\"Link no Texto\" data-track-links=\"\"><strong><span class=\"highlight highlighted\">4 &#8211; Dados cadastrais<\/span><\/strong><\/p>\n<\/div>\n<\/div>\n<div id=\"chunk-emsu9\">\n<div class=\"mc-column content-text active-extra-styles \" data-block-type=\"unstyled\" data-block-weight=\"36\" data-block-id=\"50\">\n<p class=\"content-text__container \" data-track-category=\"Link no Texto\" data-track-links=\"\">Preencha primeiro os dados pessoais, como endere\u00e7o e CPF. Clicando em &#8216;Identifica\u00e7\u00e3o do Contribuinte&#8217;, voc\u00ea tamb\u00e9m deve informar o n\u00famero do recibo da declara\u00e7\u00e3o entregue no passado, o n\u00famero do t\u00edtulo eleitoral e a sua ocupa\u00e7\u00e3o.<\/p>\n<\/div>\n<\/div>\n<div id=\"chunk-10gf7\">\n<div class=\"mc-column content-text active-extra-styles \" data-block-type=\"unstyled\" data-block-weight=\"39\" data-block-id=\"51\">\n<p class=\"content-text__container \" data-track-category=\"Link no Texto\" data-track-links=\"\">No alto da p\u00e1gina, clique em &#8216;Declara\u00e7\u00e3o de Ajuste Anual Original&#8217; \u2014 que indica que essa \u00e9 uma nova declara\u00e7\u00e3o. A outra op\u00e7\u00e3o, &#8216;Declara\u00e7\u00e3o Retificadora&#8217;, deve ser usada para enviar uma corre\u00e7\u00e3o \u00e0 declara\u00e7\u00e3o anterior referente ao mesmo ano.<\/p>\n<\/div>\n<\/div>\n<div id=\"chunk-9fodi\">\n<div class=\"mc-column content-text active-extra-styles \" data-block-type=\"unstyled\" data-block-weight=\"3\" data-block-id=\"52\">\n<p class=\"content-text__container \" data-track-category=\"Link no Texto\" data-track-links=\"\"><strong><span class=\"highlight highlighted\">5 &#8211; Rendimentos<\/span><\/strong><\/p>\n<\/div>\n<\/div>\n<div id=\"chunk-f1r7p\">\n<div class=\"mc-column content-text active-extra-styles \" data-block-type=\"unstyled\" data-block-weight=\"25\" data-block-id=\"53\">\n<p class=\"content-text__container \" data-track-category=\"Link no Texto\" data-track-links=\"\">Tudo que \u00e9 informado pelas fontes pagadoras e institui\u00e7\u00f5es financeiras precisa ser declarado. Caso contr\u00e1rio, o contribuinte corre o risco de cair na malha fina.<\/p>\n<\/div>\n<\/div>\n<div id=\"chunk-342p2\">\n<div class=\"mc-column content-text active-extra-styles \" data-block-type=\"unstyled\" data-block-weight=\"43\" data-block-id=\"54\">\n<p class=\"content-text__container \" data-track-category=\"Link no Texto\" data-track-links=\"\">Para isso, ser\u00e1 necess\u00e1rio pegar o informe da sua empresa e do banco e declarar os rendimentos do ano passado. Na ficha &#8220;Rendimentos tribut\u00e1veis recebidos de PJ pelo Titular&#8221;, precisam ser informadas todas as fontes pagadoras e todos os valores recebidos em 2022.<\/p>\n<\/div>\n<\/div>\n<div id=\"chunk-4d245\">\n<div class=\"mc-column content-text active-extra-styles \" data-block-type=\"unstyled\" data-block-weight=\"42\" data-block-id=\"56\">\n<p class=\"content-text__container \" data-track-category=\"Link no Texto\" data-track-links=\"\">Rendimentos isentos e n\u00e3o tribut\u00e1veis, como bolsas de estudo e ganhos com a poupan\u00e7a, devem ser informados em ficha espec\u00edfica. J\u00e1 os rendimentos com aplica\u00e7\u00f5es financeiras e participa\u00e7\u00e3o nos lucros e resultados devem ser informados na ficha &#8220;Rendimentos sujeitos \u00e0 tributa\u00e7\u00e3o exclusiva&#8221;.<\/p>\n<\/div>\n<\/div>\n<div id=\"chunk-eau3e\">\n<div class=\"mc-column content-text active-extra-styles \" data-block-type=\"unstyled\" data-block-weight=\"5\" data-block-id=\"57\">\n<p class=\"content-text__container \" data-track-category=\"Link no Texto\" data-track-links=\"\"><strong><span class=\"highlight highlighted\">6 &#8211; Bens e direitos<\/span><\/strong><\/p>\n<\/div>\n<\/div>\n<div id=\"chunk-27mjj\">\n<div class=\"mc-column content-text active-extra-styles \" data-block-type=\"unstyled\" data-block-weight=\"36\" data-block-id=\"58\">\n<p class=\"content-text__container \" data-track-category=\"Link no Texto\" data-track-links=\"\">Aplica\u00e7\u00f5es financeiras, saldo em conta corrente e bens como im\u00f3veis e ve\u00edculos devem ser informados na ficha &#8220;Bens e direitos\u201d, com o valor em reais em 31 de dezembro de 2021 e no final de 2022.<\/p>\n<\/div>\n<\/div>\n<div id=\"chunk-7ahcj\">\n<div class=\"mc-column content-text active-extra-styles \" data-block-type=\"unstyled\" data-block-weight=\"4\" data-block-id=\"59\">\n<p class=\"content-text__container \" data-track-category=\"Link no Texto\" data-track-links=\"\"><strong><span class=\"highlight highlighted\">7 &#8211; Pagamentos efetuados<\/span><\/strong><\/p>\n<\/div>\n<\/div>\n<div id=\"chunk-5pkt5\">\n<div class=\"mc-column content-text active-extra-styles \" data-block-type=\"unstyled\" data-block-weight=\"36\" data-block-id=\"60\">\n<p class=\"content-text__container \" data-track-category=\"Link no Texto\" data-track-links=\"\">Os gastos com despesas dedut\u00edveis e que podem ser comprovadas, como pagamentos com sa\u00fade e educa\u00e7\u00e3o, devem ser declarados na ficha &#8220;Pagamentos efetuados&#8221;, e precisam ser informados o CNPJ ou CPF da institui\u00e7\u00e3o ou do profissional.<\/p>\n<\/div>\n<\/div>\n<div id=\"chunk-4uli8\">\n<div class=\"mc-column content-text active-extra-styles \" data-block-type=\"unstyled\" data-block-weight=\"4\" data-block-id=\"61\">\n<p class=\"content-text__container \" data-track-category=\"Link no Texto\" data-track-links=\"\"><strong><span class=\"highlight highlighted\">8 &#8211; Verifique pend\u00eancias<\/span><\/strong><\/p>\n<\/div>\n<\/div>\n<div id=\"chunk-6uml3\">\n<div class=\"mc-column content-text active-extra-styles \" data-block-type=\"unstyled\" data-block-weight=\"26\" data-block-id=\"62\">\n<p class=\"content-text__container \" data-track-category=\"Link no Texto\" data-track-links=\"\">Existe um bot\u00e3o &#8220;verificar pend\u00eancias&#8221;. Caso algum campo obrigat\u00f3rio n\u00e3o tenha sido preenchido, o pr\u00f3prio programa far\u00e1 o alerta e mostrar\u00e1 o que precisa ser corrigido.<\/p>\n<\/div>\n<\/div>\n<div id=\"chunk-61noa\">\n<div class=\"mc-column content-text active-extra-styles \" data-block-type=\"unstyled\" data-block-weight=\"5\" data-block-id=\"63\">\n<p class=\"content-text__container \" data-track-category=\"Link no Texto\" data-track-links=\"\"><strong><span class=\"highlight highlighted\">9 &#8211; Completa ou simplificada<\/span><\/strong><\/p>\n<\/div>\n<\/div>\n<div id=\"chunk-30ek6\">\n<div class=\"mc-column content-text active-extra-styles \" data-block-type=\"unstyled\" data-block-weight=\"43\" data-block-id=\"64\">\n<p class=\"content-text__container \" data-track-category=\"Link no Texto\" data-track-links=\"\">O \u00faltimo passo \u00e9 escolher o modelo de tributa\u00e7\u00e3o: por dedu\u00e7\u00f5es legais, chamada declara\u00e7\u00e3o completa, ou por desconto simplificado. O pr\u00f3prio programa indica a op\u00e7\u00e3o mais vantajosa \u2014 ou seja, que oferece maior valor de restitui\u00e7\u00e3o ou menor valor de imposto a pagar.<\/p>\n<\/div>\n<\/div>\n<div id=\"chunk-fcl26\">\n<div class=\"content-ads content-ads--reveal\" data-block-type=\"ads\" data-block-id=\"65\">\n<div id=\"banner_materia__f1a8ad14-838f-4c2d-9a79-7c245f88464e\" class=\"tag-manager-publicidade-container mc-has-reveal mc-has-ad-lazyload tag-manager-publicidade-banner_materia__f1a8ad14-838f-4c2d-9a79-7c245f88464e tag-manager-publicidade-container--carregado tag-manager-publicidade-container--visivel\" data-id=\"banner_materia__f1a8ad14-838f-4c2d-9a79-7c245f88464e\" data-google-query-id=\"CLOTv7_r3f0CFdaPlQIdad4FyA\">\n<div id=\"google_ads_iframe_\/95377733\/tvg_G1\/Economia\/Imposto_de_Renda_10__container__\"><iframe loading=\"lazy\" id=\"google_ads_iframe_\/95377733\/tvg_G1\/Economia\/Imposto_de_Renda_10\" tabindex=\"0\" title=\"3rd party ad content\" role=\"region\" src=\"https:\/\/0312b788c42ad5866e23b2df0464faaf.safeframe.googlesyndication.com\/safeframe\/1-0-40\/html\/container.html\" name=\"\" width=\"970\" height=\"250\" frameborder=\"0\" marginwidth=\"0\" marginheight=\"0\" scrolling=\"no\" sandbox=\"allow-forms allow-popups allow-popups-to-escape-sandbox allow-same-origin allow-scripts allow-top-navigation-by-user-activation\" data-is-safeframe=\"true\" aria-label=\"Advertisement\" data-google-container-id=\"c\" data-load-complete=\"true\" data-mce-fragment=\"1\"><\/iframe><\/div>\n<\/div>\n<\/div>\n<\/div>\n<div id=\"chunk-24vcn\">\n<div class=\"mc-column content-text active-extra-styles \" data-block-type=\"unstyled\" data-block-weight=\"5\" data-block-id=\"66\">\n<p class=\"content-text__container \" data-track-category=\"Link no Texto\" data-track-links=\"\"><strong><span class=\"highlight highlighted\">10 &#8211; Conta para restitui\u00e7\u00e3o<\/span><\/strong><\/p>\n<\/div>\n<\/div>\n<div id=\"chunk-6uhm0\">\n<div class=\"mc-column content-text active-extra-styles \" data-block-type=\"unstyled\" data-block-weight=\"39\" data-block-id=\"67\">\n<p class=\"content-text__container \" data-track-category=\"Link no Texto\" data-track-links=\"\">Para os contribuintes com direito \u00e0 restitui\u00e7\u00e3o, o sistema pede que seja informado o banco, a ag\u00eancia e conta corrente para o dep\u00f3sito. J\u00e1 quem tiver imposto a pagar, pode optar por parcelar a quantia em at\u00e9 8 cotas.<\/p>\n<\/div>\n<\/div>\n<div id=\"chunk-77sba\">\n<div class=\"mc-column content-text active-extra-styles \" data-block-type=\"unstyled\" data-block-weight=\"3\" data-block-id=\"68\">\n<p class=\"content-text__container \" data-track-category=\"Link no Texto\" data-track-links=\"\"><strong><span class=\"highlight highlighted\">11 &#8211; Entregar<\/span><\/strong><\/p>\n<\/div>\n<\/div>\n<div id=\"chunk-2jga4\">\n<div class=\"mc-column content-text active-extra-styles \" data-block-type=\"unstyled\" data-block-weight=\"18\" data-block-id=\"69\">\n<p class=\"content-text__container \" data-track-category=\"Link no Texto\" data-track-links=\"\">Por fim, basta clicar em \u201cEntregar Declara\u00e7\u00e3o\u201d, no canto esquerdo inferior da tela. A declara\u00e7\u00e3o \u00e9 salva automaticamente.<\/p>\n<\/div>\n<\/div>\n<div id=\"chunk-5ghvp\">\n<div class=\"mc-column content-text active-extra-styles \" data-block-type=\"unstyled\" data-block-weight=\"23\" data-block-id=\"70\">\n<p class=\"content-text__container \" data-track-category=\"Link no Texto\" data-track-links=\"\">Uma nova caixa aparecer\u00e1 na tela, pedindo que o contribuinte selecione a declara\u00e7\u00e3o a ser entregue. Depois basta clicar em OK, e pronto.<\/p>\n<\/div>\n<\/div>\n<\/div>\n<\/article>\n<\/div>\n","protected":false},"excerpt":{"rendered":"<p>Per\u00edodo de entrega vai at\u00e9 31 de maio; Receita Federal espera receber at\u00e9 39,5 milh\u00f5es de declara\u00e7\u00f5es. Por Isabela Bolzani, g1 Imposto de Renda 2023: prazo come\u00e7a nesta quarta. \u2014 Foto: Arte \/ g1 O per\u00edodo para envio da declara\u00e7\u00e3o anual do Imposto de Renda 2023 \u00e0\u00a0Receita Federal\u00a0come\u00e7a nesta quarta-feira (15), \u00e0s 9h. A entrega [&hellip;]<\/p>\n","protected":false},"author":2,"featured_media":0,"comment_status":"open","ping_status":"open","sticky":false,"template":"","format":"standard","meta":{"_links_to":"","_links_to_target":""},"categories":[7,9,8,1],"tags":[],"_links":{"self":[{"href":"https:\/\/www.ilheusnoticias.net.br\/v1\/wp-json\/wp\/v2\/posts\/31305"}],"collection":[{"href":"https:\/\/www.ilheusnoticias.net.br\/v1\/wp-json\/wp\/v2\/posts"}],"about":[{"href":"https:\/\/www.ilheusnoticias.net.br\/v1\/wp-json\/wp\/v2\/types\/post"}],"author":[{"embeddable":true,"href":"https:\/\/www.ilheusnoticias.net.br\/v1\/wp-json\/wp\/v2\/users\/2"}],"replies":[{"embeddable":true,"href":"https:\/\/www.ilheusnoticias.net.br\/v1\/wp-json\/wp\/v2\/comments?post=31305"}],"version-history":[{"count":1,"href":"https:\/\/www.ilheusnoticias.net.br\/v1\/wp-json\/wp\/v2\/posts\/31305\/revisions"}],"predecessor-version":[{"id":31306,"href":"https:\/\/www.ilheusnoticias.net.br\/v1\/wp-json\/wp\/v2\/posts\/31305\/revisions\/31306"}],"wp:attachment":[{"href":"https:\/\/www.ilheusnoticias.net.br\/v1\/wp-json\/wp\/v2\/media?parent=31305"}],"wp:term":[{"taxonomy":"category","embeddable":true,"href":"https:\/\/www.ilheusnoticias.net.br\/v1\/wp-json\/wp\/v2\/categories?post=31305"},{"taxonomy":"post_tag","embeddable":true,"href":"https:\/\/www.ilheusnoticias.net.br\/v1\/wp-json\/wp\/v2\/tags?post=31305"}],"curies":[{"name":"wp","href":"https:\/\/api.w.org\/{rel}","templated":true}]}}