{"id":31303,"date":"2023-03-15T08:25:41","date_gmt":"2023-03-15T11:25:41","guid":{"rendered":"https:\/\/www.ilheusnoticias.net.br\/v1\/?p=31303"},"modified":"2023-03-15T08:25:41","modified_gmt":"2023-03-15T11:25:41","slug":"caixa-libera-abono-salarial-para-nascidos-em-marco-e-abril","status":"publish","type":"post","link":"https:\/\/www.ilheusnoticias.net.br\/v1\/2023\/03\/15\/caixa-libera-abono-salarial-para-nascidos-em-marco-e-abril\/","title":{"rendered":"Caixa libera abono salarial para nascidos em mar\u00e7o e abril"},"content":{"rendered":"<div class=\"col-lg-12 mb-3\">\n<div class=\"post-image\"><a href=\"https:\/\/agenciabrasil.ebc.com.br\/economia\/noticia\/2023-03\/caixa-libera-abono-salarial-para-nascidos-em-marco-e-abril#\"><img loading=\"lazy\" id=\"media-286807\" class=\"rounded-lg shadow-sm w-100\" title=\"Marcello Casal JrAg\u00eancia Brasil\" src=\"https:\/\/imagens.ebc.com.br\/FsOUn81CA0D9s3Rrvxyw6gHr4Ow=\/1170x700\/smart\/https:\/\/agenciabrasil.ebc.com.br\/sites\/default\/files\/thumbnails\/image\/real_moeda_dinheiro_mcajr_2904223671.jpg?itok=r5cN9dxx\" alt=\"Real Moeda brasileira, dinheiro\" width=\"573\" height=\"343\" \/>\u00a9 Marcello Casal JrAg\u00eancia Brasil<\/a><\/div>\n<\/div>\n<div class=\"col-lg-12 mb-3\">\n<div class=\"row\">\n<div class=\"col-10 offset-1 animated fadeInDown dealy-1100 alt-font text-center\"><a href=\"https:\/\/agenciabrasil.ebc.com.br\/economia\"><span class=\"badge badge-pill badge-primary\">Economia<\/span><\/a><\/div>\n<\/div>\n<\/div>\n<div class=\"col-xl-7 offset-xl-1 col-lg-8 offset-lg-0 col-md-10 offset-md-1 mb-3\">\n<div class=\"post-item alt-font\">\n<div class=\"post-item-wrap\">\n<p>Os trabalhadores da iniciativa privada nascidos em mar\u00e7o e abril recebem hoje (15) o\u00a0<a href=\"https:\/\/agenciabrasil.ebc.com.br\/economia\/noticia\/2022-12\/codefat-aprova-calendario-do-pispasep-2023\" target=\"_blank\" rel=\"noopener\">abono salarial ano-base 2021<\/a>. A Caixa Econ\u00f4mica Federal iniciou o pagamento em 15 de fevereiro e prosseguir\u00e1 com a libera\u00e7\u00e3o at\u00e9 17 de julho, baseada no m\u00eas de nascimento do benefici\u00e1rio.<img src=\"https:\/\/agenciabrasil.ebc.com.br\/ebc.png?id=1516260&amp;o=node\" \/><img src=\"https:\/\/agenciabrasil.ebc.com.br\/ebc.gif?id=1516260&amp;o=node\" \/><\/p>\n<p>O abono salarial de at\u00e9 um sal\u00e1rio m\u00ednimo \u00e9 pago aos trabalhadores inscritos no Programa de Integra\u00e7\u00e3o Social (PIS) ou no Programa de Forma\u00e7\u00e3o do Patrim\u00f4nio do Servidor P\u00fablico (Pasep) h\u00e1 pelo menos cinco anos. Recebe o abono agora quem trabalhou formalmente por pelo menos 30 dias em 2021, com remunera\u00e7\u00e3o mensal m\u00e9dia de at\u00e9 dois sal\u00e1rios m\u00ednimos.<\/p>\n<p>Para servidores p\u00fablicos, militares e empregados de estatais, inscritos no Pasep, a libera\u00e7\u00e3o ocorre pelo Banco do Brasil, nas mesmas datas do PIS. Nos dois casos, no PIS e no Pasep, o dinheiro estar\u00e1 dispon\u00edvel at\u00e9 28 de dezembro. Ap\u00f3s esse prazo, os recursos voltam para o caixa do governo.<\/p>\n<p><strong>Trabalhadores da iniciativa privada, que recebem pela Caixa Econ\u00f4mica Federal:<\/strong><\/p>\n<table border=\"1\" cellspacing=\"1\" cellpadding=\"1\">\n<tbody>\n<tr>\n<td class=\"rtecenter\"><strong>M\u00eas de nascimento \u00a0\u00a0<\/strong><\/td>\n<td class=\"rtecenter\"><strong>Data do pagamento<\/strong><\/td>\n<\/tr>\n<tr>\n<td>Janeiro e fevereiro<\/td>\n<td>15 de fevereiro<\/td>\n<\/tr>\n<tr>\n<td>Mar\u00e7o e abril<\/td>\n<td>15 de mar\u00e7o<\/td>\n<\/tr>\n<tr>\n<td>Maio e junho<\/td>\n<td>17 de abril<\/td>\n<\/tr>\n<tr>\n<td>Julho e agosto<\/td>\n<td>15 de maio<\/td>\n<\/tr>\n<tr>\n<td>Setembro e outubro<\/td>\n<td>15 de junho<\/td>\n<\/tr>\n<tr>\n<td>Novembro e dezembro<\/td>\n<td>17 de julho<\/td>\n<\/tr>\n<\/tbody>\n<\/table>\n<p><strong>Trabalhadores do setor p\u00fablico, que recebem pelo Banco do Brasil:<\/strong><\/p>\n<table border=\"1\" cellspacing=\"1\" cellpadding=\"1\">\n<tbody>\n<tr>\n<td class=\"rtecenter\"><strong>Final da inscri\u00e7\u00e3o<\/strong><\/td>\n<td class=\"rtecenter\"><strong>Data do pagamento<\/strong><\/td>\n<\/tr>\n<tr>\n<td>0<\/td>\n<td>15\u00a0de fevereiro<\/td>\n<\/tr>\n<tr>\n<td>1<\/td>\n<td>15 de mar\u00e7o<\/td>\n<\/tr>\n<tr>\n<td>2 e 3<\/td>\n<td>17 de abril<\/td>\n<\/tr>\n<tr>\n<td>4 e 5<\/td>\n<td>15 de maio<\/td>\n<\/tr>\n<tr>\n<td>6 e 7<\/td>\n<td>15 de junho<\/td>\n<\/tr>\n<tr>\n<td>8 e 9<\/td>\n<td>17 de julho<\/td>\n<\/tr>\n<\/tbody>\n<\/table>\n<p>Os valores pagos a cada trabalhador variam de acordo com a quantidade de dias trabalhados durante o ano-base 2021.<\/p>\n<p>Devem receber o benef\u00edcio cerca de 22 milh\u00f5es de trabalhadores, com valor total de mais de R$ 20 bilh\u00f5es. Os recursos v\u00eam do Fundo de Amparo ao Trabalhador (FAT).<\/p>\n<p>A Caixa informou que o cr\u00e9dito ser\u00e1 depositado automaticamente para quem tem conta no banco. Os demais benefici\u00e1rios receber\u00e3o os valores por meio da Poupan\u00e7a Social Digital, podendo ser movimentada pelo aplicativo Caixa Tem.<\/p>\n<p>Caso n\u00e3o seja poss\u00edvel a abertura da conta digital, o saque poder\u00e1 ser realizado com o Cart\u00e3o do Cidad\u00e3o e senha nos terminais de autoatendimento, unidades lot\u00e9ricas, Caixa Aqui ou ag\u00eancias, sempre de acordo com o calend\u00e1rio de pagamento.<\/p>\n<h2>Abonos esquecidos<\/h2>\n<p>Desde 15 de fevereiro, cerca de 400 mil trabalhadores que esqueceram de retirar o abono do PIS\/Pasep referente a 2020 podem pedir o dinheiro ao Minist\u00e9rio do Trabalho. Os valores ficaram dispon\u00edveis at\u00e9 29 de dezembro do ano passado,\u00a0mas\u00a0<a href=\"https:\/\/agenciabrasil.ebc.com.br\/economia\/noticia\/2022-12\/abono-do-pispasep-ainda-pode-ser-pedido-por-quem-perdeu-prazo\" target=\"_blank\" rel=\"noopener\">quem perdeu o prazo\u00a0<\/a>tem at\u00e9 cinco anos para retirar os recursos, desde que entre com recurso administrativo.<\/p>\n<p>Segundo o Minist\u00e9rio do Trabalho, 399.975 pessoas n\u00e3o sacaram o abono salarial de 2020, dos quais 120.947 n\u00e3o retiraram o PIS e 279.028 n\u00e3o sacaram o Pasep. Isso equivale a menos de 1% dos trabalhadores com direito ao PIS e a 10% com direito ao abono do Pasep.<\/p>\n<p>A abertura do recurso administrativo ao Minist\u00e9rio do Trabalho pode ser feita de tr\u00eas formas: presencialmente, por telefone ou pela internet. O pedido presencial pode ser feito em qualquer unidade do Minist\u00e9rio do Trabalho, o que inclui superintend\u00eancias regionais de Trabalho e Emprego, ger\u00eancias regionais do Trabalho e Emprego, ag\u00eancias regionais, ag\u00eancias do Sistema Nacional do Emprego (Sine) e unidades m\u00f3veis do trabalhador.<\/p>\n<p>O endere\u00e7o mais pr\u00f3ximo pode ser encontrado na\u00a0<a href=\"https:\/\/www.gov.br\/trabalho-e-previdencia\/pt-br\/canais_atendimento\/unidades-de-atendimento\" target=\"_blank\" rel=\"noopener\">p\u00e1gina da pasta na internet<\/a>.<\/p>\n<p>Os pedidos por telefone devem ser feitos\u00a0por meio da Central Al\u00f4 Trabalhador, no n\u00famero 158. As liga\u00e7\u00f5es podem ser feitas das 7h \u00e0s 19h e s\u00e3o gratuitas para telefones fixos e cobradas para celulares. Pela internet, o trabalhador pode fazer o pedido no aplicativo da Carteira de Trabalho Digital ou por\u00a0<em>e-mail<\/em>. Os e-mails devem ser escritos para trabalho.uf@economia.gov, trocando &#8220;uf&#8221; pela sigla da unidade da Federa\u00e7\u00e3o onde o trabalhador mora.<\/p>\n<\/div>\n<\/div>\n<\/div>\n","protected":false},"excerpt":{"rendered":"<p>\u00a9 Marcello Casal JrAg\u00eancia Brasil Economia Os trabalhadores da iniciativa privada nascidos em mar\u00e7o e abril recebem hoje (15) o\u00a0abono salarial ano-base 2021. A Caixa Econ\u00f4mica Federal iniciou o pagamento em 15 de fevereiro e prosseguir\u00e1 com a libera\u00e7\u00e3o at\u00e9 17 de julho, baseada no m\u00eas de nascimento do benefici\u00e1rio. O abono salarial de at\u00e9 [&hellip;]<\/p>\n","protected":false},"author":2,"featured_media":0,"comment_status":"open","ping_status":"open","sticky":false,"template":"","format":"standard","meta":{"_links_to":"","_links_to_target":""},"categories":[7,9,8,1],"tags":[],"_links":{"self":[{"href":"https:\/\/www.ilheusnoticias.net.br\/v1\/wp-json\/wp\/v2\/posts\/31303"}],"collection":[{"href":"https:\/\/www.ilheusnoticias.net.br\/v1\/wp-json\/wp\/v2\/posts"}],"about":[{"href":"https:\/\/www.ilheusnoticias.net.br\/v1\/wp-json\/wp\/v2\/types\/post"}],"author":[{"embeddable":true,"href":"https:\/\/www.ilheusnoticias.net.br\/v1\/wp-json\/wp\/v2\/users\/2"}],"replies":[{"embeddable":true,"href":"https:\/\/www.ilheusnoticias.net.br\/v1\/wp-json\/wp\/v2\/comments?post=31303"}],"version-history":[{"count":1,"href":"https:\/\/www.ilheusnoticias.net.br\/v1\/wp-json\/wp\/v2\/posts\/31303\/revisions"}],"predecessor-version":[{"id":31304,"href":"https:\/\/www.ilheusnoticias.net.br\/v1\/wp-json\/wp\/v2\/posts\/31303\/revisions\/31304"}],"wp:attachment":[{"href":"https:\/\/www.ilheusnoticias.net.br\/v1\/wp-json\/wp\/v2\/media?parent=31303"}],"wp:term":[{"taxonomy":"category","embeddable":true,"href":"https:\/\/www.ilheusnoticias.net.br\/v1\/wp-json\/wp\/v2\/categories?post=31303"},{"taxonomy":"post_tag","embeddable":true,"href":"https:\/\/www.ilheusnoticias.net.br\/v1\/wp-json\/wp\/v2\/tags?post=31303"}],"curies":[{"name":"wp","href":"https:\/\/api.w.org\/{rel}","templated":true}]}}