{"id":31301,"date":"2023-03-15T08:21:10","date_gmt":"2023-03-15T11:21:10","guid":{"rendered":"https:\/\/www.ilheusnoticias.net.br\/v1\/?p=31301"},"modified":"2023-03-15T08:21:10","modified_gmt":"2023-03-15T11:21:10","slug":"governo-relanca-pronasci-com-foco-em-violencia-de-genero","status":"publish","type":"post","link":"https:\/\/www.ilheusnoticias.net.br\/v1\/2023\/03\/15\/governo-relanca-pronasci-com-foco-em-violencia-de-genero\/","title":{"rendered":"Governo relan\u00e7a Pronasci com foco em viol\u00eancia de g\u00eanero"},"content":{"rendered":"<div class=\"col-lg-12 mb-3\">\n<div class=\"post-image\"><a href=\"https:\/\/agenciabrasil.ebc.com.br\/geral\/noticia\/2023-03\/governo-relanca-pronasci-com-foco-em-violencia-de-genero#\"><img loading=\"lazy\" id=\"media-55758\" class=\"rounded-lg shadow-sm w-100\" title=\"Tomaz Silva\/Ag\u00eancia Brasil\" src=\"https:\/\/imagens.ebc.com.br\/pxCvqb9Tme7Q1Ohe7apczCgotBE=\/1170x700\/smart\/https:\/\/agenciabrasil.ebc.com.br\/sites\/default\/files\/atoms\/image\/933870-rj_elei%C3%A7%C3%B5es%202014_policiamento-3.jpg?itok=w0BDMEFQ\" alt=\"O esquema especial de seguran\u00e7a para as elei\u00e7\u00f5es no Rio come\u00e7ou na tarde de hoje (24), com a sa\u00edda de equipes da pol\u00edcia militar do Batalh\u00e3o de Choque, no centro da capital fluminense (Tomaz Silva\/Ag\u00eancia Brasil)\" width=\"479\" height=\"287\" \/>\u00a9 Tomaz Silva\/Ag\u00eancia Brasil<\/a><\/div>\n<\/div>\n<div class=\"col-lg-12 mb-3\">\n<div class=\"row\">\n<div class=\"col-10 offset-1 animated fadeInDown dealy-1100 alt-font text-center\"><a href=\"https:\/\/agenciabrasil.ebc.com.br\/geral\"><span class=\"badge badge-pill badge-primary\">Geral<\/span><\/a><\/div>\n<div class=\"col-10 offset-1 animated fadeInDown dealy-1100 alt-font text-center\">O presidente da Rep\u00fablica, Luiz In\u00e1cio Lula da Silva, participar\u00e1, nesta quarta-feira (15), da cerim\u00f4nia de relan\u00e7amento do Programa Nacional de Seguran\u00e7a P\u00fablica com Cidadania (Pronasci). O programa visa articular a\u00e7\u00f5es de seguran\u00e7a p\u00fablica para a preven\u00e7\u00e3o, controle e repress\u00e3o da criminalidade.<img src=\"https:\/\/agenciabrasil.ebc.com.br\/ebc.png?id=1516358&amp;o=node\" \/><img src=\"https:\/\/agenciabrasil.ebc.com.br\/ebc.gif?id=1516358&amp;o=node\" \/><\/div>\n<\/div>\n<\/div>\n<div class=\"col-xl-7 offset-xl-1 col-lg-8 offset-lg-0 col-md-10 offset-md-1 mb-3\">\n<div class=\"post-item alt-font\">\n<div class=\"post-item-wrap\">\n<p>De acordo com o governo federal, o Pronasci estabelece pol\u00edticas e a\u00e7\u00f5es de prote\u00e7\u00e3o aos grupos sociais mais vulner\u00e1veis, buscando a promo\u00e7\u00e3o dos direitos humanos, intensificando uma cultura de paz, de apoio ao desarmamento e de combate aos preconceitos de g\u00eanero, etnia, orienta\u00e7\u00e3o sexual e diversidade cultural.<\/p>\n<h2>Lei Maria da Penha<\/h2>\n<p>Entre as metas do programa est\u00e1 o aperfei\u00e7oamento das estruturas de seguran\u00e7a, como as Delegacias Especializadas de Atendimento para Mulheres e a Patrulha Lei Maria da Penha, que dever\u00e3o receber 270 viaturas novas at\u00e9 o final de mar\u00e7o. Tamb\u00e9m existe a previs\u00e3o de destina\u00e7\u00e3o, por edital, de R$ 4 milh\u00f5es da Secretaria Nacional de Seguran\u00e7a P\u00fablica para o fortalecimento de pol\u00edticas de combate \u00e0 viol\u00eancia contra as mulheres com foco nos Munic\u00edpios.<\/p>\n<p>No \u00e2mbito do Programa de Capacita\u00e7\u00e3o Profissional e Implementa\u00e7\u00e3o de Oficinas Permanentes, realizado em parceria com os Minist\u00e9rios da Sa\u00fade e do Desenvolvimento Social, ser\u00e3o destinados R$ 5 milh\u00f5es para a produ\u00e7\u00e3o de absorventes e fraldas nos pres\u00eddios do pa\u00eds. A ideia \u00e9 distribuir esses itens na rede p\u00fablica de sa\u00fade.<\/p>\n<p>Outro projeto institu\u00eddo pelo Pronasci ser\u00e1 a reformula\u00e7\u00e3o do Bolsa-Forma\u00e7\u00e3o, destinado \u00e0 qualifica\u00e7\u00e3o profissional dos operadores da seguran\u00e7a p\u00fablica dos Estados, Distrito Federal e Munic\u00edpios. Pelo novo decreto, o valor referente \u00e0 Bolsa-Forma\u00e7\u00e3o passa a ser de R$ 900,00, pago a cada m\u00eas de dura\u00e7\u00e3o do curso, sendo disponibilizado a candidatos que atendam aos crit\u00e9rios de elegibilidade espec\u00edficos do curso ofertado pelo programa.<\/p>\n<h2>Pronasci<\/h2>\n<p>Relan\u00e7ado hoje, o Pronasci nasceu originalmente em 2007, no segundo governo Lula, e \u00e9 uma execu\u00e7\u00e3o da Uni\u00e3o em regime de coopera\u00e7\u00e3o com Estados, Distrito Federal e Munic\u00edpios, mediante projetos e a\u00e7\u00f5es de assist\u00eancia t\u00e9cnica e financeira. No escopo do Pronasci, \u00e9 apresentado como eixo priorit\u00e1rio a implementa\u00e7\u00e3o de pol\u00edticas p\u00fablicas que promovam a igualdade racial e o combate ao racismo estrutural, o enfrentamento da pobreza, da fome e das desigualdades, al\u00e9m do enfrentamento da viol\u00eancia contra a mulher.<\/p>\n<p>Os eixos do Pronasci est\u00e3o alinhados com o Plano Nacional de Seguran\u00e7a P\u00fablica, que tem como objetivo a redu\u00e7\u00e3o da taxa nacional de homic\u00eddios para abaixo de 16 mortes por 100 mil habitantes at\u00e9 2030, al\u00e9m de redu\u00e7\u00e3o de taxas envolvendo mortes violentas de mulheres e de les\u00e3o corporal seguida de morte.<\/p>\n<\/div>\n<\/div>\n<\/div>\n","protected":false},"excerpt":{"rendered":"<p>\u00a9 Tomaz Silva\/Ag\u00eancia Brasil Geral O presidente da Rep\u00fablica, Luiz In\u00e1cio Lula da Silva, participar\u00e1, nesta quarta-feira (15), da cerim\u00f4nia de relan\u00e7amento do Programa Nacional de Seguran\u00e7a P\u00fablica com Cidadania (Pronasci). O programa visa articular a\u00e7\u00f5es de seguran\u00e7a p\u00fablica para a preven\u00e7\u00e3o, controle e repress\u00e3o da criminalidade. De acordo com o governo federal, o Pronasci [&hellip;]<\/p>\n","protected":false},"author":2,"featured_media":0,"comment_status":"open","ping_status":"open","sticky":false,"template":"","format":"standard","meta":{"_links_to":"","_links_to_target":""},"categories":[7,9,8,1],"tags":[],"_links":{"self":[{"href":"https:\/\/www.ilheusnoticias.net.br\/v1\/wp-json\/wp\/v2\/posts\/31301"}],"collection":[{"href":"https:\/\/www.ilheusnoticias.net.br\/v1\/wp-json\/wp\/v2\/posts"}],"about":[{"href":"https:\/\/www.ilheusnoticias.net.br\/v1\/wp-json\/wp\/v2\/types\/post"}],"author":[{"embeddable":true,"href":"https:\/\/www.ilheusnoticias.net.br\/v1\/wp-json\/wp\/v2\/users\/2"}],"replies":[{"embeddable":true,"href":"https:\/\/www.ilheusnoticias.net.br\/v1\/wp-json\/wp\/v2\/comments?post=31301"}],"version-history":[{"count":1,"href":"https:\/\/www.ilheusnoticias.net.br\/v1\/wp-json\/wp\/v2\/posts\/31301\/revisions"}],"predecessor-version":[{"id":31302,"href":"https:\/\/www.ilheusnoticias.net.br\/v1\/wp-json\/wp\/v2\/posts\/31301\/revisions\/31302"}],"wp:attachment":[{"href":"https:\/\/www.ilheusnoticias.net.br\/v1\/wp-json\/wp\/v2\/media?parent=31301"}],"wp:term":[{"taxonomy":"category","embeddable":true,"href":"https:\/\/www.ilheusnoticias.net.br\/v1\/wp-json\/wp\/v2\/categories?post=31301"},{"taxonomy":"post_tag","embeddable":true,"href":"https:\/\/www.ilheusnoticias.net.br\/v1\/wp-json\/wp\/v2\/tags?post=31301"}],"curies":[{"name":"wp","href":"https:\/\/api.w.org\/{rel}","templated":true}]}}