{"id":31296,"date":"2023-03-15T08:01:37","date_gmt":"2023-03-15T11:01:37","guid":{"rendered":"https:\/\/www.ilheusnoticias.net.br\/v1\/?p=31296"},"modified":"2023-03-15T08:01:37","modified_gmt":"2023-03-15T11:01:37","slug":"nota-publica-manutencao-dos-postes-de-iluminacao-publica-no-entorno-da-ponte-jorge-amado","status":"publish","type":"post","link":"https:\/\/www.ilheusnoticias.net.br\/v1\/2023\/03\/15\/nota-publica-manutencao-dos-postes-de-iluminacao-publica-no-entorno-da-ponte-jorge-amado\/","title":{"rendered":"Nota p\u00fablica: manuten\u00e7\u00e3o dos postes de ilumina\u00e7\u00e3o p\u00fablica no entorno da Ponte Jorge Amado"},"content":{"rendered":"<div class=\"imagem thumbnail col-xs-12 col-sm-8 col-md-6 col-lg-6 imagem-materia\"><a class=\"fresco\" title=\"\" href=\"https:\/\/portalfacilarquivos.blob.core.windows.net\/uploads\/ILHEUS\/imgOrig\/%7BEDB2D12D-ED10-BD7B-C0AB-DCED77ACBD24%7D.jpg\" data-fresco-caption=\"\"><img loading=\"lazy\" title=\"\" src=\"https:\/\/portalfacilarquivos.blob.core.windows.net\/uploads\/ILHEUS\/img\/%7BEDB2D12D-ED10-BD7B-C0AB-DCED77ACBD24%7D\/%7BEDB2D12D-ED10-BD7B-C0AB-DCED77ACBD24%7D_650X450.jpg\" alt=\"Nota\" width=\"650\" height=\"450\" \/><\/a><\/p>\n<p class=\"bg-primary\">A Prefeitura de Ilh\u00e9us informa que far\u00e1 vistoria dos servi\u00e7os de manuten\u00e7\u00e3o dos postes de ilumina\u00e7\u00e3o p\u00fablica da BA-001, trecho que engloba a Ponte Jorge Amado. Conforme o Munic\u00edpio, a via \u00e9 de compet\u00eancia do Governo do Estado, sendo o trabalho realizado por uma empresa contratada pelo ente estadual.<\/p>\n<\/div>\n<p>Todavia, as secretarias de Servi\u00e7os Urbanos e Infraestrutura t\u00eam conhecimento dos fatos ocorridos e se colocaram \u00e0 disposi\u00e7\u00e3o para propor sugest\u00f5es e melhorias no que se refere ao andamento da manuten\u00e7\u00e3o. O reparo dos postes visa garantir seguran\u00e7a aos condutores e pedestres que trafegam pelo trecho.<\/p>\n<p>Destaca-se que somado aos servi\u00e7os em quest\u00e3o, a Prefeitura de Ilh\u00e9us requalificou toda a ilumina\u00e7\u00e3o da Avenida Soares Lopes, em 2018, com vistas ao funcionamento da Ponte Jorge Amado.<\/p>\n<p>A obra consiste em dois quil\u00f4metros de eletroduto, com implanta\u00e7\u00e3o de cerca de cinco mil metros de cabo; instala\u00e7\u00e3o de 77 postes e 139 lumin\u00e1rias de LED. A moderniza\u00e7\u00e3o\u00a0proporciona\u00a0lazer noturno e conforto, al\u00e9m\u00a0de\u00a0mais efici\u00eancia em luminosidade e maior durabilidade, o que representa menor custo de manuten\u00e7\u00e3o.<\/p>\n","protected":false},"excerpt":{"rendered":"<p>A Prefeitura de Ilh\u00e9us informa que far\u00e1 vistoria dos servi\u00e7os de manuten\u00e7\u00e3o dos postes de ilumina\u00e7\u00e3o p\u00fablica da BA-001, trecho que engloba a Ponte Jorge Amado. Conforme o Munic\u00edpio, a via \u00e9 de compet\u00eancia do Governo do Estado, sendo o trabalho realizado por uma empresa contratada pelo ente estadual. Todavia, as secretarias de Servi\u00e7os Urbanos [&hellip;]<\/p>\n","protected":false},"author":2,"featured_media":0,"comment_status":"open","ping_status":"open","sticky":false,"template":"","format":"standard","meta":{"_links_to":"","_links_to_target":""},"categories":[7,9,8,1],"tags":[],"_links":{"self":[{"href":"https:\/\/www.ilheusnoticias.net.br\/v1\/wp-json\/wp\/v2\/posts\/31296"}],"collection":[{"href":"https:\/\/www.ilheusnoticias.net.br\/v1\/wp-json\/wp\/v2\/posts"}],"about":[{"href":"https:\/\/www.ilheusnoticias.net.br\/v1\/wp-json\/wp\/v2\/types\/post"}],"author":[{"embeddable":true,"href":"https:\/\/www.ilheusnoticias.net.br\/v1\/wp-json\/wp\/v2\/users\/2"}],"replies":[{"embeddable":true,"href":"https:\/\/www.ilheusnoticias.net.br\/v1\/wp-json\/wp\/v2\/comments?post=31296"}],"version-history":[{"count":1,"href":"https:\/\/www.ilheusnoticias.net.br\/v1\/wp-json\/wp\/v2\/posts\/31296\/revisions"}],"predecessor-version":[{"id":31297,"href":"https:\/\/www.ilheusnoticias.net.br\/v1\/wp-json\/wp\/v2\/posts\/31296\/revisions\/31297"}],"wp:attachment":[{"href":"https:\/\/www.ilheusnoticias.net.br\/v1\/wp-json\/wp\/v2\/media?parent=31296"}],"wp:term":[{"taxonomy":"category","embeddable":true,"href":"https:\/\/www.ilheusnoticias.net.br\/v1\/wp-json\/wp\/v2\/categories?post=31296"},{"taxonomy":"post_tag","embeddable":true,"href":"https:\/\/www.ilheusnoticias.net.br\/v1\/wp-json\/wp\/v2\/tags?post=31296"}],"curies":[{"name":"wp","href":"https:\/\/api.w.org\/{rel}","templated":true}]}}