{"id":31294,"date":"2023-03-15T08:00:05","date_gmt":"2023-03-15T11:00:05","guid":{"rendered":"https:\/\/www.ilheusnoticias.net.br\/v1\/?p=31294"},"modified":"2023-03-15T08:00:05","modified_gmt":"2023-03-15T11:00:05","slug":"prefeito-mario-alexandre-marca-presenca-na-cerimonia-de-posse-do-novo-presidente-da-upb","status":"publish","type":"post","link":"https:\/\/www.ilheusnoticias.net.br\/v1\/2023\/03\/15\/prefeito-mario-alexandre-marca-presenca-na-cerimonia-de-posse-do-novo-presidente-da-upb\/","title":{"rendered":"Prefeito M\u00e1rio Alexandre marca presen\u00e7a na cerim\u00f4nia de posse do novo presidente da UPB"},"content":{"rendered":"<div class=\"imagem thumbnail col-xs-12 col-sm-8 col-md-6 col-lg-6 imagem-materia\"><a class=\"fresco\" title=\"\" href=\"https:\/\/portalfacilarquivos.blob.core.windows.net\/uploads\/ILHEUS\/imgOrig\/%7BBBE0CBE1-AABA-AC3E-7A2D-AC1CD0E2223E%7D.jpg\" data-fresco-caption=\"\"><img loading=\"lazy\" title=\"\" src=\"https:\/\/portalfacilarquivos.blob.core.windows.net\/uploads\/ILHEUS\/img\/%7BBBE0CBE1-AABA-AC3E-7A2D-AC1CD0E2223E%7D\/%7BBBE0CBE1-AABA-AC3E-7A2D-AC1CD0E2223E%7D_650X450.jpg\" alt=\"upa; diretoria\" width=\"650\" height=\"450\" \/><\/a><\/p>\n<p class=\"bg-primary\">O prefeito M\u00e1rio Alexandre participou da cerim\u00f4nia de posse e transmiss\u00e3o de cargo do novo presidente da Uni\u00e3o dos Munic\u00edpios da Bahia (UPB), na tarde da \u00faltima segunda-feira (13), na sede da entidade, em Salvador. O cargo ser\u00e1 ocupado pelo prefeito de Belo Campo, Jos\u00e9 Henrique Silva Tigre, \u2018Quinho\u2019, que substitui Z\u00e9 Coc\u00e1, prefeito da cidade de Jequi\u00e9. O novo presidente comandar\u00e1 a UPB no bi\u00eanio de 2023-2024.<\/p>\n<\/div>\n<p>O ato contou com a presen\u00e7a do governador Jer\u00f4nimo Rodrigues, do vice Geraldo J\u00fanior, do senador Otto Alencar, da deputada estadual, Soane Galv\u00e3o, e mais de 40 deputados e membros do poder judici\u00e1rio. M\u00e1rio Alexandre parabenizou o ex-presidente da UPB pelos servi\u00e7os prestados no \u00faltimo bi\u00eanio e desejou boas vindas e sucesso ao novo presidente, se colocando \u00e0 disposi\u00e7\u00e3o para trabalharem juntos.<\/p>\n<p>&nbsp;<\/p>\n<div class=\"imagem thumbnail col-xs-12 col-sm-8 col-md-6 col-lg-6 imagem-materia\"><a class=\"fresco\" title=\"\" href=\"https:\/\/portalfacilarquivos.blob.core.windows.net\/uploads\/ILHEUS\/imgOrig\/%7BDD7DD6C1-74B6-EDCA-0D6E-363AC52B5E7E%7D.jpg\" data-fresco-caption=\"\"><img loading=\"lazy\" title=\"\" src=\"https:\/\/portalfacilarquivos.blob.core.windows.net\/uploads\/ILHEUS\/img\/%7BDD7DD6C1-74B6-EDCA-0D6E-363AC52B5E7E%7D\/%7BDD7DD6C1-74B6-EDCA-0D6E-363AC52B5E7E%7D_650X450.jpg\" alt=\"upa; diretoria\" width=\"650\" height=\"450\" \/><\/a><\/p>\n<p class=\"bg-primary\">\n<\/div>\n<p>&nbsp;<\/p>\n<p>\u201cDesejo muita sorte e sucesso a Quinho que ir\u00e1 desempenhar esse papel t\u00e3o importante para o desenvolvimento dos munic\u00edpios do nosso estado. O gestor ilheense ainda destacou que o momento \u00e9 de uni\u00e3o. \u201cO momento \u00e9 de uni\u00e3o de esfor\u00e7os e de muita correria, pois teremos o apoio do Governo Federal e do Governo Estadual na busca por melhorias em prol das pautas municipalistas.\u201d<\/p>\n<p>Com atua\u00e7\u00e3o destacada no apoio ao fortalecimento t\u00e9cnico das prefeituras baianas e na representa\u00e7\u00e3o institucional dos governos locais, a UPB tem proporcionado \u00e0s gest\u00f5es municipais a oportunidade de se tornarem cada vez mais eficientes para prestar um melhor servi\u00e7o ao cidad\u00e3o. A partir do trabalho da entidade, prefeitas e prefeitos encontram ferramentas para aprimorar as gest\u00f5es atrav\u00e9s do conhecimento t\u00e9cnico e especializado.<\/p>\n<p>&nbsp;<\/p>\n<div class=\"imagem thumbnail col-xs-12 col-sm-8 col-md-6 col-lg-6 imagem-materia\"><a class=\"fresco\" title=\"\" href=\"https:\/\/portalfacilarquivos.blob.core.windows.net\/uploads\/ILHEUS\/imgOrig\/%7B2DA8BA03-BBB2-7A88-3EC2-E1C2A00BA4CC%7D.jpg\" data-fresco-caption=\"\"><img loading=\"lazy\" title=\"\" src=\"https:\/\/portalfacilarquivos.blob.core.windows.net\/uploads\/ILHEUS\/img\/%7B2DA8BA03-BBB2-7A88-3EC2-E1C2A00BA4CC%7D\/%7B2DA8BA03-BBB2-7A88-3EC2-E1C2A00BA4CC%7D_650X450.jpg\" alt=\"upa; diretoria\" width=\"650\" height=\"450\" \/><\/a><\/div>\n<p>Conhe\u00e7a os novos dirigentes da UPB.<\/p>\n<p><strong>Diretoria Executiva<\/strong><\/p>\n<p>&#8211; Jos\u00e9 Henrique Silva Tigre (Quinho)<\/p>\n<p>Presidente<\/p>\n<p>Belo Campo<\/p>\n<p>&#8211; J\u00falio Pinheiro dos Santos J\u00fanior<\/p>\n<p>Vice-presidente Institucional<\/p>\n<p>Amargosa<\/p>\n<p>-Wilson Paes Cardoso<\/p>\n<p>Vice-presidente Administrativo<\/p>\n<p>Andara\u00ed<\/p>\n<p>&#8211; Jos\u00e9 Moreira de Carvalho Neto<\/p>\n<p>1\u00b0 Secret\u00e1rio<\/p>\n<p>Itapicuru<\/p>\n<p>&#8211; Reinaldo Barbosa de G\u00f3es<\/p>\n<p>2\u00b0 Secret\u00e1rio<\/p>\n<p>Iuiu<\/p>\n<p>&#8211; Jos\u00e9 Ricardo Leal Requi\u00e3o<\/p>\n<p>1\u00b0 Tesoureiro<\/p>\n<p>Miguel Calmon<\/p>\n<p>&#8211; Christianne Mary Pereira Guimaraes<\/p>\n<p>2\u00b0 Tesoureira<\/p>\n<p>Tapero\u00e1<\/p>\n<p><strong>Conselho Fiscal<\/strong><\/p>\n<p>Titulares<\/p>\n<p>&#8211; Danillo Santos Sales Rios (V\u00e1rzea da Ro\u00e7a);<\/p>\n<p>&#8211; Fernanda Silva S\u00e1 Teles (Wanderley);<\/p>\n<p>&#8211; \u00a0Yuri C\u00e9sar de Andrade Menezes (Pedro Alexandre);<\/p>\n<p>&#8211; M\u00e1rio Alexandre Correa de Sousa (Ilh\u00e9us);<\/p>\n<p>&#8211; Eliana Gonzaga de Jesus (Cachoeira)<\/p>\n<p><strong>Suplentes<\/strong><\/p>\n<p>&#8211; Reges Jonas Arag\u00e3o Santos (Ituber\u00e1);<\/p>\n<p>&#8211;\u00a0 Jos\u00e9 Luiz Franco Ramos Costa (Barra do Rocha);<\/p>\n<p>&#8211; \u00a0Monalisa Gon\u00e7alves Tavares (Ibicara\u00ed)<\/p>\n<p>&#8211; Jailma Dantas Gama Alves (Banza\u00ea);<\/p>\n<p>&#8211; Jos\u00e9 Wilker Alencar Maciel \u2013 (Central)<\/p>\n","protected":false},"excerpt":{"rendered":"<p>O prefeito M\u00e1rio Alexandre participou da cerim\u00f4nia de posse e transmiss\u00e3o de cargo do novo presidente da Uni\u00e3o dos Munic\u00edpios da Bahia (UPB), na tarde da \u00faltima segunda-feira (13), na sede da entidade, em Salvador. O cargo ser\u00e1 ocupado pelo prefeito de Belo Campo, Jos\u00e9 Henrique Silva Tigre, \u2018Quinho\u2019, que substitui Z\u00e9 Coc\u00e1, prefeito da [&hellip;]<\/p>\n","protected":false},"author":2,"featured_media":0,"comment_status":"open","ping_status":"open","sticky":false,"template":"","format":"standard","meta":{"_links_to":"","_links_to_target":""},"categories":[7,9,8,1],"tags":[],"_links":{"self":[{"href":"https:\/\/www.ilheusnoticias.net.br\/v1\/wp-json\/wp\/v2\/posts\/31294"}],"collection":[{"href":"https:\/\/www.ilheusnoticias.net.br\/v1\/wp-json\/wp\/v2\/posts"}],"about":[{"href":"https:\/\/www.ilheusnoticias.net.br\/v1\/wp-json\/wp\/v2\/types\/post"}],"author":[{"embeddable":true,"href":"https:\/\/www.ilheusnoticias.net.br\/v1\/wp-json\/wp\/v2\/users\/2"}],"replies":[{"embeddable":true,"href":"https:\/\/www.ilheusnoticias.net.br\/v1\/wp-json\/wp\/v2\/comments?post=31294"}],"version-history":[{"count":1,"href":"https:\/\/www.ilheusnoticias.net.br\/v1\/wp-json\/wp\/v2\/posts\/31294\/revisions"}],"predecessor-version":[{"id":31295,"href":"https:\/\/www.ilheusnoticias.net.br\/v1\/wp-json\/wp\/v2\/posts\/31294\/revisions\/31295"}],"wp:attachment":[{"href":"https:\/\/www.ilheusnoticias.net.br\/v1\/wp-json\/wp\/v2\/media?parent=31294"}],"wp:term":[{"taxonomy":"category","embeddable":true,"href":"https:\/\/www.ilheusnoticias.net.br\/v1\/wp-json\/wp\/v2\/categories?post=31294"},{"taxonomy":"post_tag","embeddable":true,"href":"https:\/\/www.ilheusnoticias.net.br\/v1\/wp-json\/wp\/v2\/tags?post=31294"}],"curies":[{"name":"wp","href":"https:\/\/api.w.org\/{rel}","templated":true}]}}