{"id":31292,"date":"2023-03-15T07:58:23","date_gmt":"2023-03-15T10:58:23","guid":{"rendered":"https:\/\/www.ilheusnoticias.net.br\/v1\/?p=31292"},"modified":"2023-03-15T07:58:23","modified_gmt":"2023-03-15T10:58:23","slug":"vigilhao-madureira-jovem-promete-reunir-centenas-de-fieis-neste-sabado-18","status":"publish","type":"post","link":"https:\/\/www.ilheusnoticias.net.br\/v1\/2023\/03\/15\/vigilhao-madureira-jovem-promete-reunir-centenas-de-fieis-neste-sabado-18\/","title":{"rendered":"&#8220;Vigilh\u00e3o Madureira Jovem&#8221; promete reunir centenas de fi\u00e9is neste s\u00e1bado (18)"},"content":{"rendered":"<p>&nbsp;<\/p>\n<div class=\"imagem thumbnail col-xs-12 col-sm-8 col-md-6 col-lg-6 imagem-materia\"><a class=\"fresco\" title=\"\" href=\"https:\/\/portalfacilarquivos.blob.core.windows.net\/uploads\/ILHEUS\/imgOrig\/%7B4ABECDDD-B018-6BA0-68AA-BC2CDDD65E60%7D.png\" data-fresco-caption=\"\"><img loading=\"lazy\" title=\"\" src=\"https:\/\/portalfacilarquivos.blob.core.windows.net\/uploads\/ILHEUS\/img\/%7B4ABECDDD-B018-6BA0-68AA-BC2CDDD65E60%7D\/%7B4ABECDDD-B018-6BA0-68AA-BC2CDDD65E60%7D_650X450.png\" alt=\"Vigilh\u00e3o Madureira Jovem \" width=\"650\" height=\"450\" \/><\/a><\/p>\n<p class=\"bg-primary\">No pr\u00f3ximo s\u00e1bado (18), acontece o \u2018Virgilh\u00e3o Madureira Jovem&#8217;, a partir das 22h, no Centro de Conven\u00e7\u00f5es, localizado na Avenida Soares Lopes. Com apoio da Prefeitura de Ilh\u00e9us, o evento promete levar atra\u00e7\u00f5es musicais e serm\u00f5es especiais para centenas de fi\u00e9is de toda a regi\u00e3o. Sob o tema \u201cFaz de Novo\u201d, baseado no texto b\u00edblico de Habacuque, a vig\u00edlia vai proporcionar uma madrugada de louvor e adora\u00e7\u00e3o com apresenta\u00e7\u00f5es de artistas do cen\u00e1rio nacional.<\/p>\n<\/div>\n<p>Entre as principais atra\u00e7\u00f5es musicais est\u00e3o a cantora Kellen Byanca e os cantores, Lu\u00e3 Freitas e Joab Pires, al\u00e9m dos serm\u00f5es ministrados pelo pastor Isaque Valverde. O evento tamb\u00e9m vai contar com a ministra\u00e7\u00e3o e participa\u00e7\u00e3o musical do Minist\u00e9rio Ekklesia, Jorge Luiz, S\u00e9rgio Nogueira, Fagner Santos, Kaique Brito e Wilian Uallace. Para participar, \u00e9 necess\u00e1rio levar 1 kg de alimento n\u00e3o perec\u00edvel no dia do evento.<\/p>\n<p>\u201c\u00c9 um evento em que os jovens ter\u00e3o um grande encontro com Deus, com os amigos e a fam\u00edlia. Nosso objetivo \u00e9 deixar Deus atuar em suas vidas para que eles sejam exemplos neste mundo, fazendo a diferen\u00e7a por onde passarem\u201d, explicou Crisnanda Silva, organizadora da iniciativa.<\/p>\n<p>O evento tamb\u00e9m conta com o apoio do presidente regional, pastor Gilmar Carvalho e da pastora Eriv\u00e2nia Carvalho, Sandes Correspondente e dos vereadores Nery Santana, Jerbson Moraes e Abra\u00e3o.<\/p>\n<p><strong>O qu\u00ea?<\/strong>\u00a0Vigilh\u00e3o Madureira Jovem<\/p>\n<p><strong>Quando?<\/strong>\u00a0S\u00e1bado, 18 de mar\u00e7o, \u00e0s 22h<\/p>\n<p><strong>Onde?<\/strong>\u00a0Centro de Conven\u00e7\u00f5es &#8211; Avenida Soares Lopes<\/p>\n<p>Entrada: 1 kg de alimento n\u00e3o perec\u00edvel<\/p>\n","protected":false},"excerpt":{"rendered":"<p>&nbsp; No pr\u00f3ximo s\u00e1bado (18), acontece o \u2018Virgilh\u00e3o Madureira Jovem&#8217;, a partir das 22h, no Centro de Conven\u00e7\u00f5es, localizado na Avenida Soares Lopes. Com apoio da Prefeitura de Ilh\u00e9us, o evento promete levar atra\u00e7\u00f5es musicais e serm\u00f5es especiais para centenas de fi\u00e9is de toda a regi\u00e3o. Sob o tema \u201cFaz de Novo\u201d, baseado no texto [&hellip;]<\/p>\n","protected":false},"author":2,"featured_media":0,"comment_status":"open","ping_status":"open","sticky":false,"template":"","format":"standard","meta":{"_links_to":"","_links_to_target":""},"categories":[7,9,8,1],"tags":[],"_links":{"self":[{"href":"https:\/\/www.ilheusnoticias.net.br\/v1\/wp-json\/wp\/v2\/posts\/31292"}],"collection":[{"href":"https:\/\/www.ilheusnoticias.net.br\/v1\/wp-json\/wp\/v2\/posts"}],"about":[{"href":"https:\/\/www.ilheusnoticias.net.br\/v1\/wp-json\/wp\/v2\/types\/post"}],"author":[{"embeddable":true,"href":"https:\/\/www.ilheusnoticias.net.br\/v1\/wp-json\/wp\/v2\/users\/2"}],"replies":[{"embeddable":true,"href":"https:\/\/www.ilheusnoticias.net.br\/v1\/wp-json\/wp\/v2\/comments?post=31292"}],"version-history":[{"count":1,"href":"https:\/\/www.ilheusnoticias.net.br\/v1\/wp-json\/wp\/v2\/posts\/31292\/revisions"}],"predecessor-version":[{"id":31293,"href":"https:\/\/www.ilheusnoticias.net.br\/v1\/wp-json\/wp\/v2\/posts\/31292\/revisions\/31293"}],"wp:attachment":[{"href":"https:\/\/www.ilheusnoticias.net.br\/v1\/wp-json\/wp\/v2\/media?parent=31292"}],"wp:term":[{"taxonomy":"category","embeddable":true,"href":"https:\/\/www.ilheusnoticias.net.br\/v1\/wp-json\/wp\/v2\/categories?post=31292"},{"taxonomy":"post_tag","embeddable":true,"href":"https:\/\/www.ilheusnoticias.net.br\/v1\/wp-json\/wp\/v2\/tags?post=31292"}],"curies":[{"name":"wp","href":"https:\/\/api.w.org\/{rel}","templated":true}]}}