{"id":31290,"date":"2023-03-14T08:10:18","date_gmt":"2023-03-14T11:10:18","guid":{"rendered":"https:\/\/www.ilheusnoticias.net.br\/v1\/?p=31290"},"modified":"2023-03-14T08:10:18","modified_gmt":"2023-03-14T11:10:18","slug":"morre-aos-77-anos-ex-ministro-eliseu-padilha","status":"publish","type":"post","link":"https:\/\/www.ilheusnoticias.net.br\/v1\/2023\/03\/14\/morre-aos-77-anos-ex-ministro-eliseu-padilha\/","title":{"rendered":"Morre, aos 77 anos, ex-ministro Eliseu Padilha"},"content":{"rendered":"<div class=\"row content-head non-featured \">\n<div class=\"title\" data-block-type=\"title\" data-block-id=\"0\"><\/div>\n<div class=\"medium-centered subtitle\">\n<h2 class=\"content-head__subtitle\"><span style=\"font-size: 16px;\">Por Reda\u00e7\u00e3o, g1 RS<\/span><\/h2>\n<\/div>\n<\/div>\n<div class=\"mc-article-body\">\n<article>\n<div id=\"chunk-bm0eu\">\n<div class=\"mc-column content-text active-extra-styles \" data-block-type=\"unstyled\" data-block-weight=\"40\" data-block-id=\"3\">\n<p class=\"content-text__container \" data-track-category=\"Link no Texto\" data-track-links=\"\">Morreu na noite desta segunda-feira (13), aos 77 anos, o ex-ministro\u00a0<a class=\"\" href=\"http:\/\/g1.globo.com\/politica\/politico\/eliseu-padilha.html\">Eliseu Padilha<\/a>, informou sua assessoria. Ele fazia tratamento contra um c\u00e2ncer no est\u00f4mago no Hospital Moinhos de Vento, em Porto Alegre. Padilha deixa a mulher e seis filhos.<\/p>\n<\/div>\n<\/div>\n<div class=\"wall protected-content\">\n<div id=\"chunk-au8bq\">\n<div class=\"mc-column content-text active-extra-styles \" data-block-type=\"unstyled\" data-block-weight=\"40\" data-block-id=\"4\">\n<p class=\"content-text__container \" data-track-category=\"Link no Texto\" data-track-links=\"\">Segundo sua assessoria, o vel\u00f3rio ser\u00e1 realizado na quarta-feira (15), entre 10h e 17h, no Pal\u00e1cio Piratini, sede do governo estadual, na capital ga\u00facha. Depois, o corpo ser\u00e1 levado para o Angelus Memorial e Cremat\u00f3rio, para cerim\u00f4nia restrita aos familiares<\/p>\n<\/div>\n<\/div>\n<div id=\"chunk-3a2rr\">\n<div class=\"row medium-uncollapsed content-media content-photo\" data-block-type=\"backstage-photo\" data-block-id=\"5\">\n<div class=\"mc-column content-media__container\">\n<div class=\"content-media-container glb-skeleton-box\">\n<figure class=\"content-media-figure\"><img class=\"i-amphtml-fill-content i-amphtml-replaced-content\" src=\"https:\/\/s2.glbimg.com\/kgBWmuDBeJpusss8MGIFUWuHaUI=\/0x0:1075x719\/984x0\/smart\/filters:strip_icc()\/i.s3.glbimg.com\/v1\/AUTH_59edd422c0c84a879bd37670ae4f538a\/internal_photos\/bs\/2018\/X\/V\/JGZh1JRjS8zZACgyVxvw\/padilha.jpg\" sizes=\"(max-width: 1707px) 648px, 100vw\" srcset=\"https:\/\/s2.glbimg.com\/2YX8y2OqsHlYcw3QebmitKqoMR4=\/0x0:1075x719\/1000x0\/smart\/filters:strip_icc()\/i.s3.glbimg.com\/v1\/AUTH_59edd422c0c84a879bd37670ae4f538a\/internal_photos\/bs\/2018\/X\/V\/JGZh1JRjS8zZACgyVxvw\/padilha.jpg 1000w, https:\/\/s2.glbimg.com\/kgBWmuDBeJpusss8MGIFUWuHaUI=\/0x0:1075x719\/984x0\/smart\/filters:strip_icc()\/i.s3.glbimg.com\/v1\/AUTH_59edd422c0c84a879bd37670ae4f538a\/internal_photos\/bs\/2018\/X\/V\/JGZh1JRjS8zZACgyVxvw\/padilha.jpg 984w, https:\/\/s2.glbimg.com\/FXJB45SwPF81w-R9Vr6aYH6c6Xw=\/0x0:1075x719\/640x0\/smart\/filters:strip_icc()\/i.s3.glbimg.com\/v1\/AUTH_59edd422c0c84a879bd37670ae4f538a\/internal_photos\/bs\/2018\/X\/V\/JGZh1JRjS8zZACgyVxvw\/padilha.jpg 640w, https:\/\/s2.glbimg.com\/FTSAfoXoa6-x3XH6-4URkXhaYpQ=\/0x0:1075x719\/600x0\/smart\/filters:strip_icc()\/i.s3.glbimg.com\/v1\/AUTH_59edd422c0c84a879bd37670ae4f538a\/internal_photos\/bs\/2018\/X\/V\/JGZh1JRjS8zZACgyVxvw\/padilha.jpg 600w\" alt=\"Eliseu Padilha \u2014 Foto: Beto Barata\/PR\" \/><\/figure>\n<\/div>\n<p class=\"content-media__description \">Eliseu Padilha \u2014 Foto: Beto Barata\/PR<\/p>\n<\/div>\n<\/div>\n<\/div>\n<div class=\"mc-column content-text active-extra-styles\" data-block-type=\"raw\" data-block-weight=\"1\" data-block-id=\"7\">\n<div class=\"content-intertitle\">\n<h2><strong>Ex-ministro<\/strong><\/h2>\n<\/div>\n<\/div>\n<div id=\"chunk-9pgl9\">\n<div class=\"mc-column content-text active-extra-styles \" data-block-type=\"unstyled\" data-block-weight=\"69\" data-block-id=\"8\">\n<p class=\"content-text__container \" data-track-category=\"Link no Texto\" data-track-links=\"\">Filiado ao Movimento Democr\u00e1tico Brasileiro (<a class=\"\" href=\"https:\/\/g1.globo.com\/politica\/partido\/mdb\/\">MDB<\/a>) desde 1966, foi ministro em governos do\u00a0<a class=\"\" href=\"https:\/\/g1.globo.com\/politica\/partido\/psdb\/\">PSDB<\/a>\u00a0(assumiu a pasta dos Transportes entre 1997 e 2001, na gest\u00e3o FHC), do\u00a0<a class=\"\" href=\"https:\/\/g1.globo.com\/politica\/partido\/pt\/\">PT<\/a>\u00a0(secret\u00e1rio de Avia\u00e7\u00e3o Civil de Dilma Rousseff em 2015) e do MDB (foi ministro-chefe da Casa Civil entre 2016 e 2019 e ocupou interinamente o cargo de ministro do trabalho por cinco dias em 2018, ambos no governo de Michel Temer).<\/p>\n<\/div>\n<\/div>\n<div id=\"chunk-3op08\">\n<div class=\"mc-column content-text active-extra-styles \" data-block-type=\"unstyled\" data-block-weight=\"66\" data-block-id=\"9\">\n<p class=\"content-text__container \" data-track-category=\"Link no Texto\" data-track-links=\"\">Natural de\u00a0<a class=\"\" href=\"https:\/\/g1.globo.com\/rs\/rio-grande-do-sul\/cidade\/canela\/\">Canela<\/a>, na Serra do RS, advogado e empres\u00e1rio, Eliseu Padilha come\u00e7ou a carreira pol\u00edtica em sua cidade natal no movimento estudantil. Em 1967, passou a morar em\u00a0<a class=\"\" href=\"https:\/\/g1.globo.com\/rs\/rio-grande-do-sul\/cidade\/tramandai\/\">Tramanda\u00ed<\/a>, no Litoral Norte do estado, onde se elegeu prefeito em 1989. Obteve o primeiro mandato de deputado federal em 1995, a partir de quando come\u00e7a a ocupar cargos no Executivo e na dire\u00e7\u00e3o do PMDB nacional.<\/p>\n<\/div>\n<\/div>\n<div id=\"chunk-ccvqi\">\n<div class=\"mc-column content-text active-extra-styles \" data-block-type=\"unstyled\" data-block-weight=\"15\" data-block-id=\"10\">\n<p class=\"content-text__container \" data-track-category=\"Link no Texto\" data-track-links=\"\">Como deputado federal pelo RS, cumpriu quatro mandatos, entre os anos de 1995 e 2015.<\/p>\n<\/div>\n<\/div>\n<div id=\"chunk-b1bei\">\n<div class=\"mc-column content-text active-extra-styles \" data-block-type=\"unstyled\" data-block-weight=\"24\" data-block-id=\"11\">\n<p class=\"content-text__container \" data-track-category=\"Link no Texto\" data-track-links=\"\">Padilha foi ministro de estado quatro vezes, em tr\u00eas governos diferentes: entre 1997 e 2001, foi Ministro de Transportes de Fernando Henrique Cardoso.<\/p>\n<\/div>\n<\/div>\n<div id=\"chunk-dr35b\">\n<div class=\"mc-column content-text active-extra-styles \" data-block-type=\"unstyled\" data-block-weight=\"77\" data-block-id=\"12\">\n<p class=\"content-text__container \" data-track-category=\"Link no Texto\" data-track-links=\"\">Durante o governo de Dilma Rousseff, foi ministro-chefe da Secretaria de Avia\u00e7\u00e3o Civil, cargo que cumpriu entre janeiro e dezembro de 2015. Nomeado logo no primeiro dia do segundo mandato de Dilma, Padilha acabou acumulando fun\u00e7\u00f5es pol\u00edticas ao longo de 2015, em boa medida para ajudar Temer a aprovar medidas de ajuste fiscal encomendadas pela petista. Ele pediu demiss\u00e3o, no entato, logo depois que o ent\u00e3o presidente da C\u00e2mara, Eduardo Cunha (PMDB-RJ), acolheu o pedido de impeachment.<\/p>\n<\/div>\n<\/div>\n<div id=\"chunk-4uata\">\n<div class=\"content-ads content-ads--reveal\" data-block-type=\"ads\" data-block-id=\"13\">\n<div id=\"banner_materia__5cf36f6c-4b73-4a4c-b88a-fd7836d05751\" class=\"tag-manager-publicidade-container mc-has-reveal mc-has-ad-lazyload tag-manager-publicidade-banner_materia__5cf36f6c-4b73-4a4c-b88a-fd7836d05751 tag-manager-publicidade-container--carregado tag-manager-publicidade-container--visivel\" data-id=\"banner_materia__5cf36f6c-4b73-4a4c-b88a-fd7836d05751\" data-google-query-id=\"CJLf-oWk2_0CFVQN1Aod_9QGNg\">\n<div id=\"google_ads_iframe_\/95377733\/tvg_G1\/Sua_Regiao&gt;Sul&gt;Rio_Grande_do_Sul_4__container__\" style=\"box-sizing: inherit; margin: auto; padding: 0px; border: 0pt none; font: inherit; vertical-align: initial; max-width: 100%; text-align: center; width: 970px; height: 250px;\"><iframe loading=\"lazy\" id=\"google_ads_iframe_\/95377733\/tvg_G1\/Sua_Regiao&gt;Sul&gt;Rio_Grande_do_Sul_4\" style=\"box-sizing: inherit; margin: 0px; padding: 0px; border: 0px; font: inherit; vertical-align: bottom; width: 970px; height: 250px;\" tabindex=\"0\" title=\"3rd party ad content\" role=\"region\" src=\"https:\/\/b9fef7d305b834f1f6094ba1a6229da0.safeframe.googlesyndication.com\/safeframe\/1-0-40\/html\/container.html\" name=\"\" width=\"1\" height=\"1\" frameborder=\"0\" marginwidth=\"0\" marginheight=\"0\" scrolling=\"no\" sandbox=\"allow-forms allow-popups allow-popups-to-escape-sandbox allow-same-origin allow-scripts allow-top-navigation-by-user-activation\" data-is-safeframe=\"true\" aria-label=\"Advertisement\" data-google-container-id=\"6\" data-load-complete=\"true\" data-mce-fragment=\"1\"><\/iframe><\/div>\n<\/div>\n<\/div>\n<\/div>\n<div id=\"chunk-3m5ut\">\n<div class=\"mc-column content-text active-extra-styles \" data-block-type=\"unstyled\" data-block-weight=\"45\" data-block-id=\"14\">\n<p class=\"content-text__container \" data-track-category=\"Link no Texto\" data-track-links=\"\">Perto do fim do ano, Padilha sinalizou que deixaria o governo no momento em que aliados de Temer passaram a demonstrar constrangimento com a press\u00e3o do Planalto para que o vice se posicionasse contra o impeachment de Dilma. Na carta de demiss\u00e3o, alegou &#8220;raz\u00f5es pessoais&#8221;.<\/p>\n<\/div>\n<\/div>\n<div id=\"chunk-4ia1n\">\n<div class=\"mc-column content-text active-extra-styles \" data-block-type=\"unstyled\" data-block-weight=\"27\" data-block-id=\"15\">\n<p class=\"content-text__container \" data-track-category=\"Link no Texto\" data-track-links=\"\">Na entrevista em que explicou sua sa\u00edda, disse que o PMDB estava &#8220;dividido&#8221; sobre o impeachment, mas negou que seria um articulador da destitui\u00e7\u00e3o de Dilma.<\/p>\n<\/div>\n<\/div>\n<div id=\"chunk-9u89f\">\n<div class=\"mc-column content-text active-extra-styles \" data-block-type=\"unstyled\" data-block-weight=\"37\" data-block-id=\"16\">\n<p class=\"content-text__container \" data-track-category=\"Link no Texto\" data-track-links=\"\">J\u00e1 no governo de Michel Temer, foi Ministro-Chefe da Casa Civil entre 2016 e 2019 e ocupou interinamente o cargo de Ministro do Trabalho por cinco dias, entre 5 e 9 de julho de 2018.<\/p>\n<\/div>\n<\/div>\n<\/div>\n<\/article>\n<\/div>\n","protected":false},"excerpt":{"rendered":"<p>Por Reda\u00e7\u00e3o, g1 RS Morreu na noite desta segunda-feira (13), aos 77 anos, o ex-ministro\u00a0Eliseu Padilha, informou sua assessoria. Ele fazia tratamento contra um c\u00e2ncer no est\u00f4mago no Hospital Moinhos de Vento, em Porto Alegre. Padilha deixa a mulher e seis filhos. Segundo sua assessoria, o vel\u00f3rio ser\u00e1 realizado na quarta-feira (15), entre 10h e [&hellip;]<\/p>\n","protected":false},"author":2,"featured_media":0,"comment_status":"open","ping_status":"open","sticky":false,"template":"","format":"standard","meta":{"_links_to":"","_links_to_target":""},"categories":[1],"tags":[],"_links":{"self":[{"href":"https:\/\/www.ilheusnoticias.net.br\/v1\/wp-json\/wp\/v2\/posts\/31290"}],"collection":[{"href":"https:\/\/www.ilheusnoticias.net.br\/v1\/wp-json\/wp\/v2\/posts"}],"about":[{"href":"https:\/\/www.ilheusnoticias.net.br\/v1\/wp-json\/wp\/v2\/types\/post"}],"author":[{"embeddable":true,"href":"https:\/\/www.ilheusnoticias.net.br\/v1\/wp-json\/wp\/v2\/users\/2"}],"replies":[{"embeddable":true,"href":"https:\/\/www.ilheusnoticias.net.br\/v1\/wp-json\/wp\/v2\/comments?post=31290"}],"version-history":[{"count":1,"href":"https:\/\/www.ilheusnoticias.net.br\/v1\/wp-json\/wp\/v2\/posts\/31290\/revisions"}],"predecessor-version":[{"id":31291,"href":"https:\/\/www.ilheusnoticias.net.br\/v1\/wp-json\/wp\/v2\/posts\/31290\/revisions\/31291"}],"wp:attachment":[{"href":"https:\/\/www.ilheusnoticias.net.br\/v1\/wp-json\/wp\/v2\/media?parent=31290"}],"wp:term":[{"taxonomy":"category","embeddable":true,"href":"https:\/\/www.ilheusnoticias.net.br\/v1\/wp-json\/wp\/v2\/categories?post=31290"},{"taxonomy":"post_tag","embeddable":true,"href":"https:\/\/www.ilheusnoticias.net.br\/v1\/wp-json\/wp\/v2\/tags?post=31290"}],"curies":[{"name":"wp","href":"https:\/\/api.w.org\/{rel}","templated":true}]}}