{"id":31288,"date":"2023-03-14T08:08:00","date_gmt":"2023-03-14T11:08:00","guid":{"rendered":"https:\/\/www.ilheusnoticias.net.br\/v1\/?p=31288"},"modified":"2023-03-14T08:08:00","modified_gmt":"2023-03-14T11:08:00","slug":"mario-alexandre-e-homenageado-pelo-tribunal-de-justica-da-bahia-com-a-medalha-adolfo-leitao-guerra","status":"publish","type":"post","link":"https:\/\/www.ilheusnoticias.net.br\/v1\/2023\/03\/14\/mario-alexandre-e-homenageado-pelo-tribunal-de-justica-da-bahia-com-a-medalha-adolfo-leitao-guerra\/","title":{"rendered":"M\u00e1rio Alexandre \u00e9 homenageado pelo Tribunal de Justi\u00e7a da Bahia com a Medalha Adolfo Leit\u00e3o Guerra"},"content":{"rendered":"<div class=\"imagem thumbnail col-xs-12 col-sm-8 col-md-6 col-lg-6 imagem-materia\"><a class=\"fresco\" title=\"\" href=\"https:\/\/portalfacilarquivos.blob.core.windows.net\/uploads\/ILHEUS\/imgOrig\/%7BCDEADCBC-E4DA-6D00-EC5B-55377A6DB65A%7D.jpg\" data-fresco-caption=\"\"><img loading=\"lazy\" title=\"\" src=\"https:\/\/portalfacilarquivos.blob.core.windows.net\/uploads\/ILHEUS\/img\/%7BCDEADCBC-E4DA-6D00-EC5B-55377A6DB65A%7D\/%7BCDEADCBC-E4DA-6D00-EC5B-55377A6DB65A%7D_650X450.jpg\" alt=\"condecora\u00e7\u00e3o; Medalha Adolfo Leit\u00e3o Guerra; TJBA\" width=\"650\" height=\"450\" \/><\/a><\/p>\n<p class=\"bg-primary\">O corregedor-geral de Justi\u00e7a do Estado da Bahia, desembargador Edivaldo Rocha Rotondano, entregou na \u00faltima segunda-feira (13), condecora\u00e7\u00f5es a diversas personalidades que prestam relevante servi\u00e7o p\u00fablico e contribuem, diariamente, para o aperfei\u00e7oamento da presta\u00e7\u00e3o jurisdicional c\u00e9lere e eficaz. A solenidade foi realizada na sede do Tribunal de Justi\u00e7a do Estado da Bahia (TJBA), em Salvador.<\/p>\n<\/div>\n<p>Condecorado com a Medalha Desembargador Adolfo Leit\u00e3o Guerra, o prefeito M\u00e1rio Alexandre falou sobre a satisfa\u00e7\u00e3o em receber a homenagem, que ratifica seu compromisso em prol do desenvolvimento social e da qualidade de vida da popula\u00e7\u00e3o ilheense.<\/p>\n<p>\u201cMais uma vit\u00f3ria para o meu povo. O reconhecimento do Tribunal de Justi\u00e7a pelo trabalho realizado na cidade, com a entrega da Medalha\u00a0Adolfo Leit\u00e3o Guerra \u00e9 fruto de di\u00e1logo e de parcerias que garantem, entre outras coisas, a regulariza\u00e7\u00e3o fundi\u00e1ria e aux\u00edlio a outros poderes. Agrade\u00e7o ao desembargador Rotondano pela homenagem. Vamos continuar lutando para assegurar mais benef\u00edcios, porque nada resiste ao trabalho\u201d.<\/p>\n<div class=\"imagem thumbnail col-xs-12 col-sm-8 col-md-6 col-lg-6 imagem-materia\"><a class=\"fresco\" title=\"\" href=\"https:\/\/portalfacilarquivos.blob.core.windows.net\/uploads\/ILHEUS\/imgOrig\/%7B73CC2ABC-BB43-ADB7-AC05-D4C1EEC1CBEC%7D.jpg\" data-fresco-caption=\"\"><img loading=\"lazy\" title=\"\" src=\"https:\/\/portalfacilarquivos.blob.core.windows.net\/uploads\/ILHEUS\/img\/%7B73CC2ABC-BB43-ADB7-AC05-D4C1EEC1CBEC%7D\/%7B73CC2ABC-BB43-ADB7-AC05-D4C1EEC1CBEC%7D_650X450.jpg\" alt=\"condecora\u00e7\u00e3o; Medalha Adolfo Leit\u00e3o Guerra; TJBA\" width=\"650\" height=\"450\" \/><\/a><\/p>\n<p class=\"bg-primary\">O chefe do Executivo ilheense recebeu a honraria acompanhado da deputada estadual, Soane Galv\u00e3o, e do vice-prefeito Bebeto. \u201cUma honra poder participar desse momento t\u00e3o especial. Agrade\u00e7o a homenagem feita pelo desembargador Rotondano, que entende a import\u00e2ncia dos servi\u00e7os prestados \u00e0 popula\u00e7\u00e3o de Ilh\u00e9us, que refletem em \u00e2mbito estadual o esfor\u00e7o e a dedica\u00e7\u00e3o constante do prefeito M\u00e1rio Alexandre\u201d, destacou a parlamentar.<\/p>\n<\/div>\n<p>Na ocasi\u00e3o, tamb\u00e9m foram condecorados ex-corregedores da Bahia; chefes do Poder Executivo que promoveram a regulariza\u00e7\u00e3o fundi\u00e1ria em seus munic\u00edpios e contribu\u00edram para o funcionamento do N\u00facleo de Regulariza\u00e7\u00e3o Fundi\u00e1ria (Nuref); ju\u00edzes respons\u00e1veis pelas unidades Judici\u00e1rias com os maiores \u00edndices de atingimento da Meta 2 do Conselho Nacional de Justi\u00e7a (CNJ); assim como servidores e delegat\u00e1rios que prestaram relevante servi\u00e7o p\u00fablico.<\/p>\n<p><strong>Sobre a condecora\u00e7\u00e3o<\/strong>\u00a0&#8211; Institu\u00edda pelo Provimento n\u00ba CGJ \u2013 09\/2022-GSEC, a medalha \u00e9 uma homenagem ao Desembargador Adolfo Leit\u00e3o Guerra, que foi Presidente do TJBA de 1980 a 1982. A escolha do nome do jurista \u00e9 motivada por seu not\u00f3rio desempenho para o fortalecimento, aperfei\u00e7oamento e celeridade da presta\u00e7\u00e3o jurisdicional e \u00e0 causa da Justi\u00e7a.<\/p>\n","protected":false},"excerpt":{"rendered":"<p>O corregedor-geral de Justi\u00e7a do Estado da Bahia, desembargador Edivaldo Rocha Rotondano, entregou na \u00faltima segunda-feira (13), condecora\u00e7\u00f5es a diversas personalidades que prestam relevante servi\u00e7o p\u00fablico e contribuem, diariamente, para o aperfei\u00e7oamento da presta\u00e7\u00e3o jurisdicional c\u00e9lere e eficaz. A solenidade foi realizada na sede do Tribunal de Justi\u00e7a do Estado da Bahia (TJBA), em Salvador. [&hellip;]<\/p>\n","protected":false},"author":2,"featured_media":0,"comment_status":"open","ping_status":"open","sticky":false,"template":"","format":"standard","meta":{"_links_to":"","_links_to_target":""},"categories":[1],"tags":[],"_links":{"self":[{"href":"https:\/\/www.ilheusnoticias.net.br\/v1\/wp-json\/wp\/v2\/posts\/31288"}],"collection":[{"href":"https:\/\/www.ilheusnoticias.net.br\/v1\/wp-json\/wp\/v2\/posts"}],"about":[{"href":"https:\/\/www.ilheusnoticias.net.br\/v1\/wp-json\/wp\/v2\/types\/post"}],"author":[{"embeddable":true,"href":"https:\/\/www.ilheusnoticias.net.br\/v1\/wp-json\/wp\/v2\/users\/2"}],"replies":[{"embeddable":true,"href":"https:\/\/www.ilheusnoticias.net.br\/v1\/wp-json\/wp\/v2\/comments?post=31288"}],"version-history":[{"count":1,"href":"https:\/\/www.ilheusnoticias.net.br\/v1\/wp-json\/wp\/v2\/posts\/31288\/revisions"}],"predecessor-version":[{"id":31289,"href":"https:\/\/www.ilheusnoticias.net.br\/v1\/wp-json\/wp\/v2\/posts\/31288\/revisions\/31289"}],"wp:attachment":[{"href":"https:\/\/www.ilheusnoticias.net.br\/v1\/wp-json\/wp\/v2\/media?parent=31288"}],"wp:term":[{"taxonomy":"category","embeddable":true,"href":"https:\/\/www.ilheusnoticias.net.br\/v1\/wp-json\/wp\/v2\/categories?post=31288"},{"taxonomy":"post_tag","embeddable":true,"href":"https:\/\/www.ilheusnoticias.net.br\/v1\/wp-json\/wp\/v2\/tags?post=31288"}],"curies":[{"name":"wp","href":"https:\/\/api.w.org\/{rel}","templated":true}]}}