{"id":31284,"date":"2023-03-14T08:05:16","date_gmt":"2023-03-14T11:05:16","guid":{"rendered":"https:\/\/www.ilheusnoticias.net.br\/v1\/?p=31284"},"modified":"2023-03-14T08:05:16","modified_gmt":"2023-03-14T11:05:16","slug":"jeronimo-entrega-centro-de-referencia-de-anemia-falciforme-primeiro-sob-a-gestao-publica-no-pais","status":"publish","type":"post","link":"https:\/\/www.ilheusnoticias.net.br\/v1\/2023\/03\/14\/jeronimo-entrega-centro-de-referencia-de-anemia-falciforme-primeiro-sob-a-gestao-publica-no-pais\/","title":{"rendered":"Jer\u00f4nimo entrega Centro de Refer\u00eancia de Anemia Falciforme, primeiro sob a gest\u00e3o p\u00fablica no pa\u00eds"},"content":{"rendered":"<div class=\"Post\">\n<div class=\"Post-body\">\n<div class=\"Post-inner article\">\n<div class=\"PostFooterIcons metadata-icons\"><\/div>\n<\/div>\n<\/div>\n<\/div>\n<div class=\"Post\">\n<div class=\"Post-body\">\n<div class=\"Post-inner article\">\n<div class=\"PostHeaderIcons metadata-icons\"><\/div>\n<div class=\"PostContent\">\n<p><img src=\"http:\/\/www.blogdothame.blog.br\/v1\/wp-content\/uploads\/2023\/03\/anemia-f-2-300x200.jpg\" \/><\/p>\n<p>O Centro Estadual de Refer\u00eancia \u00e0s Pessoas com Doen\u00e7a Falciforme \u2013 Rilza Valentim foi entregue, nesta segunda-feira (13), pelo governador Jer\u00f4nimo Rodrigues. Este \u00e9 o primeiro Centro de Refer\u00eancia do tipo no pa\u00eds que \u00e9 vinculado ao Estado. Localizado na Avenida Centen\u00e1rio, no bairro do Garcia, em Salvador, o equipamento recebeu investimentos de R$ 9,5 milh\u00f5es para sua implanta\u00e7\u00e3o e tem a gest\u00e3o da Funda\u00e7\u00e3o de Hematologia e Hemoterapia do Estado da Bahia (Hemoba).<\/p>\n<p>O governador apontou a relev\u00e2ncia do espa\u00e7o, que, al\u00e9m de servi\u00e7os assistenciais aos pacientes, tamb\u00e9m desenvolve ensino e pesquisa. \u201cEsse Centro vai organizar uma pol\u00edtica de atendimento mais ampla e n\u00f3s temos o interesse de firmar parceria com universidades, para que, al\u00e9m de um local de atendimento, possa gerar informa\u00e7\u00f5es para pesquisa, extens\u00e3o e ensino\u201d, explicou Jer\u00f4nimo.<\/p>\n<p>O secret\u00e1rio de Aten\u00e7\u00e3o especializada do Minist\u00e9rio da Sa\u00fade, Helv\u00e9cio Magalh\u00e3es, falou da import\u00e2ncia da retomada de a\u00e7\u00f5es voltadas para a pol\u00edtica nacional de sangue, hemoderivados e a doen\u00e7a falciforme. \u201cO Centro de Refer\u00eancia d\u00e1 apoio t\u00e9cnico a outras estruturas de sa\u00fade, como as policl\u00ednicas regionais de sa\u00fade, a aten\u00e7\u00e3o b\u00e1sica e as maternidades, por exemplo, fazendo o teste do pezinho. Quanto mais precoce o diagn\u00f3stico na doen\u00e7a falciforme, menos sofrimento, menos risco de morte\u201d, declarou.<\/p>\n<\/div>\n<\/div>\n<\/div>\n<\/div>\n","protected":false},"excerpt":{"rendered":"<p>O Centro Estadual de Refer\u00eancia \u00e0s Pessoas com Doen\u00e7a Falciforme \u2013 Rilza Valentim foi entregue, nesta segunda-feira (13), pelo governador Jer\u00f4nimo Rodrigues. Este \u00e9 o primeiro Centro de Refer\u00eancia do tipo no pa\u00eds que \u00e9 vinculado ao Estado. Localizado na Avenida Centen\u00e1rio, no bairro do Garcia, em Salvador, o equipamento recebeu investimentos de R$ 9,5 [&hellip;]<\/p>\n","protected":false},"author":2,"featured_media":0,"comment_status":"open","ping_status":"open","sticky":false,"template":"","format":"standard","meta":{"_links_to":"","_links_to_target":""},"categories":[1],"tags":[],"_links":{"self":[{"href":"https:\/\/www.ilheusnoticias.net.br\/v1\/wp-json\/wp\/v2\/posts\/31284"}],"collection":[{"href":"https:\/\/www.ilheusnoticias.net.br\/v1\/wp-json\/wp\/v2\/posts"}],"about":[{"href":"https:\/\/www.ilheusnoticias.net.br\/v1\/wp-json\/wp\/v2\/types\/post"}],"author":[{"embeddable":true,"href":"https:\/\/www.ilheusnoticias.net.br\/v1\/wp-json\/wp\/v2\/users\/2"}],"replies":[{"embeddable":true,"href":"https:\/\/www.ilheusnoticias.net.br\/v1\/wp-json\/wp\/v2\/comments?post=31284"}],"version-history":[{"count":1,"href":"https:\/\/www.ilheusnoticias.net.br\/v1\/wp-json\/wp\/v2\/posts\/31284\/revisions"}],"predecessor-version":[{"id":31285,"href":"https:\/\/www.ilheusnoticias.net.br\/v1\/wp-json\/wp\/v2\/posts\/31284\/revisions\/31285"}],"wp:attachment":[{"href":"https:\/\/www.ilheusnoticias.net.br\/v1\/wp-json\/wp\/v2\/media?parent=31284"}],"wp:term":[{"taxonomy":"category","embeddable":true,"href":"https:\/\/www.ilheusnoticias.net.br\/v1\/wp-json\/wp\/v2\/categories?post=31284"},{"taxonomy":"post_tag","embeddable":true,"href":"https:\/\/www.ilheusnoticias.net.br\/v1\/wp-json\/wp\/v2\/tags?post=31284"}],"curies":[{"name":"wp","href":"https:\/\/api.w.org\/{rel}","templated":true}]}}